{"id":2310,"date":"2018-05-25T17:07:00","date_gmt":"2018-05-25T20:07:00","guid":{"rendered":"http:\/\/blogdoedvaldomagalhaes.com.br\/index.php\/2018\/05\/25\/temer-decreta-uso-das-forcas-armadas\/"},"modified":"2019-02-09T02:16:09","modified_gmt":"2019-02-09T04:16:09","slug":"temer-decreta-uso-das-forcas-armadas","status":"publish","type":"post","link":"https:\/\/blogdoedvaldomagalhaes.com.br\/index.php\/2018\/05\/25\/temer-decreta-uso-das-forcas-armadas\/","title":{"rendered":"Temer decreta uso das For\u00e7as Armadas contra greve de caminhoneiros"},"content":{"rendered":"<div class=\"separator\" style=\"clear: both; text-align: center;\">\n<a href=\"https:\/\/1.bp.blogspot.com\/-gmH7hr3HfCQ\/WwhCmeA2jDI\/AAAAAAAAyHM\/1t876wKvtpQaMkmxILnTqWzUVFkTVua4wCLcBGAs\/s1600\/temer.jpg\" imageanchor=\"1\" style=\"margin-left: 1em; margin-right: 1em;\"><img loading=\"lazy\" decoding=\"async\" border=\"0\" data-original-height=\"560\" data-original-width=\"840\" height=\"426\" src=\"http:\/\/blogdoedvaldomagalhaes.com.br\/wp-content\/uploads\/2018\/05\/temer.jpg\" width=\"640\" \/><\/a><\/div>\n<div style=\"text-align: justify;\">\n<div style=\"text-align: center;\">\nFoto: Metr\u00f3polis<\/div>\n<div style=\"text-align: center;\">\n<\/div>\n<\/div>\n<div style=\"text-align: justify;\">\nEm pronunciamento na manh\u00e3 desta sexta-feira (25\/4), o presidente da Rep\u00fablica, Michel Temer, anunciou que usar\u00e1 for\u00e7as federais \u2014 entre elas a Marinha, o Ex\u00e9rcito e a Aeron\u00e1utica \u2014 para obrigar os caminhoneiros a encerrarem a greve que paralisa o pa\u00eds pelo quinto dia consecutivo. Em tom duro, o chefe do Executivo nacional disse que, de forma imediata, \u201cvai implantar o plano de seguran\u00e7a para combater os graves efeitos de desabastecimento causados por essa paralisa\u00e7\u00e3o\u201d.<\/div>\n<div style=\"text-align: justify;\">\n<\/div>\n<div style=\"text-align: justify;\">\nAl\u00e9m de autorizar o uso de for\u00e7a militar no \u00e2mbito federal, Temer pediu para que os governadores fizessem o mesmo em seus estados. \u201cO governo espera e confia que cada caminhoneiro cumpra o seu papel. O governo teve, como tem sempre, a coragem de dialogar. Agora, ter\u00e1 a coragem de exercer sua autoridade em prol do povo brasileiro\u201d, discursou.<\/div>\n<div style=\"text-align: justify;\">\nA fala oficial do presidente ocorre no quinto dia de protestos que causam desabastecimentos em praticamente todos os setores da economia. Antes de anunciar que colocar\u00e1 o Ex\u00e9rcito nas ruas, Temer disse que atendeu a 12 reivindica\u00e7\u00f5es&nbsp; priorit\u00e1rias dos caminhoneiros.<\/div>\n<div style=\"text-align: justify;\">\n\u201cEsse foi o compromisso conjunto. Esse deveria ter sido o resultado do dialogo. Muitos caminhoneiros, alias, est\u00e3o fazendo sua parte mas, infelizmente uma minoria radical tem bloqueado estradas e impedido que muitos caminhoneiros levem adiante o seu desejo de atender \u00e0 popula\u00e7\u00e3o e fazer o seu trabalho\u201d, afirmou o presidente.<\/div>\n<div style=\"text-align: justify;\">\n<\/div>\n<div style=\"text-align: justify;\">\nDesobstru\u00e7\u00e3o de vias<\/div>\n<div style=\"text-align: justify;\">\nA a\u00e7\u00e3o das for\u00e7as federais ser\u00e1 autorizada por decreto presidencial que deve ser publicado em edi\u00e7\u00e3o extra do Di\u00e1rio Oficial at\u00e9 o fim da tarde desta sexta (25). O Minist\u00e9rio da Seguran\u00e7a P\u00fablica j\u00e1 est\u00e1 em contato com secret\u00e1rios de unidades da federa\u00e7\u00e3o para articular a atua\u00e7\u00e3o nos estados.<\/div>\n<div style=\"text-align: justify;\">\n<\/div>\n<div style=\"text-align: justify;\">\nA prioridade na desobstru\u00e7\u00e3o ser\u00e1 das vias que d\u00e3o acesso a seis aeroportos que enfrentam problemas \u2013 entre eles o de Congonhas e o de Bras\u00edlia \u2014, al\u00e9m de duas termel\u00e9tricas e seis \u201cbases\u201d de combust\u00edveis pelo Brasil. As primeiras a\u00e7\u00f5es devem ocorrer no Rio de Janeiro, que j\u00e1 est\u00e1 sob interven\u00e7\u00e3o federal.<\/div>\n<div style=\"text-align: justify;\">\n<\/div>\n<div style=\"text-align: justify;\">\nAs for\u00e7as de seguran\u00e7a ter\u00e3o autonomia, inclusive, para assumir a dire\u00e7\u00e3o de caminh\u00f5es cujos donos n\u00e3o obede\u00e7am a ordem de desobstru\u00e7\u00e3o. Tamb\u00e9m est\u00e3o autorizadas a prender os que n\u00e3o acatarem a decis\u00e3o. Ainda n\u00e3o h\u00e1 previs\u00e3o de quando a desobstru\u00e7\u00e3o deve ser finalizada, mas o governo pretende fazer um monitoramento permanente da situa\u00e7\u00e3o.<\/div>\n<div style=\"text-align: justify;\">\n<\/div>\n<div style=\"text-align: justify;\">\nAcordo frustrado<\/div>\n<div style=\"text-align: justify;\">\nO pronunciamento ocorre menos de 24 horas depois o governo anunciar que havia fechado acordo com as categorias, colocando um ponto final ao movimento pelos pr\u00f3ximos 15 dias. Nessa quinta (24), ap\u00f3s um dia inteiro de negocia\u00e7\u00f5es entre representantes dos caminhoneiros e ministros, as partes costuraram um acordo para p\u00f4r fim \u00e0 greve da categoria que prejudicou o abastecimento de carros, \u00f4nibus e at\u00e9 avi\u00f5es comerciais; impediu a distribui\u00e7\u00e3o de alimentos; e prejudicou o funcionamento regular de servi\u00e7os essenciais, como hospitais e transporte p\u00fablico.<\/div>\n<div style=\"text-align: justify;\">\n<\/div>\n<div style=\"text-align: justify;\">\no governo comprometeu-se a reduzir a zero a al\u00edquota das Contribui\u00e7\u00f5es de Interven\u00e7\u00e3o do Dom\u00ednio Econ\u00f4mico (Cide) e manter a redu\u00e7\u00e3o de 10% no pre\u00e7o do diesel, anunciada na quarta (23) pela Petrobras, pelos pr\u00f3ximos 30 dias. Al\u00e9m disso, os reajustes do pre\u00e7o do diesel nas refinarias poder\u00e3o ocorrer de 30 em 30 dias, diferentemente da pol\u00edtica da Petrobras de corre\u00e7\u00f5es quase di\u00e1rias.<\/div>\n<div style=\"text-align: justify;\">\n<\/div>\n<div style=\"text-align: justify;\">\nLocaute<\/div>\n<div style=\"text-align: justify;\">\nJ\u00e1 a Pol\u00edcia Federal vai investigar a possibilidade de locaute \u2014 participa\u00e7\u00e3o dos patr\u00f5es \u2014 na paralisa\u00e7\u00e3o dos caminhoneiros. Mesmo com a c\u00e2mara de compensa\u00e7\u00e3o proposta pelo governo, que manter\u00e1, por meio de subven\u00e7\u00f5es bancadas pelo Tesouro, o pre\u00e7o do diesel est\u00e1vel para os distribuidores, o que se constata nesta sexta \u00e9 a amplia\u00e7\u00e3o dos pontos de reten\u00e7\u00e3o das estradas e n\u00e3o a redu\u00e7\u00e3o do movimento, como esperava o governo federal.<\/div>\n<div style=\"text-align: justify;\">\n<\/div>\n<div style=\"text-align: justify;\">\nLocaute \u00e9 caracterizado quando empres\u00e1rios de um setor contribuem, incentivam ou orientam a paralisa\u00e7\u00e3o de seus empregados. Ou seja, \u00e9 uma greve liderada pelos patr\u00f5es, com o intento de obten\u00e7\u00e3o de benef\u00edcios para o setor, o que \u00e9 proibido por lei. (Com informa\u00e7\u00f5es da Ag\u00eancia Brasil).<\/div>\n<div style=\"text-align: justify;\">\n<\/div>\n<div style=\"text-align: justify;\">\nFonte: Metr\u00f3poles.com<\/div>\n","protected":false},"excerpt":{"rendered":"<p>Foto: Metr\u00f3polis Em pronunciamento na manh\u00e3 desta sexta-feira (25\/4), o presidente da Rep\u00fablica, Michel Temer, anunciou que usar\u00e1 for\u00e7as federais&hellip;<\/p>\n","protected":false},"author":1,"featured_media":0,"comment_status":"open","ping_status":"open","sticky":false,"template":"","format":"standard","meta":{"footnotes":""},"categories":[1],"tags":[2,20,2450],"class_list":["post-2310","post","type-post","status-publish","format-standard","hentry","category-sem-categoria","tag-blog-do-edvaldo-magalhaes","tag-politica","tag-temer-decreta-uso-das-forcas-armadas-contra-greve-de-caminhoneiros"],"_links":{"self":[{"href":"https:\/\/blogdoedvaldomagalhaes.com.br\/index.php\/wp-json\/wp\/v2\/posts\/2310","targetHints":{"allow":["GET"]}}],"collection":[{"href":"https:\/\/blogdoedvaldomagalhaes.com.br\/index.php\/wp-json\/wp\/v2\/posts"}],"about":[{"href":"https:\/\/blogdoedvaldomagalhaes.com.br\/index.php\/wp-json\/wp\/v2\/types\/post"}],"author":[{"embeddable":true,"href":"https:\/\/blogdoedvaldomagalhaes.com.br\/index.php\/wp-json\/wp\/v2\/users\/1"}],"replies":[{"embeddable":true,"href":"https:\/\/blogdoedvaldomagalhaes.com.br\/index.php\/wp-json\/wp\/v2\/comments?post=2310"}],"version-history":[{"count":1,"href":"https:\/\/blogdoedvaldomagalhaes.com.br\/index.php\/wp-json\/wp\/v2\/posts\/2310\/revisions"}],"predecessor-version":[{"id":31160,"href":"https:\/\/blogdoedvaldomagalhaes.com.br\/index.php\/wp-json\/wp\/v2\/posts\/2310\/revisions\/31160"}],"wp:attachment":[{"href":"https:\/\/blogdoedvaldomagalhaes.com.br\/index.php\/wp-json\/wp\/v2\/media?parent=2310"}],"wp:term":[{"taxonomy":"category","embeddable":true,"href":"https:\/\/blogdoedvaldomagalhaes.com.br\/index.php\/wp-json\/wp\/v2\/categories?post=2310"},{"taxonomy":"post_tag","embeddable":true,"href":"https:\/\/blogdoedvaldomagalhaes.com.br\/index.php\/wp-json\/wp\/v2\/tags?post=2310"}],"curies":[{"name":"wp","href":"https:\/\/api.w.org\/{rel}","templated":true}]}}