{"id":231,"date":"2019-01-13T12:27:00","date_gmt":"2019-01-13T14:27:00","guid":{"rendered":"http:\/\/blogdoedvaldomagalhaes.com.br\/index.php\/2019\/01\/13\/jovem-e-golpeado-com-cerca-de-10\/"},"modified":"2019-02-09T02:49:13","modified_gmt":"2019-02-09T04:49:13","slug":"jovem-e-golpeado-com-cerca-de-10","status":"publish","type":"post","link":"https:\/\/blogdoedvaldomagalhaes.com.br\/index.php\/2019\/01\/13\/jovem-e-golpeado-com-cerca-de-10\/","title":{"rendered":"Jovem \u00e9 golpeado com cerca de 10 facadas em Caruaru e est\u00e1 no HRA"},"content":{"rendered":"<div class=\"separator\" style=\"clear: both; text-align: center;\">\n<a href=\"https:\/\/2.bp.blogspot.com\/-6AGlB0fOFuI\/XDsszvOBazI\/AAAAAAABBAk\/WbbYZ5gotdoaDDroUzJmXInsLdumJmpDQCLcBGAs\/s1600\/tentiva.jpg\" imageanchor=\"1\" style=\"margin-left: 1em; margin-right: 1em;\"><img loading=\"lazy\" decoding=\"async\" border=\"0\" data-original-height=\"310\" data-original-width=\"465\" height=\"426\" src=\"http:\/\/blogdoedvaldomagalhaes.com.br\/wp-content\/uploads\/2019\/01\/tentiva.jpg\" width=\"640\" \/><\/a><\/div>\n<p><\/p>\n<div style=\"text-align: justify;\">\nO fato aconteceu na noite desse s\u00e1bado (12), na rua Jos\u00e9 Vieira de Assis, no bairro Jo\u00e3o Mota, em Caruaru. A v\u00edtima foi Valmir Pereira de Amorim, de 24 anos de idade, que foi golpeado com cerca de 10 facadas, estando no Hospital Regional do Agreste (HRA), mas n\u00e3o corre risco de morte.<\/p>\n<\/div>\n<div style=\"text-align: justify;\">\n<div class=\"separator\" style=\"clear: both; text-align: center;\">\n<a href=\"https:\/\/4.bp.blogspot.com\/-s3FT84h2inw\/XDsv1KbJnKI\/AAAAAAABBAs\/axUW5E9qcYEFm5G4QNOfsQOF0TPtQhNpACLcBGAs\/s1600\/homem.jpg\" imageanchor=\"1\" style=\"margin-left: 1em; margin-right: 1em;\"><img loading=\"lazy\" decoding=\"async\" border=\"0\" data-original-height=\"762\" data-original-width=\"428\" height=\"640\" src=\"http:\/\/blogdoedvaldomagalhaes.com.br\/wp-content\/uploads\/2019\/01\/homem.jpg\" width=\"358\" \/><\/a><\/div>\n<p><\/div>\n","protected":false},"excerpt":{"rendered":"<p>O fato aconteceu na noite desse s\u00e1bado (12), na rua Jos\u00e9 Vieira de Assis, no bairro Jo\u00e3o Mota, em Caruaru.&hellip;<\/p>\n","protected":false},"author":1,"featured_media":0,"comment_status":"open","ping_status":"open","sticky":false,"template":"","format":"standard","meta":{"footnotes":""},"categories":[1],"tags":[2,243,13],"class_list":["post-231","post","type-post","status-publish","format-standard","hentry","category-sem-categoria","tag-blog-do-edvaldo-magalhaes","tag-jovem-e-golpeado-com-cerca-de-10-facadas-em-caruaru-e-esta-no-hra","tag-policial"],"_links":{"self":[{"href":"https:\/\/blogdoedvaldomagalhaes.com.br\/index.php\/wp-json\/wp\/v2\/posts\/231","targetHints":{"allow":["GET"]}}],"collection":[{"href":"https:\/\/blogdoedvaldomagalhaes.com.br\/index.php\/wp-json\/wp\/v2\/posts"}],"about":[{"href":"https:\/\/blogdoedvaldomagalhaes.com.br\/index.php\/wp-json\/wp\/v2\/types\/post"}],"author":[{"embeddable":true,"href":"https:\/\/blogdoedvaldomagalhaes.com.br\/index.php\/wp-json\/wp\/v2\/users\/1"}],"replies":[{"embeddable":true,"href":"https:\/\/blogdoedvaldomagalhaes.com.br\/index.php\/wp-json\/wp\/v2\/comments?post=231"}],"version-history":[{"count":1,"href":"https:\/\/blogdoedvaldomagalhaes.com.br\/index.php\/wp-json\/wp\/v2\/posts\/231\/revisions"}],"predecessor-version":[{"id":37431,"href":"https:\/\/blogdoedvaldomagalhaes.com.br\/index.php\/wp-json\/wp\/v2\/posts\/231\/revisions\/37431"}],"wp:attachment":[{"href":"https:\/\/blogdoedvaldomagalhaes.com.br\/index.php\/wp-json\/wp\/v2\/media?parent=231"}],"wp:term":[{"taxonomy":"category","embeddable":true,"href":"https:\/\/blogdoedvaldomagalhaes.com.br\/index.php\/wp-json\/wp\/v2\/categories?post=231"},{"taxonomy":"post_tag","embeddable":true,"href":"https:\/\/blogdoedvaldomagalhaes.com.br\/index.php\/wp-json\/wp\/v2\/tags?post=231"}],"curies":[{"name":"wp","href":"https:\/\/api.w.org\/{rel}","templated":true}]}}