{"id":2308,"date":"2018-05-25T20:41:00","date_gmt":"2018-05-25T23:41:00","guid":{"rendered":"http:\/\/blogdoedvaldomagalhaes.com.br\/index.php\/2018\/05\/25\/governador-paulo-camara-decreta-estado\/"},"modified":"2019-02-09T02:16:10","modified_gmt":"2019-02-09T04:16:10","slug":"governador-paulo-camara-decreta-estado","status":"publish","type":"post","link":"https:\/\/blogdoedvaldomagalhaes.com.br\/index.php\/2018\/05\/25\/governador-paulo-camara-decreta-estado\/","title":{"rendered":"Governador Paulo C\u00e2mara decreta estado de emerg\u00eancia em Pernambuco"},"content":{"rendered":"<div class=\"separator\" style=\"clear: both; text-align: center;\">\n<a href=\"https:\/\/4.bp.blogspot.com\/--l_il70_ao8\/Wwh0vV1VNaI\/AAAAAAAAyHk\/r2AJGfsNLOE7PnCsFsdlMFuE1ImIeJeKACLcBGAs\/s1600\/anderdson.jpg\" imageanchor=\"1\" style=\"margin-left: 1em; margin-right: 1em;\"><img loading=\"lazy\" decoding=\"async\" border=\"0\" data-original-height=\"365\" data-original-width=\"475\" height=\"490\" src=\"http:\/\/blogdoedvaldomagalhaes.com.br\/wp-content\/uploads\/2018\/05\/anderdson.jpg\" width=\"640\" \/><\/a><\/div>\n<div class=\"separator\" style=\"clear: both; text-align: center;\">\nFoto: Anderson Stevens\/Folha de Pernambuco<\/div>\n<div style=\"background-color: white; box-sizing: border-box; line-height: 24px; margin-bottom: 10px; text-align: justify;\">\n<\/div>\n<div style=\"background-color: white; box-sizing: border-box; line-height: 24px; margin-bottom: 10px; text-align: justify;\">\nO&nbsp;<strong style=\"box-sizing: border-box;\">governador de Pernambuco, Paulo C\u00e2mara<\/strong>, decretou estado de emerg\u00eancia na tarde desta sexta-feira (25). De acordo com o&nbsp;<strong style=\"box-sizing: border-box;\">chefe do executivo<\/strong>, o Governo est\u00e1 tomando medidas que garantam os&nbsp;<strong style=\"box-sizing: border-box;\">servi\u00e7os<\/strong>&nbsp;de seguran\u00e7a, sa\u00fade e transporte p\u00fablico.<\/div>\n<div style=\"background-color: white; box-sizing: border-box; line-height: 24px; margin-bottom: 10px;\">\n<\/div>\n<div style=\"text-align: justify;\">\n\u201cVamos intensificar isso nos pr\u00f3ximos dias, at\u00e9 a normaliza\u00e7\u00e3o dos servi\u00e7os. Hoje estou assinando esse decreto de emerg\u00eancia que v\u00e3o dar condi\u00e7\u00f5es de agilidade ao estado e aos munic\u00edpios e envolve situa\u00e7\u00f5es tribut\u00e1rias e financeiras que v\u00e3o garantir o Estado a agir com as medidas necess\u00e1rias para garantir o ir e vir das mercadorias e do combust\u00edvel\u201d, disse&nbsp;<strong style=\"box-sizing: border-box; font-family: Arial, Helvetica, sans-serif; font-size: x-large;\">Paulo C\u00e2mara<\/strong>.<\/div>\n<div style=\"text-align: justify;\">\n<\/div>\n<div style=\"text-align: justify;\">\nO<strong style=\"box-sizing: border-box;\">&nbsp;decreto&nbsp;<\/strong>deve ser assinado nesta sexta e publicado no Di\u00e1rio Oficial deste s\u00e1bado (26).\u201dVamos assinar em breve esse decreto de emerg\u00eancia que vai, a partir de amanh\u00e3, dar as condi\u00e7\u00f5es para que o Estado possa intervir de maneira mais r\u00e1pida para a normalidade desses servi\u00e7os\u201d, pontuou.<\/div>\n<p><\/p>\n<div style=\"background-color: white; box-sizing: border-box; line-height: 24px; margin-bottom: 10px; text-align: justify;\">\n\u201cO ir e vir, desde ontem, j\u00e1 est\u00e3o garantidos. A&nbsp;<strong style=\"box-sizing: border-box;\">pol\u00edcia<\/strong>&nbsp;est\u00e1 dando todo o apoio e vai intensificar essas a\u00e7\u00f5es. N\u00f3s n\u00e3o vamos permitir que haja algum tipo de bloqueio para o abastecimento das cidades\u201d, acrescentou o governador.<\/div>\n<div style=\"background-color: white; box-sizing: border-box; line-height: 24px; margin-bottom: 10px; text-align: justify;\">\nO&nbsp;<strong style=\"box-sizing: border-box;\">procurador geral do Estado<\/strong>, Andr\u00e9 Ca\u00fala, explicou que, com o decreto, a contrata\u00e7\u00e3o p\u00fablica ser\u00e1 agilizada. \u201cO decreto autoriza a realiza\u00e7\u00e3o de requisi\u00e7\u00e3o administrativa para eventualmente, na falta de materiais, o&nbsp;<strong style=\"box-sizing: border-box;\">Estado<\/strong>&nbsp;poder fazer a requisi\u00e7\u00e3o ao particular e depois indeniz\u00e1-lo\u201d, informou. Dessa forma, na falta de combust\u00edveis ou outros materiais, o Estado est\u00e1 autorizado a requisitar imediatamente do particular sem procedimento formal.<\/div>\n<div style=\"background-color: white; box-sizing: border-box; line-height: 24px; margin-bottom: 10px; text-align: justify;\">\nAinda segundo o&nbsp;<strong style=\"box-sizing: border-box;\">procurador<\/strong>, o decreto autoriza a presta\u00e7\u00e3o de servi\u00e7o de&nbsp;<strong style=\"box-sizing: border-box;\">seguran\u00e7a&nbsp;<\/strong>para a viabiliza\u00e7\u00e3o de transporte de mercadorias, apoio aos munic\u00edpios e realiza\u00e7\u00e3o de plant\u00f5es no trabalho da Pol\u00edcia Militar.<\/div>\n<div style=\"background-color: white; box-sizing: border-box; line-height: 24px; margin-bottom: 10px; text-align: justify;\">\n<strong style=\"box-sizing: border-box;\">Do Portal FolhaPE<\/strong><\/div>\n","protected":false},"excerpt":{"rendered":"<p>Foto: Anderson Stevens\/Folha de Pernambuco O&nbsp;governador de Pernambuco, Paulo C\u00e2mara, decretou estado de emerg\u00eancia na tarde desta sexta-feira (25). De&hellip;<\/p>\n","protected":false},"author":1,"featured_media":0,"comment_status":"open","ping_status":"open","sticky":false,"template":"","format":"standard","meta":{"footnotes":""},"categories":[1],"tags":[2,2448,20],"class_list":["post-2308","post","type-post","status-publish","format-standard","hentry","category-sem-categoria","tag-blog-do-edvaldo-magalhaes","tag-governador-paulo-camara-decreta-estado-de-emergencia-em-pernambuco","tag-politica"],"_links":{"self":[{"href":"https:\/\/blogdoedvaldomagalhaes.com.br\/index.php\/wp-json\/wp\/v2\/posts\/2308","targetHints":{"allow":["GET"]}}],"collection":[{"href":"https:\/\/blogdoedvaldomagalhaes.com.br\/index.php\/wp-json\/wp\/v2\/posts"}],"about":[{"href":"https:\/\/blogdoedvaldomagalhaes.com.br\/index.php\/wp-json\/wp\/v2\/types\/post"}],"author":[{"embeddable":true,"href":"https:\/\/blogdoedvaldomagalhaes.com.br\/index.php\/wp-json\/wp\/v2\/users\/1"}],"replies":[{"embeddable":true,"href":"https:\/\/blogdoedvaldomagalhaes.com.br\/index.php\/wp-json\/wp\/v2\/comments?post=2308"}],"version-history":[{"count":1,"href":"https:\/\/blogdoedvaldomagalhaes.com.br\/index.php\/wp-json\/wp\/v2\/posts\/2308\/revisions"}],"predecessor-version":[{"id":31164,"href":"https:\/\/blogdoedvaldomagalhaes.com.br\/index.php\/wp-json\/wp\/v2\/posts\/2308\/revisions\/31164"}],"wp:attachment":[{"href":"https:\/\/blogdoedvaldomagalhaes.com.br\/index.php\/wp-json\/wp\/v2\/media?parent=2308"}],"wp:term":[{"taxonomy":"category","embeddable":true,"href":"https:\/\/blogdoedvaldomagalhaes.com.br\/index.php\/wp-json\/wp\/v2\/categories?post=2308"},{"taxonomy":"post_tag","embeddable":true,"href":"https:\/\/blogdoedvaldomagalhaes.com.br\/index.php\/wp-json\/wp\/v2\/tags?post=2308"}],"curies":[{"name":"wp","href":"https:\/\/api.w.org\/{rel}","templated":true}]}}