{"id":2307,"date":"2018-05-25T20:48:00","date_gmt":"2018-05-25T23:48:00","guid":{"rendered":"http:\/\/blogdoedvaldomagalhaes.com.br\/index.php\/2018\/05\/25\/sindloja-discute-efeitos-da-greve-dos\/"},"modified":"2019-02-09T02:16:11","modified_gmt":"2019-02-09T04:16:11","slug":"sindloja-discute-efeitos-da-greve-dos","status":"publish","type":"post","link":"https:\/\/blogdoedvaldomagalhaes.com.br\/index.php\/2018\/05\/25\/sindloja-discute-efeitos-da-greve-dos\/","title":{"rendered":"Sindloja discute efeitos da greve dos caminhoneiros no com\u00e9rcio de Caruaru"},"content":{"rendered":"<div class=\"separator\" style=\"clear: both; text-align: center;\">\n<a href=\"https:\/\/3.bp.blogspot.com\/-KR1DzGYkWfM\/Wwh1_G3jKVI\/AAAAAAAAyH0\/5XhlVpm7AmkPUL4QZBqr4TlqaMPzHAvZQCLcBGAs\/s1600\/sindloja%255B.jpg\" imageanchor=\"1\" style=\"margin-left: 1em; margin-right: 1em;\"><img loading=\"lazy\" decoding=\"async\" border=\"0\" data-original-height=\"540\" data-original-width=\"960\" height=\"360\" src=\"http:\/\/blogdoedvaldomagalhaes.com.br\/wp-content\/uploads\/2018\/05\/sindloja5B.jpg\" width=\"640\" \/><\/a><\/div>\n<div style=\"text-align: center;\">\nFoto: Sindloja\/Divulga\u00e7\u00e3o<\/div>\n<div style=\"text-align: center;\">\n<\/div>\n<div style=\"background-color: white; box-sizing: border-box; line-height: 24px; margin-bottom: 10px; text-align: justify;\">\nO Sindloja realizou reuni\u00e3o, nesta sexta-feira (25), para discutir os efeitos da greve dos caminhoneiros no com\u00e9rcio de Caruaru. Segundo o vice-presidente da entidade, Marc\u00edlio Santos, o sindicato adotou algumas medidas para garantir o funcionamento das lojas durante a paralisa\u00e7\u00e3o.<\/div>\n<div style=\"background-color: white; box-sizing: border-box; line-height: 24px; margin-bottom: 10px; text-align: justify;\">\nA orienta\u00e7\u00e3o \u00e9 que os lojistas verifiquem os casos de funcion\u00e1rios que n\u00e3o consigam chegar ao trabalho, indicando que utilize o banco de horas quando necess\u00e1rio. Tamb\u00e9m pede que a Pol\u00edcia Militar reforce a seguran\u00e7a com policiais a p\u00e9 e a cavalaria.<\/div>\n<div style=\"background-color: white; box-sizing: border-box; line-height: 24px; margin-bottom: 10px; text-align: justify;\">\nA greve nacional dos caminhoneiros j\u00e1 dura 5 dias, com protestos e bloqueios em rodovias de todo o Pa\u00eds. Em Caruaru, a paralisa\u00e7\u00e3o teve ades\u00e3o de motoristas do transporte alternativo e do transporte escolar.<\/div>\n<div style=\"background-color: white; box-sizing: border-box; line-height: 24px; margin-bottom: 10px; text-align: justify;\">\nNo in\u00edcio da tarde, o presidente Michel Temer fez um&nbsp;<a href=\"http:\/\/liberdade.com.br\/presidente-temer-aciona-forcar-federais-para-desbloquear-estradas\/\" style=\"background-color: transparent; box-sizing: border-box; color: #337ab7; text-decoration-line: none; transition: 0.3s;\">pronunciamento&nbsp;<\/a>sobre a mobiliza\u00e7\u00e3o e anunciou o uso de for\u00e7as federais para desbloquear as estradas.<\/div>\n<div style=\"background-color: white; box-sizing: border-box; line-height: 24px; margin-bottom: 10px; text-align: justify;\">\n<\/div>\n<div style=\"background-color: white; box-sizing: border-box; font-family: Lato, sans-serif; font-size: 13px; line-height: 24px; margin-bottom: 10px;\">\n<\/div>\n","protected":false},"excerpt":{"rendered":"<p>Foto: Sindloja\/Divulga\u00e7\u00e3o O Sindloja realizou reuni\u00e3o, nesta sexta-feira (25), para discutir os efeitos da greve dos caminhoneiros no com\u00e9rcio de&hellip;<\/p>\n","protected":false},"author":1,"featured_media":0,"comment_status":"open","ping_status":"open","sticky":false,"template":"","format":"standard","meta":{"footnotes":""},"categories":[1],"tags":[2,6,2447],"class_list":["post-2307","post","type-post","status-publish","format-standard","hentry","category-sem-categoria","tag-blog-do-edvaldo-magalhaes","tag-noticias","tag-sindloja-discute-efeitos-da-greve-dos-caminhoneiros-no-comercio-de-caruaru"],"_links":{"self":[{"href":"https:\/\/blogdoedvaldomagalhaes.com.br\/index.php\/wp-json\/wp\/v2\/posts\/2307","targetHints":{"allow":["GET"]}}],"collection":[{"href":"https:\/\/blogdoedvaldomagalhaes.com.br\/index.php\/wp-json\/wp\/v2\/posts"}],"about":[{"href":"https:\/\/blogdoedvaldomagalhaes.com.br\/index.php\/wp-json\/wp\/v2\/types\/post"}],"author":[{"embeddable":true,"href":"https:\/\/blogdoedvaldomagalhaes.com.br\/index.php\/wp-json\/wp\/v2\/users\/1"}],"replies":[{"embeddable":true,"href":"https:\/\/blogdoedvaldomagalhaes.com.br\/index.php\/wp-json\/wp\/v2\/comments?post=2307"}],"version-history":[{"count":1,"href":"https:\/\/blogdoedvaldomagalhaes.com.br\/index.php\/wp-json\/wp\/v2\/posts\/2307\/revisions"}],"predecessor-version":[{"id":31166,"href":"https:\/\/blogdoedvaldomagalhaes.com.br\/index.php\/wp-json\/wp\/v2\/posts\/2307\/revisions\/31166"}],"wp:attachment":[{"href":"https:\/\/blogdoedvaldomagalhaes.com.br\/index.php\/wp-json\/wp\/v2\/media?parent=2307"}],"wp:term":[{"taxonomy":"category","embeddable":true,"href":"https:\/\/blogdoedvaldomagalhaes.com.br\/index.php\/wp-json\/wp\/v2\/categories?post=2307"},{"taxonomy":"post_tag","embeddable":true,"href":"https:\/\/blogdoedvaldomagalhaes.com.br\/index.php\/wp-json\/wp\/v2\/tags?post=2307"}],"curies":[{"name":"wp","href":"https:\/\/api.w.org\/{rel}","templated":true}]}}