{"id":2306,"date":"2018-05-25T23:08:00","date_gmt":"2018-05-26T02:08:00","guid":{"rendered":"http:\/\/blogdoedvaldomagalhaes.com.br\/index.php\/2018\/05\/25\/rebeliao-na-funase-caruaru-nesta-sexta\/"},"modified":"2019-02-09T02:16:13","modified_gmt":"2019-02-09T04:16:13","slug":"rebeliao-na-funase-caruaru-nesta-sexta","status":"publish","type":"post","link":"https:\/\/blogdoedvaldomagalhaes.com.br\/index.php\/2018\/05\/25\/rebeliao-na-funase-caruaru-nesta-sexta\/","title":{"rendered":"Rebeli\u00e3o na Funase Caruaru nesta sexta-feira (25)"},"content":{"rendered":"<div class=\"separator\" style=\"clear: both; text-align: center;\">\n<a href=\"https:\/\/3.bp.blogspot.com\/-eTILltlGSqk\/WwiXRJ8I9CI\/AAAAAAAAyIA\/XluB78U1WugAQgucnEQZfLH47ls2ACcKACLcBGAs\/s1600\/funase.jpg\" imageanchor=\"1\" style=\"margin-left: 1em; margin-right: 1em;\"><img loading=\"lazy\" decoding=\"async\" border=\"0\" data-original-height=\"540\" data-original-width=\"960\" height=\"360\" src=\"http:\/\/blogdoedvaldomagalhaes.com.br\/wp-content\/uploads\/2018\/05\/funase.jpg\" width=\"640\" \/><\/a><\/div>\n<div style=\"text-align: center;\">\nFoto: Caruaru 24 Horas<\/div>\n<div style=\"text-align: center;\">\n<\/div>\n<div style=\"text-align: justify;\">\n<div style=\"background-color: white; box-sizing: border-box; line-height: 24px; margin-bottom: 10px;\">\nInternos da Funda\u00e7\u00e3o de Atendimento Socioeducativo (Funase) de Caruaru promoveram uma rebeli\u00e3o na noite desta sexta-feira (25). Eles atearam fogo em colch\u00f5es, depredaram celas e serraram grades.<\/div>\n<div style=\"background-color: white; box-sizing: border-box; line-height: 24px; margin-bottom: 10px;\">\nEquipes do 4\u00ba BPM, do BIEsp, Samu e Bombeiros estiveram no local para conter a situa\u00e7\u00e3o. Houve muita fuma\u00e7a e os policiais usaram bombas de efeito moral para conter a situa\u00e7\u00e3o.<\/div>\n<div style=\"background-color: white; box-sizing: border-box; line-height: 24px; margin-bottom: 10px;\">\nDois adolescentes e um policial ficaram feridos. De acordo com a pol\u00edcia, o motivo da rebeli\u00e3o seriam tentativa de fuga e conflitos internos. Ap\u00f3s a situa\u00e7\u00e3o controlada, foi iniciada a contagem dos adolescentes.<\/div>\n<div style=\"background-color: white; box-sizing: border-box; line-height: 24px; margin-bottom: 10px; text-align: justify;\">\n<strong style=\"box-sizing: border-box;\">Nota Funase<\/strong><\/div>\n<div style=\"background-color: white; box-sizing: border-box; line-height: 24px; margin-bottom: 10px; text-align: justify;\">\n<em style=\"box-sizing: border-box;\">A Funda\u00e7\u00e3o de Atendimento Socioeducativo (Funase) informa que, por volta das 19h30 desta sexta-feira (25), internos do Centro de Atendimento Socioeducativo (Case) Caruaru iniciaram um tumulto no local durante uma tentativa de fuga. Alguns socioeducandos atearam fogo em colch\u00f5es no p\u00e1tio. A confus\u00e3o ficou restrita ao m\u00f3dulo 1 da unidade e j\u00e1 foi controlada com a ajuda do Batalh\u00e3o Integrado Especializado (Biesp) da Pol\u00edcia Militar. N\u00e3o houve fugas. Dois internos tiveram ferimentos leves e foram atendidos pelo Servi\u00e7o de Atendimento M\u00f3vel de Urg\u00eancia (Samu). A Funase, por meio de sua Corregedoria, vai apurar as responsabilidades pelo caso.<\/em><\/div>\n<div class=\"separator\" style=\"clear: both; text-align: justify;\">\n&nbsp;<a href=\"https:\/\/2.bp.blogspot.com\/-qe1g6TgpNc4\/WwidEaVCSdI\/AAAAAAAAyIg\/wpaq-U-76NYnmj2u2C2U4QSeDidX1BhjwCLcBGAs\/s1600\/IMG-20180525-WA0847.jpg\" imageanchor=\"1\" style=\"margin-left: 1em; margin-right: 1em;\"><img loading=\"lazy\" decoding=\"async\" border=\"0\" data-original-height=\"720\" data-original-width=\"1280\" height=\"360\" src=\"http:\/\/blogdoedvaldomagalhaes.com.br\/wp-content\/uploads\/2018\/05\/IMG-20180525-WA0847.jpg\" width=\"640\" \/><\/a><\/div>\n<p><\/p>\n<div class=\"separator\" style=\"clear: both; text-align: center;\">\n<a href=\"https:\/\/4.bp.blogspot.com\/-Jlir8_ieJAs\/WwidIaLhY6I\/AAAAAAAAyIk\/Wwmt1H38Q-oQOc4onV3f_nzRW5gZbPQUwCLcBGAs\/s1600\/IMG-20180525-WA0848.jpg\" imageanchor=\"1\" style=\"margin-left: 1em; margin-right: 1em;\"><img loading=\"lazy\" decoding=\"async\" border=\"0\" data-original-height=\"720\" data-original-width=\"1280\" height=\"360\" src=\"http:\/\/blogdoedvaldomagalhaes.com.br\/wp-content\/uploads\/2018\/05\/IMG-20180525-WA0848.jpg\" width=\"640\" \/><\/a><\/div>\n<p><\/p>\n<div class=\"separator\" style=\"clear: both; text-align: center;\">\n<a href=\"https:\/\/3.bp.blogspot.com\/-LM9Jz7iWsy8\/WwidOkIUTOI\/AAAAAAAAyIo\/0Mk0Yke4jlsAseuOOxPG_qw6taIK6QkBACLcBGAs\/s1600\/IMG-20180525-WA0846.jpg\" imageanchor=\"1\" style=\"margin-left: 1em; margin-right: 1em;\"><img loading=\"lazy\" decoding=\"async\" border=\"0\" data-original-height=\"720\" data-original-width=\"1280\" height=\"360\" src=\"http:\/\/blogdoedvaldomagalhaes.com.br\/wp-content\/uploads\/2018\/05\/IMG-20180525-WA0846.jpg\" width=\"640\" \/><\/a><\/div>\n<p><\/p>\n<div class=\"separator\" style=\"clear: both; text-align: center;\">\n<a href=\"https:\/\/2.bp.blogspot.com\/-j6srJfif4Pg\/WwidVmEIsbI\/AAAAAAAAyIs\/oSwr9eVV4MIboZ12-R3r1locj6lufI1twCLcBGAs\/s1600\/IMG-20180525-WA0844.jpg\" imageanchor=\"1\" style=\"margin-left: 1em; margin-right: 1em;\"><img loading=\"lazy\" decoding=\"async\" border=\"0\" data-original-height=\"720\" data-original-width=\"1280\" height=\"360\" src=\"http:\/\/blogdoedvaldomagalhaes.com.br\/wp-content\/uploads\/2018\/05\/IMG-20180525-WA0844.jpg\" width=\"640\" \/><\/a><\/div>\n<div class=\"separator\" style=\"clear: both; text-align: center;\">\n<a href=\"https:\/\/4.bp.blogspot.com\/-4Z5COrpsdEg\/WwiZPxWl67I\/AAAAAAAAyIM\/1W-yUX8UzPA40frISBx6a1buZlQ8EmUmgCLcBGAs\/s1600\/1.jpg\" imageanchor=\"1\" style=\"margin-left: 1em; margin-right: 1em;\"><img loading=\"lazy\" decoding=\"async\" border=\"0\" data-original-height=\"960\" data-original-width=\"540\" height=\"640\" src=\"http:\/\/blogdoedvaldomagalhaes.com.br\/wp-content\/uploads\/2018\/05\/1-22.jpg\" width=\"360\" \/><\/a><\/div>\n<p><\/p>\n<div class=\"separator\" style=\"clear: both; text-align: center;\">\n<a href=\"https:\/\/4.bp.blogspot.com\/-cAtQFq2esCU\/WwiZQ-Bj-zI\/AAAAAAAAyIQ\/8EcFZ91hKgYJ0qTB__dRVXZ7ezh6_la3gCLcBGAs\/s1600\/2.jpg\" imageanchor=\"1\" style=\"margin-left: 1em; margin-right: 1em;\"><img loading=\"lazy\" decoding=\"async\" border=\"0\" data-original-height=\"960\" data-original-width=\"540\" height=\"640\" src=\"http:\/\/blogdoedvaldomagalhaes.com.br\/wp-content\/uploads\/2018\/05\/2-18.jpg\" width=\"360\" \/><\/a><\/div>\n<\/div>\n<div style=\"text-align: justify;\">\n<\/div>\n<div style=\"text-align: justify;\">\n<\/div>\n","protected":false},"excerpt":{"rendered":"<p>Foto: Caruaru 24 Horas Internos da Funda\u00e7\u00e3o de Atendimento Socioeducativo (Funase) de Caruaru promoveram uma rebeli\u00e3o na noite desta sexta-feira&hellip;<\/p>\n","protected":false},"author":1,"featured_media":0,"comment_status":"open","ping_status":"open","sticky":false,"template":"","format":"standard","meta":{"footnotes":""},"categories":[1],"tags":[2,13,2446],"class_list":["post-2306","post","type-post","status-publish","format-standard","hentry","category-sem-categoria","tag-blog-do-edvaldo-magalhaes","tag-policial","tag-rebeliao-na-funase-caruaru-nesta-sexta-feira-25"],"_links":{"self":[{"href":"https:\/\/blogdoedvaldomagalhaes.com.br\/index.php\/wp-json\/wp\/v2\/posts\/2306","targetHints":{"allow":["GET"]}}],"collection":[{"href":"https:\/\/blogdoedvaldomagalhaes.com.br\/index.php\/wp-json\/wp\/v2\/posts"}],"about":[{"href":"https:\/\/blogdoedvaldomagalhaes.com.br\/index.php\/wp-json\/wp\/v2\/types\/post"}],"author":[{"embeddable":true,"href":"https:\/\/blogdoedvaldomagalhaes.com.br\/index.php\/wp-json\/wp\/v2\/users\/1"}],"replies":[{"embeddable":true,"href":"https:\/\/blogdoedvaldomagalhaes.com.br\/index.php\/wp-json\/wp\/v2\/comments?post=2306"}],"version-history":[{"count":1,"href":"https:\/\/blogdoedvaldomagalhaes.com.br\/index.php\/wp-json\/wp\/v2\/posts\/2306\/revisions"}],"predecessor-version":[{"id":31174,"href":"https:\/\/blogdoedvaldomagalhaes.com.br\/index.php\/wp-json\/wp\/v2\/posts\/2306\/revisions\/31174"}],"wp:attachment":[{"href":"https:\/\/blogdoedvaldomagalhaes.com.br\/index.php\/wp-json\/wp\/v2\/media?parent=2306"}],"wp:term":[{"taxonomy":"category","embeddable":true,"href":"https:\/\/blogdoedvaldomagalhaes.com.br\/index.php\/wp-json\/wp\/v2\/categories?post=2306"},{"taxonomy":"post_tag","embeddable":true,"href":"https:\/\/blogdoedvaldomagalhaes.com.br\/index.php\/wp-json\/wp\/v2\/tags?post=2306"}],"curies":[{"name":"wp","href":"https:\/\/api.w.org\/{rel}","templated":true}]}}