{"id":2305,"date":"2018-05-26T01:36:00","date_gmt":"2018-05-26T04:36:00","guid":{"rendered":"http:\/\/blogdoedvaldomagalhaes.com.br\/index.php\/2018\/05\/26\/25-acao-global-esta-mantida-e-acontece\/"},"modified":"2019-02-09T02:16:14","modified_gmt":"2019-02-09T04:16:14","slug":"25-acao-global-esta-mantida-e-acontece","status":"publish","type":"post","link":"https:\/\/blogdoedvaldomagalhaes.com.br\/index.php\/2018\/05\/26\/25-acao-global-esta-mantida-e-acontece\/","title":{"rendered":"25\u00aa A\u00e7\u00e3o Global est\u00e1 mantida e acontece em Caruaru neste s\u00e1bado (26)"},"content":{"rendered":"<div class=\"separator\" style=\"clear: both; text-align: center;\">\n<a href=\"https:\/\/3.bp.blogspot.com\/-PAbAkUoCJ8g\/Wwi52F3D1_I\/AAAAAAAAyJA\/BSx1GQOZeiAiynwZfR9bwkRbo9Ov8F9iQCLcBGAs\/s1600\/sesi.jpg\" imageanchor=\"1\" style=\"margin-left: 1em; margin-right: 1em;\"><img loading=\"lazy\" decoding=\"async\" border=\"0\" data-original-height=\"300\" data-original-width=\"600\" height=\"320\" src=\"http:\/\/blogdoedvaldomagalhaes.com.br\/wp-content\/uploads\/2018\/05\/sesi-1.jpg\" width=\"640\" \/><\/a><\/div>\n<div style=\"background-color: white; margin: 0cm 0cm 0.0001pt; text-align: justify;\">\n<\/div>\n<div style=\"background-color: white; margin: 0cm 0cm 0.0001pt; text-align: justify;\">\nO Servi\u00e7o Social da Ind\u00fastria de Pernambuco (Sesi\/PE) informa que, apesar das dificuldades de abastecimento ocasionadas em virtude da paralisa\u00e7\u00e3o dos caminhoneiros, est\u00e1 mantida a 25\u00aa A\u00e7\u00e3o Global em todo o Pa\u00eds e, na cidade de Caruaru, no Agreste pernambucano. Gra\u00e7as \u00e0 colabora\u00e7\u00e3o dos parceiros, a organiza\u00e7\u00e3o do evento pretende oferecer, neste s\u00e1bado (26), 15 mil atendimentos gratuitos nas \u00e1reas de educa\u00e7\u00e3o, sa\u00fade, lazer e cidadania para beneficiar a popula\u00e7\u00e3o do munic\u00edpio de Caruaru e adjac\u00eancias. Os atendimentos v\u00e3o ocorrer, das 9h \u00e0s 16h, no Sesi da cidade que fica na Rua S\u00e3o Vicente Ferrer, s\/n, Boa Vista II.<u><\/u><u><\/u><\/div>\n<div style=\"background-color: white; margin: 0cm 0cm 0.0001pt; text-align: justify;\">\n<\/div>\n<div style=\"background-color: white; margin: 0cm 0cm 0.0001pt; text-align: justify;\">\nNo entanto, devido aos transtornos causados pela falta de combust\u00edveis, alguns servi\u00e7os como a emiss\u00e3o de carteira de trabalho n\u00e3o poder\u00e3o ser realizados. Mas a organiza\u00e7\u00e3o do evento j\u00e1 garantiu para a popula\u00e7\u00e3o servi\u00e7os gratuitos como consultas pedi\u00e1tricas, oftalmol\u00f3gicas e odontol\u00f3gicas, exames de glicose, press\u00e3o, preven\u00e7\u00e3o ao c\u00e2ncer de mama e pr\u00f3stata, palestras educativas, teste vocacional, oficina de constru\u00e7\u00e3o de curr\u00edculo, inscri\u00e7\u00e3o em programa gratuito de Educa\u00e7\u00e3o de Jovens e Adultos (EJA), o antigo supletivo, juntamente com curso profissionalizante, demonstra\u00e7\u00e3o de rob\u00f3tica, oficinas de pizzas, cupcakes, alimenta\u00e7\u00e3o saud\u00e1vel e artesanato, atendimento da Compesa e troca de l\u00e2mpadas.<u><\/u><u><\/u><\/div>\n<div style=\"background-color: white; margin: 0cm 0cm 0.0001pt; text-align: justify;\">\n<\/div>\n<div style=\"background-color: white; margin: 0cm 0cm 0.0001pt; text-align: justify;\">\nA meta \u00e9 realizar os 15 mil atendimentos inicialmente previstos durante o evento. \u201cOs servi\u00e7os que n\u00e3o forem poss\u00edveis efetuar neste momento, devido \u00e0 crise, buscaremos agendar com os parceiros a presta\u00e7\u00e3o em uma outra data que ser\u00e1 definida e, posteriormente divulgada para a popula\u00e7\u00e3o\u201d, afirma o superintendente do Sesi\/PE, Nilo Sim\u00f5es. O evento \u00e9 uma parceria com a Rede Globo e outras entidades.<u><\/u><u><\/u><\/div>\n<div style=\"text-align: justify;\">\n<\/div>\n","protected":false},"excerpt":{"rendered":"<p>O Servi\u00e7o Social da Ind\u00fastria de Pernambuco (Sesi\/PE) informa que, apesar das dificuldades de abastecimento ocasionadas em virtude da paralisa\u00e7\u00e3o&hellip;<\/p>\n","protected":false},"author":1,"featured_media":0,"comment_status":"open","ping_status":"open","sticky":false,"template":"","format":"standard","meta":{"footnotes":""},"categories":[1],"tags":[2445,2,6],"class_list":["post-2305","post","type-post","status-publish","format-standard","hentry","category-sem-categoria","tag-25a-acao-global-esta-mantida-e-acontece-em-caruaru-neste-sabado-26","tag-blog-do-edvaldo-magalhaes","tag-noticias"],"_links":{"self":[{"href":"https:\/\/blogdoedvaldomagalhaes.com.br\/index.php\/wp-json\/wp\/v2\/posts\/2305","targetHints":{"allow":["GET"]}}],"collection":[{"href":"https:\/\/blogdoedvaldomagalhaes.com.br\/index.php\/wp-json\/wp\/v2\/posts"}],"about":[{"href":"https:\/\/blogdoedvaldomagalhaes.com.br\/index.php\/wp-json\/wp\/v2\/types\/post"}],"author":[{"embeddable":true,"href":"https:\/\/blogdoedvaldomagalhaes.com.br\/index.php\/wp-json\/wp\/v2\/users\/1"}],"replies":[{"embeddable":true,"href":"https:\/\/blogdoedvaldomagalhaes.com.br\/index.php\/wp-json\/wp\/v2\/comments?post=2305"}],"version-history":[{"count":1,"href":"https:\/\/blogdoedvaldomagalhaes.com.br\/index.php\/wp-json\/wp\/v2\/posts\/2305\/revisions"}],"predecessor-version":[{"id":31176,"href":"https:\/\/blogdoedvaldomagalhaes.com.br\/index.php\/wp-json\/wp\/v2\/posts\/2305\/revisions\/31176"}],"wp:attachment":[{"href":"https:\/\/blogdoedvaldomagalhaes.com.br\/index.php\/wp-json\/wp\/v2\/media?parent=2305"}],"wp:term":[{"taxonomy":"category","embeddable":true,"href":"https:\/\/blogdoedvaldomagalhaes.com.br\/index.php\/wp-json\/wp\/v2\/categories?post=2305"},{"taxonomy":"post_tag","embeddable":true,"href":"https:\/\/blogdoedvaldomagalhaes.com.br\/index.php\/wp-json\/wp\/v2\/tags?post=2305"}],"curies":[{"name":"wp","href":"https:\/\/api.w.org\/{rel}","templated":true}]}}