{"id":2304,"date":"2018-05-26T01:41:00","date_gmt":"2018-05-26T04:41:00","guid":{"rendered":"http:\/\/blogdoedvaldomagalhaes.com.br\/index.php\/2018\/05\/26\/comite-de-crise-formado-pela-prefeitura\/"},"modified":"2019-02-09T02:16:14","modified_gmt":"2019-02-09T04:16:14","slug":"comite-de-crise-formado-pela-prefeitura","status":"publish","type":"post","link":"https:\/\/blogdoedvaldomagalhaes.com.br\/index.php\/2018\/05\/26\/comite-de-crise-formado-pela-prefeitura\/","title":{"rendered":"Comit\u00ea de crise formado pela Prefeitura de Caruaru atualiza efeitos da greve dos caminhoneiros"},"content":{"rendered":"<div class=\"separator\" style=\"clear: both; text-align: center;\">\n<a href=\"https:\/\/1.bp.blogspot.com\/-FitBiPnaDI0\/Wwi7KkAAG0I\/AAAAAAAAyJM\/OmVvXo9m7zIMb7zJYv6v4BFdpXEQM3VOACLcBGAs\/s1600\/pref.jpg\" imageanchor=\"1\" style=\"margin-left: 1em; margin-right: 1em;\"><img loading=\"lazy\" decoding=\"async\" border=\"0\" data-original-height=\"1067\" data-original-width=\"1600\" height=\"426\" src=\"http:\/\/blogdoedvaldomagalhaes.com.br\/wp-content\/uploads\/2018\/05\/pref-2.jpg\" width=\"640\" \/><\/a><\/div>\n<div style=\"text-align: justify;\">\n<\/div>\n<div style=\"text-align: justify;\">\nA prefeita de Caruaru, Raquel Lyra, voltou a comandar, na tarde desta sexta (25), a reuni\u00e3o do Comit\u00ea de Gest\u00e3o de Crise para avaliar o atual cen\u00e1rio relativo \u00e0 paralisa\u00e7\u00e3o nacional dos caminhoneiros e, em consequ\u00eancia, a falta de combust\u00edvel. \u201cA gente tem funcionado como gerenciamento de crise desde a enxurrada do ano passado e nos instalamos novamente, na \u00faltima quarta-feira, realizando as primeiras provid\u00eancias imediatas do desabastecimento nacional de combust\u00edvel e a repercuss\u00e3o que ela traz ao munic\u00edpio de Caruaru,\u201d explicou a prefeita.<\/div>\n<div style=\"text-align: justify;\">\n<\/div>\n<div style=\"text-align: justify;\">\nDesta vez, foi feita uma an\u00e1lise sobre o funcionamento da Feira da Sulanca da pr\u00f3xima segunda-feira (28). \u201cEstamos vivenciando um momento especial e preocupante. Precisamos avaliar todas as condi\u00e7\u00f5es para realizar uma feira que seja vi\u00e1vel para todos\u201d, analisou o secret\u00e1rio Extraordin\u00e1rio da Feira, Jos\u00e9 Pereira. A prefeita, ap\u00f3s ouvir todas as partes envolvidas na reuni\u00e3o, resolveu analisar melhor a situa\u00e7\u00e3o e marcou uma reuni\u00e3o para amanh\u00e3 (26), para definir a quest\u00e3o da realiza\u00e7\u00e3o, ou n\u00e3o, da Feira da Sulanca.<\/div>\n<div style=\"text-align: justify;\">\n<\/div>\n<div style=\"text-align: justify;\">\nParticiparam, mais uma vez, a sociedade civil organizada e as for\u00e7as de seguran\u00e7a que atuam no munic\u00edpio, para buscar uma solu\u00e7\u00e3o conjunta para a situa\u00e7\u00e3o excepcional.<\/div>\n<div style=\"text-align: justify;\">\n<b><br \/><\/b><\/div>\n<div style=\"text-align: justify;\">\n<b>Seguem abaixo informa\u00e7\u00f5es dos demais servi\u00e7os:<\/b><\/div>\n<div style=\"text-align: justify;\">\n<\/div>\n<div style=\"text-align: justify;\">\n<b>Sa\u00fade <\/b>&#8211; O funcionamento dos servi\u00e7os ambulatoriais especializados, centros de sa\u00fade, UPAs, hospitais e demais unidades de funcionamento 24 horas ter\u00e3o seus servi\u00e7os mantidos normalmente.&nbsp;<\/div>\n<div style=\"text-align: justify;\">\n<\/div>\n<div style=\"text-align: justify;\">\n<b>Transporte <\/b>&#8211; A Destra informa que os \u00f4nibus que fazem o transporte coletivo nas linhas urbanas de Caruaru continuam com a frota reduzida. Autarquia ir\u00e1 monitorar a opera\u00e7\u00e3o para garantir que os servi\u00e7os n\u00e3o sofram descontinuidade nos pr\u00f3ximos dias. A ciclofaixa do pr\u00f3ximo domingo (27) ser\u00e1 suspensa.<\/div>\n<div style=\"text-align: justify;\">\n<\/div>\n<div style=\"text-align: justify;\">\n<b>Educa\u00e7\u00e3o <\/b>&#8211; As aulas da rede municipal continuam suspensas at\u00e9 que a situa\u00e7\u00e3o seja normalizada.<\/div>\n<div style=\"text-align: justify;\">\n<\/div>\n<div style=\"text-align: justify;\">\n<b>Servi\u00e7os P\u00fablicos<\/b> &#8211; A coleta de lixo nos bairros ser\u00e1 reduzida; foram suspensos os servi\u00e7os de capina\u00e7\u00e3o; os servi\u00e7os de manuten\u00e7\u00e3o da ilumina\u00e7\u00e3o, por enquanto, seguem normalizados. As feiras de bairro continuam em seus hor\u00e1rios normais.&nbsp;<\/div>\n<div style=\"text-align: justify;\">\n<\/div>\n<div style=\"text-align: justify;\">\n<b>Ceaca<\/b> &#8211; A Central de Abastecimento tem um plano de conting\u00eancia para funcionar normalmente, neste final de semana, caso seja necess\u00e1rio.<\/div>\n<div style=\"text-align: justify;\">\n<\/div>\n<div style=\"text-align: justify;\">\n<b>Procon Caruaru<\/b> &#8211; O \u00f3rg\u00e3o alerta para aumentos abusivos no pre\u00e7o dos produtos, como g\u00e1s, \u00e1gua e alimentos em geral. Ao detectar reajustes s\u00fabitos, o consumidor deve exigir a nota fiscal e, em seguida, acionar o \u00f3rg\u00e3o no Centro Administrativo da Prefeitura, localizado na avenida Rio Branco, 315, ou atrav\u00e9s do telefone: (81) 3727-0195, para que a den\u00fancia seja investigada.<\/div>\n<div style=\"text-align: justify;\">\n<\/div>\n<div style=\"text-align: justify;\">\n<b>Desenvolvimento Social e Direitos Humanos (SDSDH<\/b>) &#8211; Os cinco Centros de Refer\u00eancia de Assist\u00eancia Social (CRAS) localizados na \u00e1rea rural n\u00e3o funcionar\u00e3o enquanto durarem os problemas no abastecimento de combust\u00edvel. Ficam mantidos os atendimentos essenciais do Centro de Atendimento aos Adolescentes Usu\u00e1rios de Drogas (CAUD), das quatro casas de acolhimento para crian\u00e7as e adolescentes e da popula\u00e7\u00e3o adulta, assim como as atividades de emerg\u00eancia do Centro Pop<\/div>\n<div style=\"text-align: justify;\">\n<\/div>\n","protected":false},"excerpt":{"rendered":"<p>A prefeita de Caruaru, Raquel Lyra, voltou a comandar, na tarde desta sexta (25), a reuni\u00e3o do Comit\u00ea de Gest\u00e3o&hellip;<\/p>\n","protected":false},"author":1,"featured_media":0,"comment_status":"open","ping_status":"open","sticky":false,"template":"","format":"standard","meta":{"footnotes":""},"categories":[1],"tags":[2,2444,20],"class_list":["post-2304","post","type-post","status-publish","format-standard","hentry","category-sem-categoria","tag-blog-do-edvaldo-magalhaes","tag-comite-de-crise-formado-pela-prefeitura-de-caruaru-atualiza-efeitos-da-greve-dos-caminhoneiros","tag-politica"],"_links":{"self":[{"href":"https:\/\/blogdoedvaldomagalhaes.com.br\/index.php\/wp-json\/wp\/v2\/posts\/2304","targetHints":{"allow":["GET"]}}],"collection":[{"href":"https:\/\/blogdoedvaldomagalhaes.com.br\/index.php\/wp-json\/wp\/v2\/posts"}],"about":[{"href":"https:\/\/blogdoedvaldomagalhaes.com.br\/index.php\/wp-json\/wp\/v2\/types\/post"}],"author":[{"embeddable":true,"href":"https:\/\/blogdoedvaldomagalhaes.com.br\/index.php\/wp-json\/wp\/v2\/users\/1"}],"replies":[{"embeddable":true,"href":"https:\/\/blogdoedvaldomagalhaes.com.br\/index.php\/wp-json\/wp\/v2\/comments?post=2304"}],"version-history":[{"count":1,"href":"https:\/\/blogdoedvaldomagalhaes.com.br\/index.php\/wp-json\/wp\/v2\/posts\/2304\/revisions"}],"predecessor-version":[{"id":31178,"href":"https:\/\/blogdoedvaldomagalhaes.com.br\/index.php\/wp-json\/wp\/v2\/posts\/2304\/revisions\/31178"}],"wp:attachment":[{"href":"https:\/\/blogdoedvaldomagalhaes.com.br\/index.php\/wp-json\/wp\/v2\/media?parent=2304"}],"wp:term":[{"taxonomy":"category","embeddable":true,"href":"https:\/\/blogdoedvaldomagalhaes.com.br\/index.php\/wp-json\/wp\/v2\/categories?post=2304"},{"taxonomy":"post_tag","embeddable":true,"href":"https:\/\/blogdoedvaldomagalhaes.com.br\/index.php\/wp-json\/wp\/v2\/tags?post=2304"}],"curies":[{"name":"wp","href":"https:\/\/api.w.org\/{rel}","templated":true}]}}