{"id":2303,"date":"2018-05-26T01:56:00","date_gmt":"2018-05-26T04:56:00","guid":{"rendered":"http:\/\/blogdoedvaldomagalhaes.com.br\/index.php\/2018\/05\/26\/feira-da-sulanca-de-caruaru-sera-2\/"},"modified":"2019-02-09T02:16:15","modified_gmt":"2019-02-09T04:16:15","slug":"feira-da-sulanca-de-caruaru-sera-2","status":"publish","type":"post","link":"https:\/\/blogdoedvaldomagalhaes.com.br\/index.php\/2018\/05\/26\/feira-da-sulanca-de-caruaru-sera-2\/","title":{"rendered":"Feira da Sulanca de Caruaru: ser\u00e1 realizada ou n\u00e3o?"},"content":{"rendered":"<div class=\"separator\" style=\"clear: both; text-align: center;\">\n<a href=\"https:\/\/2.bp.blogspot.com\/-ksb_JHe0lsk\/Wwi-Pf-I0FI\/AAAAAAAAyJY\/dgCUlPk4gPoebl-JMRp3oL1gUdajWSVngCLcBGAs\/s1600\/feira.jpg\" imageanchor=\"1\" style=\"margin-left: 1em; margin-right: 1em;\"><img loading=\"lazy\" decoding=\"async\" border=\"0\" data-original-height=\"383\" data-original-width=\"640\" height=\"382\" src=\"http:\/\/blogdoedvaldomagalhaes.com.br\/wp-content\/uploads\/2018\/05\/feira.jpg\" width=\"640\" \/><\/a><\/div>\n<div class=\"separator\" style=\"clear: both; text-align: center;\">\nFoto: Reprodu\u00e7\u00e3o\/Internet<\/div>\n<p><\/p>\n<div style=\"text-align: justify;\">\nPor causa dos protestos dos caminhoneiros em todo pa\u00eds, a pergunta que se faz em Caruaru \u00e9 se a Feira da Sulanca ser\u00e1 realizada ou n\u00e3o, e a defini\u00e7\u00e3o sair\u00e1 em uma reuni\u00e3o do Comit\u00ea de Gest\u00e3o de Crise, que acontece a partir das 14h deste s\u00e1bado (26), na Sala de Monitoramento da Prefeitura de Caruaru. At\u00e9 o momento, a feira est\u00e1 mantida para a pr\u00f3xima segunda-feira (28), por\u00e9m, o comit\u00ea dar\u00e1 a palavra final na citada reuni\u00e3o.&nbsp;<\/p>\n<p>Quando houver a defini\u00e7\u00e3o oficial, o Blog do Edvaldo Magalh\u00e3es publicar\u00e1.<\/p><\/div>\n","protected":false},"excerpt":{"rendered":"<p>Foto: Reprodu\u00e7\u00e3o\/Internet Por causa dos protestos dos caminhoneiros em todo pa\u00eds, a pergunta que se faz em Caruaru \u00e9 se&hellip;<\/p>\n","protected":false},"author":1,"featured_media":0,"comment_status":"open","ping_status":"open","sticky":false,"template":"","format":"standard","meta":{"footnotes":""},"categories":[1],"tags":[2,2443,6],"class_list":["post-2303","post","type-post","status-publish","format-standard","hentry","category-sem-categoria","tag-blog-do-edvaldo-magalhaes","tag-feira-da-sulanca-de-caruaru-sera-realizada-ou-nao","tag-noticias"],"_links":{"self":[{"href":"https:\/\/blogdoedvaldomagalhaes.com.br\/index.php\/wp-json\/wp\/v2\/posts\/2303","targetHints":{"allow":["GET"]}}],"collection":[{"href":"https:\/\/blogdoedvaldomagalhaes.com.br\/index.php\/wp-json\/wp\/v2\/posts"}],"about":[{"href":"https:\/\/blogdoedvaldomagalhaes.com.br\/index.php\/wp-json\/wp\/v2\/types\/post"}],"author":[{"embeddable":true,"href":"https:\/\/blogdoedvaldomagalhaes.com.br\/index.php\/wp-json\/wp\/v2\/users\/1"}],"replies":[{"embeddable":true,"href":"https:\/\/blogdoedvaldomagalhaes.com.br\/index.php\/wp-json\/wp\/v2\/comments?post=2303"}],"version-history":[{"count":1,"href":"https:\/\/blogdoedvaldomagalhaes.com.br\/index.php\/wp-json\/wp\/v2\/posts\/2303\/revisions"}],"predecessor-version":[{"id":31180,"href":"https:\/\/blogdoedvaldomagalhaes.com.br\/index.php\/wp-json\/wp\/v2\/posts\/2303\/revisions\/31180"}],"wp:attachment":[{"href":"https:\/\/blogdoedvaldomagalhaes.com.br\/index.php\/wp-json\/wp\/v2\/media?parent=2303"}],"wp:term":[{"taxonomy":"category","embeddable":true,"href":"https:\/\/blogdoedvaldomagalhaes.com.br\/index.php\/wp-json\/wp\/v2\/categories?post=2303"},{"taxonomy":"post_tag","embeddable":true,"href":"https:\/\/blogdoedvaldomagalhaes.com.br\/index.php\/wp-json\/wp\/v2\/tags?post=2303"}],"curies":[{"name":"wp","href":"https:\/\/api.w.org\/{rel}","templated":true}]}}