{"id":2302,"date":"2018-05-26T12:35:00","date_gmt":"2018-05-26T15:35:00","guid":{"rendered":"http:\/\/blogdoedvaldomagalhaes.com.br\/index.php\/2018\/05\/26\/homicidio-em-caruaru-homem-baleado-no\/"},"modified":"2019-02-09T02:16:16","modified_gmt":"2019-02-09T04:16:16","slug":"homicidio-em-caruaru-homem-baleado-no","status":"publish","type":"post","link":"https:\/\/blogdoedvaldomagalhaes.com.br\/index.php\/2018\/05\/26\/homicidio-em-caruaru-homem-baleado-no\/","title":{"rendered":"Homic\u00eddio em Caruaru: Homem baleado no s\u00edtio Cip\u00f3 morre no HRA"},"content":{"rendered":"<div class=\"separator\" style=\"clear: both; text-align: center;\">\n<a href=\"https:\/\/1.bp.blogspot.com\/-0cioaMZAy7w\/WwlTVFSCU6I\/AAAAAAAAyJk\/oxIr1no4ufYt1CESOGf0d4f_B-kedEE5gCLcBGAs\/s1600\/foto.png\" imageanchor=\"1\" style=\"margin-left: 1em; margin-right: 1em;\"><img loading=\"lazy\" decoding=\"async\" border=\"0\" data-original-height=\"468\" data-original-width=\"696\" height=\"430\" src=\"http:\/\/blogdoedvaldomagalhaes.com.br\/wp-content\/uploads\/2018\/05\/foto.png\" width=\"640\" \/><\/a><\/div>\n<div style=\"background-color: white; box-sizing: border-box; line-height: 24px; margin-bottom: 10px; text-align: justify;\">\n<\/div>\n<div style=\"background-color: white; box-sizing: border-box; line-height: 24px; margin-bottom: 10px; text-align: justify;\">\nUm homem foi baleado na noite desta sexta-feira (25), no S\u00edtio Cip\u00f3, zona rural de Caruaru. Diego G\u00f3is da Silva, 25 anos, foi socorrido pelo Samu para o Hospital Regional do Agreste (HRA), mas n\u00e3o resistiu e faleceu.<\/div>\n<div style=\"background-color: white; box-sizing: border-box; line-height: 24px; margin-bottom: 10px; text-align: justify;\">\nA informa\u00e7\u00e3o inicial para investiga\u00e7\u00e3o policial \u00e9 de que a v\u00edtima morava na resid\u00eancia de um casal e o dono da casa teria efetuado os disparos. A pol\u00edcia trabalha com a hip\u00f3tese de crime passional.<\/p>\n<div class=\"separator\" style=\"clear: both; text-align: center;\">\n<a href=\"https:\/\/3.bp.blogspot.com\/-1Xhx1ph2oTw\/WwoGYf-_E-I\/AAAAAAAAyPM\/aLkgccRfKgggeVoJGdCWhvHpuShrGDz-gCLcBGAs\/s1600\/ele.jpg\" imageanchor=\"1\" style=\"margin-left: 1em; margin-right: 1em;\"><img loading=\"lazy\" decoding=\"async\" border=\"0\" data-original-height=\"720\" data-original-width=\"960\" height=\"480\" src=\"http:\/\/blogdoedvaldomagalhaes.com.br\/wp-content\/uploads\/2018\/05\/ele-8.jpg\" width=\"640\" \/><\/a><\/div>\n<p><\/div>\n<div style=\"background-color: white; box-sizing: border-box; line-height: 24px; margin-bottom: 10px; text-align: justify;\">\nCom este homic\u00eddio, sobe para 12 o n\u00famero de pessoas assassinadas no m\u00eas de maio em Caruaru e para 81 neste ano de 2018.<\/div>\n<div style=\"background-color: white; box-sizing: border-box; line-height: 24px; margin-bottom: 10px; text-align: justify;\">\nRegistrados homic\u00eddios tamb\u00e9m em S\u00e3o Caetano, Cupira e Agrestina.<\/div>\n<div style=\"background-color: white; box-sizing: border-box; line-height: 24px; margin-bottom: 10px; text-align: justify;\">\nFonte: R\u00e1dio Liberdade.<\/div>\n","protected":false},"excerpt":{"rendered":"<p>Um homem foi baleado na noite desta sexta-feira (25), no S\u00edtio Cip\u00f3, zona rural de Caruaru. Diego G\u00f3is da Silva,&hellip;<\/p>\n","protected":false},"author":1,"featured_media":0,"comment_status":"open","ping_status":"open","sticky":false,"template":"","format":"standard","meta":{"footnotes":""},"categories":[1],"tags":[2,2442,13],"class_list":["post-2302","post","type-post","status-publish","format-standard","hentry","category-sem-categoria","tag-blog-do-edvaldo-magalhaes","tag-homicidio-em-caruaru-homem-baleado-no-sitio-cipo-morre-no-hra","tag-policial"],"_links":{"self":[{"href":"https:\/\/blogdoedvaldomagalhaes.com.br\/index.php\/wp-json\/wp\/v2\/posts\/2302","targetHints":{"allow":["GET"]}}],"collection":[{"href":"https:\/\/blogdoedvaldomagalhaes.com.br\/index.php\/wp-json\/wp\/v2\/posts"}],"about":[{"href":"https:\/\/blogdoedvaldomagalhaes.com.br\/index.php\/wp-json\/wp\/v2\/types\/post"}],"author":[{"embeddable":true,"href":"https:\/\/blogdoedvaldomagalhaes.com.br\/index.php\/wp-json\/wp\/v2\/users\/1"}],"replies":[{"embeddable":true,"href":"https:\/\/blogdoedvaldomagalhaes.com.br\/index.php\/wp-json\/wp\/v2\/comments?post=2302"}],"version-history":[{"count":1,"href":"https:\/\/blogdoedvaldomagalhaes.com.br\/index.php\/wp-json\/wp\/v2\/posts\/2302\/revisions"}],"predecessor-version":[{"id":31183,"href":"https:\/\/blogdoedvaldomagalhaes.com.br\/index.php\/wp-json\/wp\/v2\/posts\/2302\/revisions\/31183"}],"wp:attachment":[{"href":"https:\/\/blogdoedvaldomagalhaes.com.br\/index.php\/wp-json\/wp\/v2\/media?parent=2302"}],"wp:term":[{"taxonomy":"category","embeddable":true,"href":"https:\/\/blogdoedvaldomagalhaes.com.br\/index.php\/wp-json\/wp\/v2\/categories?post=2302"},{"taxonomy":"post_tag","embeddable":true,"href":"https:\/\/blogdoedvaldomagalhaes.com.br\/index.php\/wp-json\/wp\/v2\/tags?post=2302"}],"curies":[{"name":"wp","href":"https:\/\/api.w.org\/{rel}","templated":true}]}}