{"id":2301,"date":"2018-05-26T12:38:00","date_gmt":"2018-05-26T15:38:00","guid":{"rendered":"http:\/\/blogdoedvaldomagalhaes.com.br\/index.php\/2018\/05\/26\/montagem-da-estrutura-do-sao-joao-de\/"},"modified":"2019-02-09T02:16:16","modified_gmt":"2019-02-09T04:16:16","slug":"montagem-da-estrutura-do-sao-joao-de","status":"publish","type":"post","link":"https:\/\/blogdoedvaldomagalhaes.com.br\/index.php\/2018\/05\/26\/montagem-da-estrutura-do-sao-joao-de\/","title":{"rendered":"Montagem da estrutura do S\u00e3o Jo\u00e3o de Caruaru \u00e9 liberada ap\u00f3s vistoria"},"content":{"rendered":"<div class=\"separator\" style=\"clear: both; text-align: center;\">\n<a href=\"https:\/\/4.bp.blogspot.com\/-xUijb9hDKWs\/WwlUubtIfXI\/AAAAAAAAyJw\/4Odrb1yLOtA2PkOYHXg5uoUoXQJ7RG_dgCLcBGAs\/s1600\/s%25C3%25A3o%2Bjo%25C3%25A3o.jpg\" imageanchor=\"1\" style=\"margin-left: 1em; margin-right: 1em;\"><img loading=\"lazy\" decoding=\"async\" border=\"0\" data-original-height=\"577\" data-original-width=\"1024\" height=\"360\" src=\"http:\/\/blogdoedvaldomagalhaes.com.br\/wp-content\/uploads\/2018\/05\/sC3A3ojoC3A3o.jpg\" width=\"640\" \/><\/a><\/div>\n<div class=\"separator\" style=\"clear: both; text-align: center;\">\nFoto: Iza\u00edas Rodrigues\/R\u00e1dio Liberdade<\/div>\n<div class=\"separator\" style=\"clear: both; text-align: center;\">\n<\/div>\n<div style=\"background-color: white; box-sizing: border-box; line-height: 24px; margin-bottom: 10px; text-align: justify;\">\n<div style=\"border: 0px; margin-bottom: 1.5em; outline: 0px; padding: 0px; text-align: justify; vertical-align: baseline;\">\n<strong style=\"border: 0px; font-style: inherit; margin: 0px; outline: 0px; padding: 0px; vertical-align: baseline;\">NOTA OFICIAL<\/strong><\/div>\n<div style=\"border: 0px; margin-bottom: 1.5em; outline: 0px; padding: 0px; text-align: justify; vertical-align: baseline;\">\nMTE\/CARUARU liberou, nesta quinta e tamb\u00e9m nesta sexta, durante vistoria, os servi\u00e7os e atividades de trabalhadores em altura, bem como os servi\u00e7os el\u00e9tricos, relacionados \u00e0 montagem do palco e camarotes do P\u00e1tio de Eventos Lu\u00edz Gonzaga, que estavam INTERDITADOS, desde o dia 14\/05, por apresentarem riscos de acidentes aos trabalhadores.<\/div>\n<div style=\"border: 0px; margin-bottom: 1.5em; outline: 0px; padding: 0px; text-align: justify; vertical-align: baseline;\">\nIsto somente foi poss\u00edvel, porque, durante a vistoria, ficou constatado que as empresas terceirizadas, contratadas para a montagem cumpriram todas obriga\u00e7\u00f5es exigidas por lei, comprovadas por meio de documentos e laudos t\u00e9cnicos, al\u00e9m de eliminarem as condi\u00e7\u00f5es inseguras de trabalho, que poderiam causar acidentes aos trabalhadores.<\/div>\n<div style=\"border: 0px; margin-bottom: 1.5em; outline: 0px; padding: 0px; text-align: justify; vertical-align: baseline;\">\nDentre os principais pontos que foram corrigidos destacam-se os seguintes:<\/div>\n<div style=\"border: 0px; margin-bottom: 1.5em; outline: 0px; padding: 0px; text-align: justify; vertical-align: baseline;\">\n1. Os trabalhadores envolvidos na montagem passaram por treinamento e programa de capacita\u00e7\u00e3o, para trabalho em altura, previstos em lei, bem como foi comprovada a aptid\u00e3o m\u00e9dica para tal atividade.<\/div>\n<div style=\"border: 0px; margin-bottom: 1.5em; outline: 0px; padding: 0px; text-align: justify; vertical-align: baseline;\">\n2. As empresas promoveram a instala\u00e7\u00e3o de sistemas de prote\u00e7\u00e3o contra quedas, incluindo os pontos de ancoragem, selecionados por profissional habilitado, impedindo a ocorr\u00eancia de acidentes por quedas, apresentando, ainda, laudos t\u00e9cnicos que atestam a seguran\u00e7a destes dispositivos.<\/div>\n<div style=\"border: 0px; margin-bottom: 1.5em; outline: 0px; padding: 0px; text-align: justify; vertical-align: baseline;\">\n3. Todas as irregularidades encontradas nas instala\u00e7\u00f5es el\u00e9tricas, como fia\u00e7\u00e3o, foram corrigidas, incluindo o aterramento das estruturas met\u00e1licas, eliminando os riscos de acidentes por choques el\u00e9tricos.<\/div>\n<div style=\"border: 0px; margin-bottom: 1.5em; outline: 0px; padding: 0px; text-align: justify; vertical-align: baseline;\">\n4. Os buracos e aberturas encontrados, no piso dos camarotes e no ch\u00e3o, foram fechados, assim como as empresas providenciaram, para o local, a instala\u00e7\u00e3o de sistemas contra inc\u00eandio.<\/div>\n<div style=\"border: 0px; margin-bottom: 1.5em; outline: 0px; padding: 0px; text-align: justify; vertical-align: baseline;\">\nPor conta de todas essas melhorias e adequa\u00e7\u00f5es, o MTE suspendeu a INTERDI\u00c7\u00c3O, e os trabalhadores, enfim, podem voltar \u00e0s atividades e trabalhos em altura, agora, com muita seguran\u00e7a, e assim, podem prosseguir na montagem do melhor e Maior S\u00e3o Jo\u00e3o do Mundo.<\/div>\n<\/div>\n","protected":false},"excerpt":{"rendered":"<p>Foto: Iza\u00edas Rodrigues\/R\u00e1dio Liberdade NOTA OFICIAL MTE\/CARUARU liberou, nesta quinta e tamb\u00e9m nesta sexta, durante vistoria, os servi\u00e7os e atividades&hellip;<\/p>\n","protected":false},"author":1,"featured_media":0,"comment_status":"open","ping_status":"open","sticky":false,"template":"","format":"standard","meta":{"footnotes":""},"categories":[1],"tags":[2,2441,6],"class_list":["post-2301","post","type-post","status-publish","format-standard","hentry","category-sem-categoria","tag-blog-do-edvaldo-magalhaes","tag-montagem-da-estrutura-do-sao-joao-de-caruaru-e-liberada-apos-vistoria","tag-noticias"],"_links":{"self":[{"href":"https:\/\/blogdoedvaldomagalhaes.com.br\/index.php\/wp-json\/wp\/v2\/posts\/2301","targetHints":{"allow":["GET"]}}],"collection":[{"href":"https:\/\/blogdoedvaldomagalhaes.com.br\/index.php\/wp-json\/wp\/v2\/posts"}],"about":[{"href":"https:\/\/blogdoedvaldomagalhaes.com.br\/index.php\/wp-json\/wp\/v2\/types\/post"}],"author":[{"embeddable":true,"href":"https:\/\/blogdoedvaldomagalhaes.com.br\/index.php\/wp-json\/wp\/v2\/users\/1"}],"replies":[{"embeddable":true,"href":"https:\/\/blogdoedvaldomagalhaes.com.br\/index.php\/wp-json\/wp\/v2\/comments?post=2301"}],"version-history":[{"count":1,"href":"https:\/\/blogdoedvaldomagalhaes.com.br\/index.php\/wp-json\/wp\/v2\/posts\/2301\/revisions"}],"predecessor-version":[{"id":31185,"href":"https:\/\/blogdoedvaldomagalhaes.com.br\/index.php\/wp-json\/wp\/v2\/posts\/2301\/revisions\/31185"}],"wp:attachment":[{"href":"https:\/\/blogdoedvaldomagalhaes.com.br\/index.php\/wp-json\/wp\/v2\/media?parent=2301"}],"wp:term":[{"taxonomy":"category","embeddable":true,"href":"https:\/\/blogdoedvaldomagalhaes.com.br\/index.php\/wp-json\/wp\/v2\/categories?post=2301"},{"taxonomy":"post_tag","embeddable":true,"href":"https:\/\/blogdoedvaldomagalhaes.com.br\/index.php\/wp-json\/wp\/v2\/tags?post=2301"}],"curies":[{"name":"wp","href":"https:\/\/api.w.org\/{rel}","templated":true}]}}