{"id":2300,"date":"2018-05-26T13:31:00","date_gmt":"2018-05-26T16:31:00","guid":{"rendered":"http:\/\/blogdoedvaldomagalhaes.com.br\/index.php\/2018\/05\/26\/caruaru-sem-combustiveis-e-gas-de\/"},"modified":"2019-02-09T02:16:16","modified_gmt":"2019-02-09T04:16:16","slug":"caruaru-sem-combustiveis-e-gas-de","status":"publish","type":"post","link":"https:\/\/blogdoedvaldomagalhaes.com.br\/index.php\/2018\/05\/26\/caruaru-sem-combustiveis-e-gas-de\/","title":{"rendered":"Caruaru sem combust\u00edveis e g\u00e1s de cozinha"},"content":{"rendered":"<div class=\"separator\" style=\"clear: both; text-align: center;\">\n<a href=\"https:\/\/2.bp.blogspot.com\/-Uzh3nfIYXTg\/WwlhdyexX7I\/AAAAAAAAyJ8\/Cd9X9nzN8u0ocbF65wuyN1iL4df3X69nACLcBGAs\/s1600\/g%25C3%25A1s.jpeg\" imageanchor=\"1\" style=\"margin-left: 1em; margin-right: 1em;\"><img loading=\"lazy\" decoding=\"async\" border=\"0\" data-original-height=\"562\" data-original-width=\"1535\" height=\"230\" src=\"http:\/\/blogdoedvaldomagalhaes.com.br\/wp-content\/uploads\/2018\/05\/gC3A1s.jpeg\" width=\"640\" \/><\/a><\/div>\n<p><\/p>\n<div style=\"text-align: justify;\">\nA popula\u00e7\u00e3o caruaruense sente os efeitos da crise dos combust\u00edveis que assola o pa\u00eds, n\u00e3o tem combust\u00edvel em nenhum posto da cidade, como tamb\u00e9m, as revendedoras de g\u00e1s de cozinha dizem que est\u00e3o com o estoque zerado.<\/div>\n","protected":false},"excerpt":{"rendered":"<p>A popula\u00e7\u00e3o caruaruense sente os efeitos da crise dos combust\u00edveis que assola o pa\u00eds, n\u00e3o tem combust\u00edvel em nenhum posto&hellip;<\/p>\n","protected":false},"author":1,"featured_media":0,"comment_status":"open","ping_status":"open","sticky":false,"template":"","format":"standard","meta":{"footnotes":""},"categories":[1],"tags":[2,2440,6],"class_list":["post-2300","post","type-post","status-publish","format-standard","hentry","category-sem-categoria","tag-blog-do-edvaldo-magalhaes","tag-caruaru-sem-combustiveis-e-gas-de-cozinha","tag-noticias"],"_links":{"self":[{"href":"https:\/\/blogdoedvaldomagalhaes.com.br\/index.php\/wp-json\/wp\/v2\/posts\/2300","targetHints":{"allow":["GET"]}}],"collection":[{"href":"https:\/\/blogdoedvaldomagalhaes.com.br\/index.php\/wp-json\/wp\/v2\/posts"}],"about":[{"href":"https:\/\/blogdoedvaldomagalhaes.com.br\/index.php\/wp-json\/wp\/v2\/types\/post"}],"author":[{"embeddable":true,"href":"https:\/\/blogdoedvaldomagalhaes.com.br\/index.php\/wp-json\/wp\/v2\/users\/1"}],"replies":[{"embeddable":true,"href":"https:\/\/blogdoedvaldomagalhaes.com.br\/index.php\/wp-json\/wp\/v2\/comments?post=2300"}],"version-history":[{"count":1,"href":"https:\/\/blogdoedvaldomagalhaes.com.br\/index.php\/wp-json\/wp\/v2\/posts\/2300\/revisions"}],"predecessor-version":[{"id":31187,"href":"https:\/\/blogdoedvaldomagalhaes.com.br\/index.php\/wp-json\/wp\/v2\/posts\/2300\/revisions\/31187"}],"wp:attachment":[{"href":"https:\/\/blogdoedvaldomagalhaes.com.br\/index.php\/wp-json\/wp\/v2\/media?parent=2300"}],"wp:term":[{"taxonomy":"category","embeddable":true,"href":"https:\/\/blogdoedvaldomagalhaes.com.br\/index.php\/wp-json\/wp\/v2\/categories?post=2300"},{"taxonomy":"post_tag","embeddable":true,"href":"https:\/\/blogdoedvaldomagalhaes.com.br\/index.php\/wp-json\/wp\/v2\/tags?post=2300"}],"curies":[{"name":"wp","href":"https:\/\/api.w.org\/{rel}","templated":true}]}}