{"id":230,"date":"2019-01-13T23:02:00","date_gmt":"2019-01-14T01:02:00","guid":{"rendered":"http:\/\/blogdoedvaldomagalhaes.com.br\/index.php\/2019\/01\/13\/conselho-municipal-de-politica-de\/"},"modified":"2019-02-09T02:49:13","modified_gmt":"2019-02-09T04:49:13","slug":"conselho-municipal-de-politica-de","status":"publish","type":"post","link":"https:\/\/blogdoedvaldomagalhaes.com.br\/index.php\/2019\/01\/13\/conselho-municipal-de-politica-de\/","title":{"rendered":"Conselho Municipal de Pol\u00edtica de Cultural de Caruaru promove primeira reuni\u00e3o do bi\u00eanio 2019-2020"},"content":{"rendered":"<div class=\"separator\" style=\"clear: both; text-align: center;\">\n<a href=\"https:\/\/1.bp.blogspot.com\/-6ktGqNLa2UU\/XDvCY4WFiQI\/AAAAAAABBEE\/3REZ8bbxiIUDcKOsXD8V-ek_E5QnHUbfwCLcBGAs\/s1600\/WhatsApp%2BImage%2B2018-11-24%2Bat%2B20.01.19%2B%25281%2529.jpeg\" imageanchor=\"1\" style=\"margin-left: 1em; margin-right: 1em;\"><img loading=\"lazy\" decoding=\"async\" border=\"0\" data-original-height=\"960\" data-original-width=\"1280\" height=\"480\" src=\"http:\/\/blogdoedvaldomagalhaes.com.br\/wp-content\/uploads\/2019\/01\/WhatsAppImage2018-11-24at20.01.1928129.jpeg\" width=\"640\" \/><\/a><\/div>\n<p><\/p>\n<div class=\"MsoNormal\" style=\"font-family: Calibri, sans-serif; line-height: 18.0473px; margin: 0cm 0cm 8pt; text-align: justify; text-indent: 35.45pt;\">\nNesta segunda-feira (14) o Conselho Municipal de Pol\u00edtica Cultural de Caruaru (CMPCC) reunir\u00e1 os novos membros do bi\u00eanio 2019-2020 para o primeiro encontro. Ser\u00e1 a oportunidade de se fazer a apresenta\u00e7\u00e3o do novo presidente da Funda\u00e7\u00e3o de Cultura e Turismo de Caruaru (FCTC), Rubens J\u00fanior, aos membros titulares e suplentes de cada secretaria do governo municipal e da sociedade civil que ser\u00e3o empossados.<\/p>\n<p>Na pauta tamb\u00e9m est\u00e3o a apresenta\u00e7\u00e3o do Projeto Carnaval Caruaru Cultural, a cria\u00e7\u00e3o do grupo de trabalho para elabora\u00e7\u00e3o dos editais de sele\u00e7\u00e3o art\u00edstica da Semana Santa e do S\u00e3o Jo\u00e3o, e a elei\u00e7\u00e3o do vice-presidente e do secret\u00e1rio do CMPPC. A reuni\u00e3o ser\u00e1 aberta ao p\u00fablico no audit\u00f3rio do Museu do Barro, a partir das 19h.<\/p><\/div>\n<div class=\"MsoNormal\" style=\"font-family: Calibri, sans-serif; line-height: 18.0473px; margin: 0cm 14.1pt 0.0001pt 0cm; text-align: justify;\">\n<\/div>\n<div class=\"MsoNormal\" style=\"font-family: Calibri, sans-serif; line-height: 18.0473px; margin: 0cm 14.1pt 0.0001pt 0cm; text-align: justify;\">\n<b>Rela\u00e7\u00e3o dos conselheiros e titulares do Bi\u00eanio 2019 \/ 2020 do CMPCC<\/b><\/div>\n<div class=\"MsoNormal\" style=\"font-family: Calibri, sans-serif; line-height: 18.0473px; margin: 0cm 14.1pt 0.0001pt 0cm; text-align: justify;\">\n<\/div>\n<div class=\"MsoNormal\" style=\"font-family: Calibri, sans-serif; line-height: 18.0473px; margin: 0cm 14.1pt 0.0001pt 0cm; text-align: justify;\">\n<\/div>\n<div class=\"MsoNormal\" style=\"font-family: Calibri, sans-serif; line-height: 18.0473px; text-align: justify;\">\n<b><u>I &#8211; REPRESENTA\u00c7\u00c3O GOVERNAMENTAL:<\/u><\/b><\/div>\n<h3 style=\"break-after: avoid; font-family: &quot;Times New Roman&quot;, serif; font-weight: normal; line-height: 19.688px; text-align: justify;\">\n<b>&nbsp;<\/b><\/h3>\n<h3 style=\"break-after: avoid; font-family: &quot;Times New Roman&quot;, serif; font-weight: normal; line-height: 19.688px; text-align: justify;\">\n<b>a) FUNDA\u00c7\u00c3O DE CULTURA E TURISMO DE CARUARU<\/b><\/h3>\n<h3 style=\"break-after: avoid; font-family: &quot;Times New Roman&quot;, serif; font-weight: normal; line-height: 19.688px; text-align: justify;\">\nTitular: Rubens Rodrigues da Silva Junior<\/h3>\n<h3 style=\"break-after: avoid; font-family: &quot;Times New Roman&quot;, serif; font-weight: normal; line-height: 19.688px; text-align: justify;\">\nSuplente: Leonardo Santos Salazar<\/h3>\n<h3 style=\"break-after: avoid; font-family: &quot;Times New Roman&quot;, serif; font-weight: normal; line-height: 19.688px; text-align: justify;\">\n&nbsp;<\/h3>\n<h3 style=\"break-after: avoid; font-family: &quot;Times New Roman&quot;, serif; font-weight: normal; line-height: 19.688px; text-align: justify;\">\n<b>b) SECRETARIA DE EDUCA\u00c7\u00c3O<\/b><\/h3>\n<h3 style=\"break-after: avoid; font-family: &quot;Times New Roman&quot;, serif; font-weight: normal; line-height: 19.688px; text-align: justify;\">\nTitular: Adriana de Sales Azevedo<\/h3>\n<h3 style=\"break-after: avoid; font-family: &quot;Times New Roman&quot;, serif; font-weight: normal; line-height: 19.688px; text-align: justify;\">\nSuplente: Sergio Felix Romano<\/h3>\n<h3 style=\"break-after: avoid; font-family: &quot;Times New Roman&quot;, serif; font-weight: normal; line-height: 19.688px; text-align: justify;\">\n&nbsp;<\/h3>\n<h3 style=\"break-after: avoid; font-family: &quot;Times New Roman&quot;, serif; font-weight: normal; line-height: 19.688px; text-align: justify;\">\n<b>c) SECRETARIA EXECUTIVA DE IMPRENSA E COMUNICA\u00c7\u00c3O<\/b><\/h3>\n<h3 style=\"break-after: avoid; font-family: &quot;Times New Roman&quot;, serif; font-weight: normal; line-height: 19.688px; text-align: justify;\">\nTitular: Antonio MacieL Pereira Neto<\/h3>\n<h3 style=\"break-after: avoid; font-family: &quot;Times New Roman&quot;, serif; font-weight: normal; line-height: 19.688px; text-align: justify;\">\nSuplente: Michelle Soares Veloso Carneiro<\/h3>\n<h3 style=\"break-after: avoid; font-family: &quot;Times New Roman&quot;, serif; font-weight: normal; line-height: 19.688px; text-align: justify;\">\n&nbsp;<\/h3>\n<h3 style=\"break-after: avoid; font-family: &quot;Times New Roman&quot;, serif; font-weight: normal; line-height: 19.688px; text-align: justify;\">\n<b>d) SECRETARIA DA FAZENDA<\/b><\/h3>\n<h3 style=\"break-after: avoid; font-family: &quot;Times New Roman&quot;, serif; font-weight: normal; line-height: 19.688px; text-align: justify;\">\nTitular: Zaldo Menezes de Carvalho<\/h3>\n<h3 style=\"break-after: avoid; font-family: &quot;Times New Roman&quot;, serif; font-weight: normal; line-height: 19.688px; text-align: justify;\">\nSuplente: Tony Heber Gouveia Santos Silva<\/h3>\n<h3 style=\"break-after: avoid; font-family: &quot;Times New Roman&quot;, serif; font-weight: normal; line-height: 19.688px; text-align: justify;\">\n&nbsp;<\/h3>\n<h3 style=\"break-after: avoid; font-family: &quot;Times New Roman&quot;, serif; font-weight: normal; line-height: 19.688px; text-align: justify;\">\n<b>e) SECRETARIA DE DESENVOLVIMENTO ECON\u00d4MICO E ECONOMIA CRIATIVA<\/b><\/h3>\n<h3 style=\"break-after: avoid; font-family: &quot;Times New Roman&quot;, serif; font-weight: normal; line-height: 19.688px; text-align: justify;\">\nTitular: Ludmila de Oliveira Lima Arag\u00e3o<\/h3>\n<h3 style=\"break-after: avoid; font-family: &quot;Times New Roman&quot;, serif; font-weight: normal; line-height: 19.688px; text-align: justify;\">\nSuplente: Brenda Rodrigues dos Santos<\/h3>\n<h3 style=\"break-after: avoid; font-family: &quot;Times New Roman&quot;, serif; font-weight: normal; line-height: 19.688px; text-align: justify;\">\n&nbsp;<\/h3>\n<h3 style=\"break-after: avoid; font-family: &quot;Times New Roman&quot;, serif; font-weight: normal; line-height: 19.688px; text-align: justify;\">\n<b>f) SECRETARIA DE DESENVOLVIMENTO SOCIAL E DIREITOS HUMANOS<\/b><\/h3>\n<h3 style=\"break-after: avoid; font-family: &quot;Times New Roman&quot;, serif; font-weight: normal; line-height: 19.688px; text-align: justify;\">\nTitular: Rodrigo Tulio Martins Ferreira<\/h3>\n<h3 style=\"break-after: avoid; font-family: &quot;Times New Roman&quot;, serif; font-weight: normal; line-height: 19.688px; text-align: justify;\">\nSuplente: Merielle Lino Lins<b><\/b><\/h3>\n<h3 style=\"break-after: avoid; font-family: &quot;Times New Roman&quot;, serif; font-weight: normal; line-height: 19.688px; text-align: justify;\">\n<b>&nbsp;<\/b><\/h3>\n<h3 style=\"break-after: avoid; font-family: &quot;Times New Roman&quot;, serif; font-weight: normal; line-height: 19.688px; text-align: justify;\">\n<b>g) SECRETARIA DE POL\u00cdTICAS PARA MULHERES<\/b><\/h3>\n<h3 style=\"break-after: avoid; font-family: &quot;Times New Roman&quot;, serif; font-weight: normal; line-height: 19.688px; text-align: justify;\">\nTitular: Maria da Concei\u00e7\u00e3o de Lima Gadelha<\/h3>\n<h3 style=\"break-after: avoid; font-family: &quot;Times New Roman&quot;, serif; font-weight: normal; line-height: 19.688px; text-align: justify;\">\nSuplente: Iris Jacyara de Lima Andrade<b><\/b><\/h3>\n<div class=\"MsoNormal\" style=\"font-family: Calibri, sans-serif; line-height: 18.0473px; text-align: justify;\">\n<\/div>\n<h3 style=\"break-after: avoid; font-family: &quot;Times New Roman&quot;, serif; font-weight: normal; line-height: 19.688px; text-align: justify;\">\n<b>h) SECRETARIA DE URBANISMO E OBRAS<\/b><\/h3>\n<h3 style=\"break-after: avoid; font-family: &quot;Times New Roman&quot;, serif; font-weight: normal; line-height: 19.688px; text-align: justify;\">\nTitular: Ricardo de Souza Almeida<\/h3>\n<h3 style=\"break-after: avoid; font-family: &quot;Times New Roman&quot;, serif; font-weight: normal; line-height: 19.688px; text-align: justify;\">\nSuplente: Anny Danielly de Almeida<\/h3>\n<h3 style=\"break-after: avoid; font-family: &quot;Times New Roman&quot;, serif; font-weight: normal; line-height: 19.688px; text-align: justify;\">\n<b>&nbsp;<\/b><\/h3>\n<h3 style=\"break-after: avoid; font-family: &quot;Times New Roman&quot;, serif; font-weight: normal; line-height: 19.688px; text-align: justify;\">\n<b>i) SECRETARIA DE SA\u00daDE<\/b><\/h3>\n<h3 style=\"break-after: avoid; font-family: &quot;Times New Roman&quot;, serif; font-weight: normal; line-height: 19.688px; text-align: justify;\">\nTitular: Hermes Flor<\/h3>\n<h3 style=\"break-after: avoid; font-family: &quot;Times New Roman&quot;, serif; font-weight: normal; line-height: 19.688px; text-align: justify;\">\nSuplente: Sarah Zayanne<\/h3>\n<h3 style=\"break-after: avoid; font-family: &quot;Times New Roman&quot;, serif; font-weight: normal; line-height: 19.688px; text-align: justify;\">\n<b>&nbsp;<\/b><\/h3>\n<h3 style=\"break-after: avoid; font-family: &quot;Times New Roman&quot;, serif; font-weight: normal; line-height: 19.688px; text-align: justify;\">\n<b>j) SECRETARIA DE SUSTENTABILIDADE E DESENVOLVIMENTO RURAL<\/b><\/h3>\n<h3 style=\"break-after: avoid; font-family: &quot;Times New Roman&quot;, serif; font-weight: normal; line-height: 19.688px; text-align: justify;\">\nTitular: Jos\u00e9 Roberto Peixoto da Silva<\/h3>\n<h3 style=\"break-after: avoid; font-family: &quot;Times New Roman&quot;, serif; font-weight: normal; line-height: 19.688px; text-align: justify;\">\nSuplente: Jos\u00e9 Alexandre Barbosa Leite<\/h3>\n<h3 style=\"break-after: avoid; font-family: &quot;Times New Roman&quot;, serif; font-weight: normal; line-height: 19.688px; text-align: justify;\">\n<b>&nbsp;<\/b><\/h3>\n<h3 style=\"break-after: avoid; font-family: &quot;Times New Roman&quot;, serif; font-weight: normal; line-height: 19.688px; text-align: justify;\">\n<b>l) SECRETARIA DE PLANEJAMENTO, OR\u00c7AMENTO E GEST\u00c3O<\/b><\/h3>\n<h3 style=\"break-after: avoid; font-family: &quot;Times New Roman&quot;, serif; font-weight: normal; line-height: 19.688px; text-align: justify;\">\nTitular: Alcides da Silva Santos Filho<\/h3>\n<h3 style=\"break-after: avoid; font-family: &quot;Times New Roman&quot;, serif; font-weight: normal; line-height: 19.688px; text-align: justify;\">\nSuplente: Lianna Theresa Interaminense Valen\u00e7a<\/h3>\n<h3 style=\"break-after: avoid; font-family: &quot;Times New Roman&quot;, serif; font-weight: normal; line-height: 19.688px; text-align: justify;\">\n<b>&nbsp;<\/b><\/h3>\n<h3 style=\"break-after: avoid; font-family: &quot;Times New Roman&quot;, serif; font-weight: normal; line-height: 19.688px; text-align: justify;\">\n<b>m) SECRETARIA DE ADMINISTRA\u00c7\u00c3O<\/b><\/h3>\n<h3 style=\"break-after: avoid; font-family: &quot;Times New Roman&quot;, serif; font-weight: normal; line-height: 19.688px; text-align: justify;\">\nTitular: Michael Cerqueira de Oliveira<\/h3>\n<h3 style=\"break-after: avoid; font-family: &quot;Times New Roman&quot;, serif; font-weight: normal; line-height: 19.688px; text-align: justify;\">\nSuplente: Henrique C\u00e9sar Freire de Oliveira<\/h3>\n<h3 style=\"break-after: avoid; font-family: &quot;Times New Roman&quot;, serif; font-weight: normal; line-height: 19.688px; text-align: justify;\">\n<b>&nbsp;<\/b><\/h3>\n<h3 style=\"break-after: avoid; font-family: &quot;Times New Roman&quot;, serif; font-weight: normal; line-height: 19.688px; text-align: justify;\">\n<b>n) SECRETARIA DE SERVI\u00c7OS P\u00daBLICOS<\/b><\/h3>\n<h3 style=\"break-after: avoid; font-family: &quot;Times New Roman&quot;, serif; font-weight: normal; line-height: 19.688px; text-align: justify;\">\nTitular: Bruno de Fran\u00e7a Bezerra dos Santos<\/h3>\n<h3 style=\"break-after: avoid; font-family: &quot;Times New Roman&quot;, serif; font-weight: normal; line-height: 19.688px; text-align: justify;\">\nSuplente: Matheus Silva de Freitas<\/h3>\n<h3 style=\"break-after: avoid; font-family: &quot;Times New Roman&quot;, serif; font-weight: normal; line-height: 19.688px; text-align: justify;\">\n<b>&nbsp;<\/b><\/h3>\n<h3 style=\"break-after: avoid; font-family: &quot;Times New Roman&quot;, serif; font-weight: normal; line-height: 19.688px; text-align: justify;\">\n<b>o) SECRETARIA DE ORDEM P\u00daBLICA<\/b><\/h3>\n<h3 style=\"break-after: avoid; font-family: &quot;Times New Roman&quot;, serif; font-weight: normal; line-height: 19.688px; text-align: justify;\">\nTitular: Bertanara Mota de Oliveira<\/h3>\n<h3 style=\"break-after: avoid; font-family: &quot;Times New Roman&quot;, serif; font-weight: normal; line-height: 19.688px; text-align: justify;\">\nSuplente: Jonathan Soares de Lima<\/h3>\n<h3 style=\"break-after: avoid; font-family: &quot;Times New Roman&quot;, serif; font-weight: normal; line-height: 19.688px; text-align: justify;\">\n<b>&nbsp;<\/b><\/h3>\n<h3 style=\"break-after: avoid; font-family: &quot;Times New Roman&quot;, serif; font-weight: normal; line-height: 19.688px; text-align: justify;\">\n<b>p) C\u00c2MARA MUNICIPAL DE VEREADORES<\/b><\/h3>\n<h3 style=\"break-after: avoid; font-family: &quot;Times New Roman&quot;, serif; font-weight: normal; line-height: 19.688px; text-align: justify;\">\nTitular: Bruno Henrique Silva de Oliveira<\/h3>\n<h3 style=\"break-after: avoid; font-family: &quot;Times New Roman&quot;, serif; font-weight: normal; line-height: 19.688px; text-align: justify;\">\nSuplente: Pierson Tavares Leite<\/h3>\n<h3 style=\"break-after: avoid; font-family: &quot;Times New Roman&quot;, serif; font-weight: normal; line-height: 19.688px; text-align: justify;\">\n&nbsp;<\/h3>\n<h3 style=\"break-after: avoid; font-family: &quot;Times New Roman&quot;, serif; font-weight: normal; line-height: 19.688px; text-align: justify;\">\n<b><u>II &#8211; REPRESENTANTES DE ENTIDADES DA SOCIEDADE CIVIL<\/u><\/b><\/h3>\n<h3 style=\"break-after: avoid; font-family: &quot;Times New Roman&quot;, serif; font-weight: normal; line-height: 19.688px; text-align: justify;\">\n<b>&nbsp;<\/b><\/h3>\n<h3 style=\"break-after: avoid; font-family: &quot;Times New Roman&quot;, serif; font-weight: normal; line-height: 19.688px; text-align: justify;\">\n<b>a) F\u00d3RUM SETORIAL DE ARTES VISUAIS<\/b><\/h3>\n<h3 style=\"break-after: avoid; font-family: &quot;Times New Roman&quot;, serif; font-weight: normal; line-height: 19.688px; text-align: justify;\">\nTitular: Humberto Di\u00f3genes Bot\u00e3o<\/h3>\n<h3 style=\"break-after: avoid; font-family: &quot;Times New Roman&quot;, serif; font-weight: normal; line-height: 19.688px; text-align: justify;\">\nSuplente: Daniele Guerreiro Ferreira<\/h3>\n<h3 style=\"break-after: avoid; font-family: &quot;Times New Roman&quot;, serif; font-weight: normal; line-height: 19.688px; text-align: justify;\">\n<b>&nbsp;<\/b><\/h3>\n<h3 style=\"break-after: avoid; font-family: &quot;Times New Roman&quot;, serif; font-weight: normal; line-height: 19.688px; text-align: justify;\">\n<b>b) F\u00d3RUM SETORIAL DE AUDIOVISUAL<\/b><\/h3>\n<h3 style=\"break-after: avoid; font-family: &quot;Times New Roman&quot;, serif; font-weight: normal; line-height: 19.688px; text-align: justify;\">\nTitular: Luciano Cordeiro Torres<\/h3>\n<h3 style=\"break-after: avoid; font-family: &quot;Times New Roman&quot;, serif; font-weight: normal; line-height: 19.688px; text-align: justify;\">\nSuplente: Paula Fernandes M. de Azevedo<\/h3>\n<h3 style=\"break-after: avoid; font-family: &quot;Times New Roman&quot;, serif; font-weight: normal; line-height: 19.688px; text-align: justify;\">\n<b>&nbsp;<\/b><\/h3>\n<h3 style=\"break-after: avoid; font-family: &quot;Times New Roman&quot;, serif; font-weight: normal; line-height: 19.688px; text-align: justify;\">\n<b>c) F\u00d3RUM SETORIAL DE DESIGN E MODA<\/b><\/h3>\n<h3 style=\"break-after: avoid; font-family: &quot;Times New Roman&quot;, serif; font-weight: normal; line-height: 19.688px; text-align: justify;\">\nTitular: Neidjane de Almeida Ten\u00f3rio<\/h3>\n<h3 style=\"break-after: avoid; font-family: &quot;Times New Roman&quot;, serif; font-weight: normal; line-height: 19.688px; text-align: justify;\">\nSuplente: Suelen Rayane Marcolino da Silva<\/h3>\n<div class=\"MsoNormal\" style=\"font-family: Calibri, sans-serif; line-height: 18.0473px; margin: 0cm 0cm 8pt; text-align: justify;\">\n<\/div>\n<h3 style=\"break-after: avoid; font-family: &quot;Times New Roman&quot;, serif; font-weight: normal; line-height: 19.688px; margin: 0cm 0cm 0.0001pt; text-align: justify;\">\n<b>d) F\u00d3RUM SETORIAL DE ARTESANATO<\/b><\/h3>\n<h3 style=\"break-after: avoid; font-family: &quot;Times New Roman&quot;, serif; font-weight: normal; line-height: 19.688px; margin: 0cm 0cm 0.0001pt; text-align: justify;\">\nTitular: Maria do Socorro Rodrigues<\/h3>\n<h3 style=\"break-after: avoid; font-family: &quot;Times New Roman&quot;, serif; font-weight: normal; line-height: 19.688px; margin: 0cm 0cm 0.0001pt; text-align: justify;\">\nSuplente: Cleonice Ot\u00edlia da Silva<\/h3>\n<h3 style=\"break-after: avoid; font-family: &quot;Times New Roman&quot;, serif; font-weight: normal; line-height: 19.688px; margin: 0cm 0cm 0.0001pt; text-align: justify;\">\n&nbsp;<\/h3>\n<h3 style=\"break-after: avoid; font-family: &quot;Times New Roman&quot;, serif; font-weight: normal; line-height: 19.688px; margin: 0cm 0cm 0.0001pt; text-align: justify;\">\n<b>e) F\u00d3RUM SETORIAL DE M\u00daSICA<\/b><\/h3>\n<h3 style=\"break-after: avoid; font-family: &quot;Times New Roman&quot;, serif; font-weight: normal; line-height: 19.688px; margin: 0cm 0cm 0.0001pt; text-align: justify;\">\nTitular: Jo\u00e3o Batista da Silva<\/h3>\n<h3 style=\"break-after: avoid; font-family: &quot;Times New Roman&quot;, serif; font-weight: normal; line-height: 19.688px; margin: 0cm 0cm 0.0001pt; text-align: justify;\">\nSuplente: Renilda Hemet\u00e9rio Cardoso<\/h3>\n<h3 style=\"break-after: avoid; font-family: &quot;Times New Roman&quot;, serif; font-weight: normal; line-height: 19.688px; margin: 0cm 0cm 0.0001pt; text-align: justify;\">\n&nbsp;<\/h3>\n<h3 style=\"break-after: avoid; font-family: &quot;Times New Roman&quot;, serif; font-weight: normal; line-height: 19.688px; margin: 0cm 0cm 0.0001pt; text-align: justify;\">\n<b>f) F\u00d3RUM SETORIAL DE DAN\u00c7A<\/b><\/h3>\n<h3 style=\"break-after: avoid; font-family: &quot;Times New Roman&quot;, serif; font-weight: normal; line-height: 19.688px; margin: 0cm 0cm 0.0001pt; text-align: justify;\">\nTitular: Ja\u00edlton Jos\u00e9 Vital de Oliveira<\/h3>\n<h3 style=\"break-after: avoid; font-family: &quot;Times New Roman&quot;, serif; font-weight: normal; line-height: 19.688px; margin: 0cm 0cm 0.0001pt; text-align: justify;\">\nSuplente: Vanaldo de Lima Brito<\/h3>\n<h3 style=\"break-after: avoid; font-family: &quot;Times New Roman&quot;, serif; font-weight: normal; line-height: 19.688px; margin: 0cm 0cm 0.0001pt; text-align: justify;\">\n&nbsp;<\/h3>\n<h3 style=\"break-after: avoid; font-family: &quot;Times New Roman&quot;, serif; font-weight: normal; line-height: 19.688px; margin: 0cm 0cm 0.0001pt; text-align: justify;\">\n<b>g) F\u00d3RUM SETORIAL DE ARTES C\u00caNICAS<\/b><\/h3>\n<h3 style=\"break-after: avoid; font-family: &quot;Times New Roman&quot;, serif; font-weight: normal; line-height: 19.688px; margin: 0cm 0cm 0.0001pt; text-align: justify;\">\nTitular: Rafael Am\u00e2ncio Silva Vasconcelos<\/h3>\n<h3 style=\"break-after: avoid; font-family: &quot;Times New Roman&quot;, serif; font-weight: normal; line-height: 19.688px; margin: 0cm 0cm 0.0001pt; text-align: justify;\">\nSuplente: F\u00e1bio Val\u00e9rio Bezerra Pascoal<\/h3>\n<h3 style=\"break-after: avoid; font-family: &quot;Times New Roman&quot;, serif; font-weight: normal; line-height: 19.688px; margin: 0cm 0cm 0.0001pt; text-align: justify;\">\n<b>&nbsp;<\/b><\/h3>\n<h3 style=\"break-after: avoid; font-family: &quot;Times New Roman&quot;, serif; font-weight: normal; line-height: 19.688px; margin: 0cm 0cm 0.0001pt; text-align: justify;\">\n<b>h) F\u00d3RUM SETORIAL DE CULTURA POPULAR<\/b><\/h3>\n<h3 style=\"break-after: avoid; font-family: &quot;Times New Roman&quot;, serif; font-weight: normal; line-height: 19.688px; margin: 0cm 0cm 0.0001pt; text-align: justify;\">\nTitular: Ivanilda Oliveira de Lira<\/h3>\n<h3 style=\"break-after: avoid; font-family: &quot;Times New Roman&quot;, serif; font-weight: normal; line-height: 19.688px; margin: 0cm 0cm 0.0001pt; text-align: justify;\">\nSuplente: Josimael Almeida da Silva<\/h3>\n<h3 style=\"break-after: avoid; font-family: &quot;Times New Roman&quot;, serif; font-weight: normal; line-height: 19.688px; margin: 0cm 0cm 0.0001pt; text-align: justify;\">\n&nbsp;<\/h3>\n<h3 style=\"break-after: avoid; font-family: &quot;Times New Roman&quot;, serif; font-weight: normal; line-height: 19.688px; margin: 0cm 0cm 0.0001pt; text-align: justify;\">\n<b>i) F\u00d3RUM SETORIAL DE ARQUITETURA, URBANISMO E&nbsp;&nbsp;&nbsp; PATRIM\u00d4NIO CULTURAL<\/b><\/h3>\n<h3 style=\"break-after: avoid; font-family: &quot;Times New Roman&quot;, serif; font-weight: normal; line-height: 19.688px; margin: 0cm 0cm 0.0001pt; text-align: justify;\">\nTitular: S\u00e9rgio Andr\u00e9 Cardoso<\/h3>\n<h3 style=\"break-after: avoid; font-family: &quot;Times New Roman&quot;, serif; font-weight: normal; line-height: 19.688px; margin: 0cm 0cm 0.0001pt; text-align: justify;\">\nSuplente: Cl\u00e1udia Pereira Pinto<\/h3>\n<h3 style=\"break-after: avoid; font-family: &quot;Times New Roman&quot;, serif; font-weight: normal; line-height: 19.688px; margin: 0cm 0cm 0.0001pt; text-align: justify;\">\n&nbsp;<\/h3>\n<h3 style=\"break-after: avoid; font-family: &quot;Times New Roman&quot;, serif; font-weight: normal; line-height: 19.688px; margin: 0cm 0cm 0.0001pt; text-align: justify;\">\n<b>j) F\u00d3RUM SETORIAL DE POVOS TRADICIONAIS<\/b><\/h3>\n<h3 style=\"break-after: avoid; font-family: &quot;Times New Roman&quot;, serif; font-weight: normal; line-height: 19.688px; margin: 0cm 0cm 0.0001pt; text-align: justify;\">\nTitular: Jeremias A. Silva de Aquino<\/h3>\n<h3 style=\"break-after: avoid; font-family: &quot;Times New Roman&quot;, serif; font-weight: normal; line-height: 19.688px; margin: 0cm 0cm 0.0001pt; text-align: justify;\">\nSuplente: M\u00e1rcia Eduarda do Nascimento Silva<\/h3>\n<h3 style=\"break-after: avoid; font-family: &quot;Times New Roman&quot;, serif; font-weight: normal; line-height: 19.688px; margin: 0cm 0cm 0.0001pt 35.3pt; text-align: justify;\">\n<b>&nbsp;<\/b><\/h3>\n<h3 style=\"break-after: avoid; font-family: &quot;Times New Roman&quot;, serif; font-weight: normal; line-height: 19.688px; margin: 0cm 0cm 0.0001pt; text-align: justify;\">\n<b>l) F\u00d3RUM SETORIAL DE AGENTES CULTURAIS, TRABALHADORES DA CULTURA E PRODUTORES CULTURAIS<\/b><\/h3>\n<h3 style=\"break-after: avoid; font-family: &quot;Times New Roman&quot;, serif; font-weight: normal; line-height: 19.688px; margin: 0cm 0cm 0.0001pt; text-align: justify;\">\nTitular: Carmem Val\u00e9ria Saboia<\/h3>\n<h3 style=\"break-after: avoid; font-family: &quot;Times New Roman&quot;, serif; font-weight: normal; line-height: 19.688px; margin: 0cm 0cm 0.0001pt; text-align: justify;\">\nSuplente: Ailza Andrade Trajano<\/h3>\n<h3 style=\"break-after: avoid; font-family: &quot;Times New Roman&quot;, serif; font-weight: normal; line-height: 19.688px; margin: 0cm 0cm 0.0001pt; text-align: justify;\">\n<b>&nbsp;<\/b><\/h3>\n<h3 style=\"break-after: avoid; font-family: &quot;Times New Roman&quot;, serif; font-weight: normal; line-height: 19.688px; margin: 0cm 0cm 0.0001pt; text-align: justify;\">\n<b>m) F\u00d3RUM SETORIAL DE INSTITUI\u00c7\u00d5ES CULTURAIS N\u00c3O-GOVERNAMENTAIS<\/b><\/h3>\n<h3 style=\"break-after: avoid; font-family: &quot;Times New Roman&quot;, serif; font-weight: normal; line-height: 19.688px; margin: 0cm 0cm 0.0001pt; text-align: justify;\">\nTitular: Agildo Galdino Ferreira<\/h3>\n<h3 style=\"break-after: avoid; font-family: &quot;Times New Roman&quot;, serif; font-weight: normal; line-height: 19.688px; margin: 0cm 0cm 0.0001pt; text-align: justify;\">\nSuplente: Edil\u00e2nio Teixeira de Carvalho Filho<\/h3>\n<h3 style=\"break-after: avoid; font-family: &quot;Times New Roman&quot;, serif; font-weight: normal; line-height: 19.688px; margin: 0cm 0cm 0.0001pt 35.3pt; text-align: justify;\">\n<b>&nbsp;<\/b><\/h3>\n<h3 style=\"break-after: avoid; font-family: &quot;Times New Roman&quot;, serif; font-weight: normal; line-height: 19.688px; margin: 0cm 0cm 0.0001pt; text-align: justify;\">\n<b>n) F\u00d3RUM SETORIAL DE FOTOGRAFIA<\/b><\/h3>\n<h3 style=\"break-after: avoid; font-family: &quot;Times New Roman&quot;, serif; font-weight: normal; line-height: 19.688px; margin: 0cm 0cm 0.0001pt; text-align: justify;\">\nTitular: Itaqu\u00ea Sales Fontinele<\/h3>\n<h3 style=\"break-after: avoid; font-family: &quot;Times New Roman&quot;, serif; font-weight: normal; line-height: 19.688px; margin: 0cm 0cm 0.0001pt; text-align: justify;\">\nSuplente: S\u00e9rgio Ferreira de Lima<\/h3>\n<h3 style=\"break-after: avoid; font-family: &quot;Times New Roman&quot;, serif; font-weight: normal; line-height: 19.688px; margin: 0cm 0cm 0.0001pt 35.3pt; text-align: justify;\">\n<b>&nbsp;<\/b><\/h3>\n<h3 style=\"break-after: avoid; font-family: &quot;Times New Roman&quot;, serif; font-weight: normal; line-height: 19.688px; margin: 0cm 0cm 0.0001pt; text-align: justify;\">\n<b>o) F\u00d3RUM SETORIAL DO LIVRO, LEITURA E LITERATURA<\/b><\/h3>\n<h3 style=\"break-after: avoid; font-family: &quot;Times New Roman&quot;, serif; font-weight: normal; line-height: 19.688px; margin: 0cm 0cm 0.0001pt; text-align: justify;\">\nTitular: Valdez Soares da Silva<\/h3>\n<h3 style=\"break-after: avoid; font-family: &quot;Times New Roman&quot;, serif; font-weight: normal; line-height: 19.688px; margin: 0cm 0cm 0.0001pt; text-align: justify;\">\nSuplente: Jefferson Mois\u00e9s Domingos da Silva<\/h3>\n<h3 style=\"break-after: avoid; font-family: &quot;Times New Roman&quot;, serif; font-weight: normal; line-height: 19.688px; margin: 0cm 0cm 0.0001pt 35.3pt; text-align: justify;\">\n<b>&nbsp;<\/b><\/h3>\n<h3 style=\"break-after: avoid; font-family: &quot;Times New Roman&quot;, serif; font-weight: normal; line-height: 19.688px; margin: 0cm 0cm 0.0001pt 35.3pt; text-align: justify;\">\n<b>&nbsp;<\/b><\/h3>\n<h3 style=\"break-after: avoid; font-family: &quot;Times New Roman&quot;, serif; font-weight: normal; line-height: 19.688px; margin: 0cm 0cm 0.0001pt; text-align: justify;\">\n<b>p) F\u00d3RUM SETORIAL DE GASTRONOMIA<\/b><\/h3>\n<h3 style=\"break-after: avoid; font-family: &quot;Times New Roman&quot;, serif; font-weight: normal; line-height: 19.688px; margin: 0cm 0cm 0.0001pt; text-align: justify;\">\nTitular: Cleciele Maria Bezerra<\/h3>\n<div class=\"MsoNormal\" style=\"font-family: Calibri, sans-serif; line-height: 18.0473px; margin: 0cm 0cm 8pt; text-align: center;\">\n<\/div>\n<h3 style=\"break-after: avoid; font-family: &quot;Times New Roman&quot;, serif; font-weight: normal; line-height: 19.688px; margin: 0cm 0cm 0.0001pt; text-align: justify;\">\nSuplente: Webson Flor\u00eancio de Lisboa<\/h3>\n","protected":false},"excerpt":{"rendered":"<p>Nesta segunda-feira (14) o Conselho Municipal de Pol\u00edtica Cultural de Caruaru (CMPCC) reunir\u00e1 os novos membros do bi\u00eanio 2019-2020 para&hellip;<\/p>\n","protected":false},"author":1,"featured_media":0,"comment_status":"open","ping_status":"open","sticky":false,"template":"","format":"standard","meta":{"footnotes":""},"categories":[1],"tags":[2,242,6],"class_list":["post-230","post","type-post","status-publish","format-standard","hentry","category-sem-categoria","tag-blog-do-edvaldo-magalhaes","tag-conselho-municipal-de-politica-de-cultural-de-caruaru-promove-primeira-reuniao-do-bienio-2019-2020","tag-noticias"],"_links":{"self":[{"href":"https:\/\/blogdoedvaldomagalhaes.com.br\/index.php\/wp-json\/wp\/v2\/posts\/230","targetHints":{"allow":["GET"]}}],"collection":[{"href":"https:\/\/blogdoedvaldomagalhaes.com.br\/index.php\/wp-json\/wp\/v2\/posts"}],"about":[{"href":"https:\/\/blogdoedvaldomagalhaes.com.br\/index.php\/wp-json\/wp\/v2\/types\/post"}],"author":[{"embeddable":true,"href":"https:\/\/blogdoedvaldomagalhaes.com.br\/index.php\/wp-json\/wp\/v2\/users\/1"}],"replies":[{"embeddable":true,"href":"https:\/\/blogdoedvaldomagalhaes.com.br\/index.php\/wp-json\/wp\/v2\/comments?post=230"}],"version-history":[{"count":1,"href":"https:\/\/blogdoedvaldomagalhaes.com.br\/index.php\/wp-json\/wp\/v2\/posts\/230\/revisions"}],"predecessor-version":[{"id":37433,"href":"https:\/\/blogdoedvaldomagalhaes.com.br\/index.php\/wp-json\/wp\/v2\/posts\/230\/revisions\/37433"}],"wp:attachment":[{"href":"https:\/\/blogdoedvaldomagalhaes.com.br\/index.php\/wp-json\/wp\/v2\/media?parent=230"}],"wp:term":[{"taxonomy":"category","embeddable":true,"href":"https:\/\/blogdoedvaldomagalhaes.com.br\/index.php\/wp-json\/wp\/v2\/categories?post=230"},{"taxonomy":"post_tag","embeddable":true,"href":"https:\/\/blogdoedvaldomagalhaes.com.br\/index.php\/wp-json\/wp\/v2\/tags?post=230"}],"curies":[{"name":"wp","href":"https:\/\/api.w.org\/{rel}","templated":true}]}}