{"id":2297,"date":"2018-05-26T15:20:00","date_gmt":"2018-05-26T18:20:00","guid":{"rendered":"http:\/\/blogdoedvaldomagalhaes.com.br\/index.php\/2018\/05\/26\/internos-fogem-da-funase-caruaru\/"},"modified":"2019-02-09T02:16:21","modified_gmt":"2019-02-09T04:16:21","slug":"internos-fogem-da-funase-caruaru","status":"publish","type":"post","link":"https:\/\/blogdoedvaldomagalhaes.com.br\/index.php\/2018\/05\/26\/internos-fogem-da-funase-caruaru\/","title":{"rendered":"Internos fogem da Funase Caruaru durante rebeli\u00e3o e Rocam recupera dois deles"},"content":{"rendered":"<div class=\"separator\" style=\"clear: both; text-align: center;\">\n<a href=\"https:\/\/1.bp.blogspot.com\/-FX27v-I7k94\/Wwl62eimhiI\/AAAAAAAAyKw\/DZXc6gUAqRkSj4knCrB6RL1rL-iO96mGwCLcBGAs\/s1600\/funase.jpg\" imageanchor=\"1\" style=\"margin-left: 1em; margin-right: 1em;\"><img loading=\"lazy\" decoding=\"async\" border=\"0\" data-original-height=\"375\" data-original-width=\"660\" height=\"362\" src=\"http:\/\/blogdoedvaldomagalhaes.com.br\/wp-content\/uploads\/2018\/05\/funase-1.jpg\" width=\"640\" \/><\/a><\/div>\n<div style=\"text-align: justify;\">\n<\/div>\n<div style=\"text-align: justify;\">\nNa noite dessa sexta-feira (25), houve uma rebeli\u00e3o na Funase Caruaru, quando os internos cerraram grades, queimaram colch\u00f5es e depredaram celas, cerca de oito socioeducativos conseguiram fugir, mas a pol\u00edcia continua realizando buscas para recuperar os outros fugitivos. Equipes do 4\u00ba BPM, BIEsp, Samu e Corpo de Bombeiros estiveram no local controlaram a rebeli\u00e3o.<\/p>\n<div class=\"separator\" style=\"clear: both; text-align: center;\">\n<a href=\"https:\/\/4.bp.blogspot.com\/-nS0XVIhddQg\/WwoFzNJ9NEI\/AAAAAAAAyOk\/Jy492xxwSN0PD-42hwOh-b7X_xdWYB_vgCLcBGAs\/s1600\/1.jpg\" imageanchor=\"1\" style=\"margin-left: 1em; margin-right: 1em;\"><img loading=\"lazy\" decoding=\"async\" border=\"0\" data-original-height=\"960\" data-original-width=\"720\" height=\"640\" src=\"http:\/\/blogdoedvaldomagalhaes.com.br\/wp-content\/uploads\/2018\/05\/1-23.jpg\" width=\"480\" \/><\/a><\/div>\n<p><\/p>\n<div class=\"separator\" style=\"clear: both; text-align: center;\">\n<a href=\"https:\/\/3.bp.blogspot.com\/-ut9v4iygD9s\/WwoF0KOM7UI\/AAAAAAAAyOo\/0hWDTgJe-rk6PXo6UV7FQ_ACdM6vbGzywCLcBGAs\/s1600\/2.jpg\" imageanchor=\"1\" style=\"margin-left: 1em; margin-right: 1em;\"><img loading=\"lazy\" decoding=\"async\" border=\"0\" data-original-height=\"960\" data-original-width=\"720\" height=\"640\" src=\"http:\/\/blogdoedvaldomagalhaes.com.br\/wp-content\/uploads\/2018\/05\/2-19.jpg\" width=\"480\" \/><\/a><\/div>\n<p><\/p>\n<div class=\"separator\" style=\"clear: both; text-align: center;\">\n<a href=\"https:\/\/3.bp.blogspot.com\/-6WV9CwbLkcg\/WwoF1ywsdEI\/AAAAAAAAyOs\/IaECAB96q3Q-HfgYen0Dc8ZrFr3uG6SxwCLcBGAs\/s1600\/3.jpg\" imageanchor=\"1\" style=\"margin-left: 1em; margin-right: 1em;\"><img loading=\"lazy\" decoding=\"async\" border=\"0\" data-original-height=\"960\" data-original-width=\"720\" height=\"640\" src=\"http:\/\/blogdoedvaldomagalhaes.com.br\/wp-content\/uploads\/2018\/05\/3-14.jpg\" width=\"480\" \/><\/a><\/div>\n<p><b>NOTA OFICIAL<\/b><\/p>\n<p>A Funda\u00e7\u00e3o de Atendimento Socioeducativo (Funase) informa que, por volta das 6h30 deste s\u00e1bado (26), dez internos fugiram pouco depois de retornarem para o Centro de Atendimento Socioeducativo (Case) Caruaru. Eles faziam parte de um grupo de 13 jovens que havia sido conduzido pela Pol\u00edcia Militar \u00e0 delegacia ap\u00f3s se envolver em um tumulto ocorrido no m\u00f3dulo 1 da unidade na noite da sexta-feira (25).<\/p>\n<p>Quatro foram recapturados, e seis permanecem foragidos. No momento, todas as \u00e1reas do Case Caruaru est\u00e3o em seguran\u00e7a e sob controle das equipes que atuam no local. As Coordena\u00e7\u00f5es de Seguran\u00e7a e de Intelig\u00eancia da Funase foram mobilizadas at\u00e9 a unidade. A institui\u00e7\u00e3o, por meio de sua Corregedoria, vai apurar as responsabilidades pelo ocorrido.<\/p>\n<div class=\"separator\" style=\"clear: both; text-align: center;\">\n<a href=\"https:\/\/3.bp.blogspot.com\/-pX6eD7vopCk\/WwoF7U4S4KI\/AAAAAAAAyOw\/oHRkDmqFmvU2OWtaRNg09h4kYEdufRuPgCLcBGAs\/s1600\/4.jpg\" imageanchor=\"1\" style=\"margin-left: 1em; margin-right: 1em;\"><img loading=\"lazy\" decoding=\"async\" border=\"0\" data-original-height=\"960\" data-original-width=\"720\" height=\"640\" src=\"http:\/\/blogdoedvaldomagalhaes.com.br\/wp-content\/uploads\/2018\/05\/4-10.jpg\" width=\"480\" \/><\/a><\/div>\n<p><\/p>\n<div class=\"separator\" style=\"clear: both; text-align: center;\">\n<a href=\"https:\/\/2.bp.blogspot.com\/-bUfhcztGw8Q\/WwoF8Jn6Z-I\/AAAAAAAAyO0\/Hlx7bCvjtBsXt4HLWQIE3MPnuhAo09X5gCLcBGAs\/s1600\/5.jpg\" imageanchor=\"1\" style=\"margin-left: 1em; margin-right: 1em;\"><img loading=\"lazy\" decoding=\"async\" border=\"0\" data-original-height=\"960\" data-original-width=\"720\" height=\"640\" src=\"http:\/\/blogdoedvaldomagalhaes.com.br\/wp-content\/uploads\/2018\/05\/5-6.jpg\" width=\"480\" \/><\/a><\/div>\n<p><\/p>\n<div class=\"separator\" style=\"clear: both; text-align: center;\">\n<a href=\"https:\/\/1.bp.blogspot.com\/-fLeO4qhfIxI\/WwoF86pB0UI\/AAAAAAAAyO4\/H9UFEZyeM-YE3JQhz409UIH8gHabzMCjgCLcBGAs\/s1600\/6.jpg\" imageanchor=\"1\" style=\"margin-left: 1em; margin-right: 1em;\"><img loading=\"lazy\" decoding=\"async\" border=\"0\" data-original-height=\"960\" data-original-width=\"720\" height=\"640\" src=\"http:\/\/blogdoedvaldomagalhaes.com.br\/wp-content\/uploads\/2018\/05\/6-4.jpg\" width=\"480\" \/><\/a><\/div>\n<p><\/div>\n","protected":false},"excerpt":{"rendered":"<p>Na noite dessa sexta-feira (25), houve uma rebeli\u00e3o na Funase Caruaru, quando os internos cerraram grades, queimaram colch\u00f5es e depredaram&hellip;<\/p>\n","protected":false},"author":1,"featured_media":0,"comment_status":"open","ping_status":"open","sticky":false,"template":"","format":"standard","meta":{"footnotes":""},"categories":[1],"tags":[2,2437],"class_list":["post-2297","post","type-post","status-publish","format-standard","hentry","category-sem-categoria","tag-blog-do-edvaldo-magalhaes","tag-internos-fogem-da-funase-caruaru-durante-rebeliao-e-rocam-recupera-dois-deles"],"_links":{"self":[{"href":"https:\/\/blogdoedvaldomagalhaes.com.br\/index.php\/wp-json\/wp\/v2\/posts\/2297","targetHints":{"allow":["GET"]}}],"collection":[{"href":"https:\/\/blogdoedvaldomagalhaes.com.br\/index.php\/wp-json\/wp\/v2\/posts"}],"about":[{"href":"https:\/\/blogdoedvaldomagalhaes.com.br\/index.php\/wp-json\/wp\/v2\/types\/post"}],"author":[{"embeddable":true,"href":"https:\/\/blogdoedvaldomagalhaes.com.br\/index.php\/wp-json\/wp\/v2\/users\/1"}],"replies":[{"embeddable":true,"href":"https:\/\/blogdoedvaldomagalhaes.com.br\/index.php\/wp-json\/wp\/v2\/comments?post=2297"}],"version-history":[{"count":1,"href":"https:\/\/blogdoedvaldomagalhaes.com.br\/index.php\/wp-json\/wp\/v2\/posts\/2297\/revisions"}],"predecessor-version":[{"id":31201,"href":"https:\/\/blogdoedvaldomagalhaes.com.br\/index.php\/wp-json\/wp\/v2\/posts\/2297\/revisions\/31201"}],"wp:attachment":[{"href":"https:\/\/blogdoedvaldomagalhaes.com.br\/index.php\/wp-json\/wp\/v2\/media?parent=2297"}],"wp:term":[{"taxonomy":"category","embeddable":true,"href":"https:\/\/blogdoedvaldomagalhaes.com.br\/index.php\/wp-json\/wp\/v2\/categories?post=2297"},{"taxonomy":"post_tag","embeddable":true,"href":"https:\/\/blogdoedvaldomagalhaes.com.br\/index.php\/wp-json\/wp\/v2\/tags?post=2297"}],"curies":[{"name":"wp","href":"https:\/\/api.w.org\/{rel}","templated":true}]}}