{"id":229,"date":"2019-01-14T15:28:00","date_gmt":"2019-01-14T17:28:00","guid":{"rendered":"http:\/\/blogdoedvaldomagalhaes.com.br\/index.php\/2019\/01\/14\/senac-caruaru-seleciona-auxiliar-de\/"},"modified":"2019-02-09T02:49:14","modified_gmt":"2019-02-09T04:49:14","slug":"senac-caruaru-seleciona-auxiliar-de","status":"publish","type":"post","link":"https:\/\/blogdoedvaldomagalhaes.com.br\/index.php\/2019\/01\/14\/senac-caruaru-seleciona-auxiliar-de\/","title":{"rendered":"Senac Caruaru seleciona auxiliar de servi\u00e7os para trabalhar na unidade"},"content":{"rendered":"<div class=\"separator\" style=\"clear: both; text-align: center;\">\n<a href=\"https:\/\/4.bp.blogspot.com\/-0IZoQorIheg\/XDyqLw19kbI\/AAAAAAABBEU\/e_6hkSBHpLAZCaimSZ30oWXClRygovbJgCLcBGAs\/s1600\/ot.jpg\" imageanchor=\"1\" style=\"margin-left: 1em; margin-right: 1em;\"><img loading=\"lazy\" decoding=\"async\" border=\"0\" data-original-height=\"292\" data-original-width=\"600\" height=\"310\" src=\"http:\/\/blogdoedvaldomagalhaes.com.br\/wp-content\/uploads\/2019\/01\/ot.jpg\" width=\"640\" \/><\/a><\/div>\n<p><\/p>\n<div class=\"MsoNormal\" style=\"background-color: white; text-align: justify;\">\nDe hoje (14) at\u00e9 sexta-feira (18), o Senac Pernambuco est\u00e1 com inscri\u00e7\u00f5es abertas para o processo seletivo de auxiliar de servi\u00e7os I para trabalhar na unidade da institui\u00e7\u00e3o em Caruaru. Para se candidatar, \u00e9 necess\u00e1rio ter Ensino M\u00e9dio completo e experi\u00eancia m\u00ednima comprovada de seis meses na \u00e1rea.<u><\/u><u><\/u><\/div>\n<div class=\"MsoNormal\" style=\"background-color: white; text-align: justify;\">\n<\/div>\n<div class=\"MsoNormal\" style=\"background-color: white; text-align: justify;\">\nA remunera\u00e7\u00e3o \u00e9 de R$ 1.019,71 (um mil e dezenove reais e setenta e um centavos), al\u00e9m de outros benef\u00edcios como vale alimenta\u00e7\u00e3o, vale transporte, assist\u00eancias m\u00e9dica e odontol\u00f3gica (opcionais, com participa\u00e7\u00e3o financeira do empregado). A carga hor\u00e1ria \u00e9 de 44h semanais (de segunda a s\u00e1bado) e o regime de contrata\u00e7\u00e3o \u00e9 CLT (Consolida\u00e7\u00e3o das Leis de Trabalho).<u><\/u><u><\/u><\/div>\n<div class=\"MsoNormal\" style=\"background-color: white; text-align: justify;\">\n<\/div>\n<div class=\"MsoNormal\" style=\"background-color: white; text-align: justify;\">\nO processo seletivo seguir\u00e1 quatro etapas. As duas primeiras ser\u00e3o cadastro do curr\u00edculo\/inscri\u00e7\u00e3o na vaga e an\u00e1lise curricular. A terceira etapa ser\u00e1 uma prova de conhecimento com 20 quest\u00f5es objetivas de m\u00faltipla escolha. Os candidatos aprovados na prova e de acordo com a classifica\u00e7\u00e3o, participar\u00e3o da \u00faltima fase: uma entrevista individual.<u><\/u><u><\/u><\/div>\n<div class=\"MsoNormal\" style=\"background-color: white; text-align: justify;\">\n<\/div>\n<div class=\"MsoNormal\" style=\"background-color: white; text-align: justify;\">\nOs interessados poder\u00e3o enviar curr\u00edculo exclusivamente para o e-mail&nbsp;<a href=\"mailto:rhsenac@pe.senac.br\" target=\"_blank\">rhsenac@pe.senac.br<\/a>, com prazo limite at\u00e9 \u00e0s&nbsp;23h59min do dia 18 de janeiro.<u><\/u><u><\/u><\/div>\n<div class=\"MsoNormal\" style=\"background-color: white; text-align: justify;\">\n<\/div>\n<div class=\"MsoNormal\" style=\"background-color: white; text-align: justify;\">\nMais informa\u00e7\u00f5es sobre o processo, n\u00famero de vagas e cronograma:&nbsp;<a data-saferedirecturl=\"https:\/\/www.google.com\/url?q=http:\/\/www.pe.senac.br\/trabalhe-conosco\/&amp;source=gmail&amp;ust=1547565842742000&amp;usg=AFQjCNGVYLFZvEs_QOsHYT-_NqqBWohVZw\" href=\"http:\/\/www.pe.senac.br\/trabalhe-conosco\/\" target=\"_blank\">http:\/\/www.pe.senac.br\/trabalhe-conosco\/<\/a><\/div>\n<div class=\"MsoNormal\" style=\"background-color: white; text-align: justify;\">\n<\/div>\n","protected":false},"excerpt":{"rendered":"<p>De hoje (14) at\u00e9 sexta-feira (18), o Senac Pernambuco est\u00e1 com inscri\u00e7\u00f5es abertas para o processo seletivo de auxiliar de&hellip;<\/p>\n","protected":false},"author":1,"featured_media":0,"comment_status":"open","ping_status":"open","sticky":false,"template":"","format":"standard","meta":{"footnotes":""},"categories":[1],"tags":[2,6,241],"class_list":["post-229","post","type-post","status-publish","format-standard","hentry","category-sem-categoria","tag-blog-do-edvaldo-magalhaes","tag-noticias","tag-senac-caruaru-seleciona-auxiliar-de-servicos-para-trabalhar-na-unidade"],"_links":{"self":[{"href":"https:\/\/blogdoedvaldomagalhaes.com.br\/index.php\/wp-json\/wp\/v2\/posts\/229","targetHints":{"allow":["GET"]}}],"collection":[{"href":"https:\/\/blogdoedvaldomagalhaes.com.br\/index.php\/wp-json\/wp\/v2\/posts"}],"about":[{"href":"https:\/\/blogdoedvaldomagalhaes.com.br\/index.php\/wp-json\/wp\/v2\/types\/post"}],"author":[{"embeddable":true,"href":"https:\/\/blogdoedvaldomagalhaes.com.br\/index.php\/wp-json\/wp\/v2\/users\/1"}],"replies":[{"embeddable":true,"href":"https:\/\/blogdoedvaldomagalhaes.com.br\/index.php\/wp-json\/wp\/v2\/comments?post=229"}],"version-history":[{"count":1,"href":"https:\/\/blogdoedvaldomagalhaes.com.br\/index.php\/wp-json\/wp\/v2\/posts\/229\/revisions"}],"predecessor-version":[{"id":37435,"href":"https:\/\/blogdoedvaldomagalhaes.com.br\/index.php\/wp-json\/wp\/v2\/posts\/229\/revisions\/37435"}],"wp:attachment":[{"href":"https:\/\/blogdoedvaldomagalhaes.com.br\/index.php\/wp-json\/wp\/v2\/media?parent=229"}],"wp:term":[{"taxonomy":"category","embeddable":true,"href":"https:\/\/blogdoedvaldomagalhaes.com.br\/index.php\/wp-json\/wp\/v2\/categories?post=229"},{"taxonomy":"post_tag","embeddable":true,"href":"https:\/\/blogdoedvaldomagalhaes.com.br\/index.php\/wp-json\/wp\/v2\/tags?post=229"}],"curies":[{"name":"wp","href":"https:\/\/api.w.org\/{rel}","templated":true}]}}