{"id":2286,"date":"2018-05-27T13:09:00","date_gmt":"2018-05-27T16:09:00","guid":{"rendered":"http:\/\/blogdoedvaldomagalhaes.com.br\/index.php\/2018\/05\/27\/protesto-dos-caminhoneiros-continua\/"},"modified":"2019-02-09T02:16:34","modified_gmt":"2019-02-09T04:16:34","slug":"protesto-dos-caminhoneiros-continua","status":"publish","type":"post","link":"https:\/\/blogdoedvaldomagalhaes.com.br\/index.php\/2018\/05\/27\/protesto-dos-caminhoneiros-continua\/","title":{"rendered":"Protesto dos caminhoneiros continua neste domingo e chega ao 7\u00ba dia"},"content":{"rendered":"<div class=\"separator\" style=\"clear: both; text-align: center;\">\n<a href=\"https:\/\/4.bp.blogspot.com\/-ot293MRkpTs\/WwqtL22VV3I\/AAAAAAAAyPw\/FSnxPU0RpR4zi-T9ZEWqBoMZDVz2IujTgCLcBGAs\/s1600\/protesto.jpg\" imageanchor=\"1\" style=\"margin-left: 1em; margin-right: 1em;\"><img loading=\"lazy\" decoding=\"async\" border=\"0\" data-original-height=\"480\" data-original-width=\"640\" height=\"480\" src=\"http:\/\/blogdoedvaldomagalhaes.com.br\/wp-content\/uploads\/2018\/05\/protesto-2.jpg\" width=\"640\" \/><\/a><\/div>\n<div class=\"separator\" style=\"clear: both; text-align: center;\">\nFoto: Assis Ramalho<\/div>\n<div class=\"separator\" style=\"clear: both; text-align: center;\">\n<\/div>\n<div class=\"separator\" style=\"clear: both; text-align: justify;\">\nCaminhoneiros continuam parados nas rodovias pernambucanas, em protesto contra o aumento nos pre\u00e7os do combust\u00edvel, j\u00e1 \u00e9 o s\u00e9timo dia consecutivo.<\/div>\n<div class=\"separator\" style=\"clear: both; text-align: justify;\">\n<\/div>\n<div class=\"separator\" style=\"clear: both; text-align: justify;\">\nO presidente Michel Temer editou nesse s\u00e1bado (26) um decreto que permite ao governo assumir o controle de caminh\u00f5es para desobstruir as rodovias.<\/div>\n<div class=\"separator\" style=\"clear: both; text-align: justify;\">\n<\/div>\n<div class=\"separator\" style=\"clear: both; text-align: justify;\">\nDe acordo com a Pol\u00edcia Rodovi\u00e1ria Federal, continuam interditados trechos das BRs 423, em Garanhuns e Iati; 424, em Caet\u00e9s e Pedra; 316, em Floresta; 104 em Caruaru; e 232, em Caruaru, Sert\u00e2nia, Belo Jardim e Pesqueira. Carros de passeio, ve\u00edculos de emerg\u00eancia, motos e \u00f4nibus passam pelos locais, segundo a PRF.<\/div>\n<div class=\"separator\" style=\"clear: both; text-align: justify;\">\n<\/div>\n","protected":false},"excerpt":{"rendered":"<p>Foto: Assis Ramalho Caminhoneiros continuam parados nas rodovias pernambucanas, em protesto contra o aumento nos pre\u00e7os do combust\u00edvel, j\u00e1 \u00e9&hellip;<\/p>\n","protected":false},"author":1,"featured_media":0,"comment_status":"open","ping_status":"open","sticky":false,"template":"","format":"standard","meta":{"footnotes":""},"categories":[1],"tags":[2,6,2425,2107],"class_list":["post-2286","post","type-post","status-publish","format-standard","hentry","category-sem-categoria","tag-blog-do-edvaldo-magalhaes","tag-noticias","tag-protesto-dos-caminhoneiros-continua-neste-domingo-e-chega-ao-7o-dia","tag-ultimas-noticias-de-caruaru"],"_links":{"self":[{"href":"https:\/\/blogdoedvaldomagalhaes.com.br\/index.php\/wp-json\/wp\/v2\/posts\/2286","targetHints":{"allow":["GET"]}}],"collection":[{"href":"https:\/\/blogdoedvaldomagalhaes.com.br\/index.php\/wp-json\/wp\/v2\/posts"}],"about":[{"href":"https:\/\/blogdoedvaldomagalhaes.com.br\/index.php\/wp-json\/wp\/v2\/types\/post"}],"author":[{"embeddable":true,"href":"https:\/\/blogdoedvaldomagalhaes.com.br\/index.php\/wp-json\/wp\/v2\/users\/1"}],"replies":[{"embeddable":true,"href":"https:\/\/blogdoedvaldomagalhaes.com.br\/index.php\/wp-json\/wp\/v2\/comments?post=2286"}],"version-history":[{"count":1,"href":"https:\/\/blogdoedvaldomagalhaes.com.br\/index.php\/wp-json\/wp\/v2\/posts\/2286\/revisions"}],"predecessor-version":[{"id":31231,"href":"https:\/\/blogdoedvaldomagalhaes.com.br\/index.php\/wp-json\/wp\/v2\/posts\/2286\/revisions\/31231"}],"wp:attachment":[{"href":"https:\/\/blogdoedvaldomagalhaes.com.br\/index.php\/wp-json\/wp\/v2\/media?parent=2286"}],"wp:term":[{"taxonomy":"category","embeddable":true,"href":"https:\/\/blogdoedvaldomagalhaes.com.br\/index.php\/wp-json\/wp\/v2\/categories?post=2286"},{"taxonomy":"post_tag","embeddable":true,"href":"https:\/\/blogdoedvaldomagalhaes.com.br\/index.php\/wp-json\/wp\/v2\/tags?post=2286"}],"curies":[{"name":"wp","href":"https:\/\/api.w.org\/{rel}","templated":true}]}}