{"id":2285,"date":"2018-05-27T13:44:00","date_gmt":"2018-05-27T16:44:00","guid":{"rendered":"http:\/\/blogdoedvaldomagalhaes.com.br\/index.php\/2018\/05\/27\/central-se-despede-da-serie-d-2018\/"},"modified":"2019-02-09T02:16:34","modified_gmt":"2019-02-09T04:16:34","slug":"central-se-despede-da-serie-d-2018","status":"publish","type":"post","link":"https:\/\/blogdoedvaldomagalhaes.com.br\/index.php\/2018\/05\/27\/central-se-despede-da-serie-d-2018\/","title":{"rendered":"Central se despede da S\u00e9rie D 2018 contra Jacuipense com o comando de Catende"},"content":{"rendered":"<p><\/p>\n<div class=\"separator\" style=\"clear: both; text-align: center;\">\n<a href=\"https:\/\/2.bp.blogspot.com\/-s4dJIG_CvbI\/Wwq10Bv5hpI\/AAAAAAAAyP8\/bUQywksTkDMBY_pmVgynZXxCehVsxQ_JACLcBGAs\/s1600\/catende.jpg\" imageanchor=\"1\" style=\"margin-left: 1em; margin-right: 1em;\"><img loading=\"lazy\" decoding=\"async\" border=\"0\" data-original-height=\"288\" data-original-width=\"320\" height=\"574\" src=\"http:\/\/blogdoedvaldomagalhaes.com.br\/wp-content\/uploads\/2018\/05\/catende.jpg\" width=\"640\" \/><\/a><\/div>\n<div class=\"separator\" style=\"clear: both; text-align: center;\">\nFotos: Warley Santos\/Central Sport Club<\/div>\n<div style=\"text-align: justify;\">\n<\/div>\n<div style=\"text-align: justify;\">\nO Central se despede do Campeonato Brasileiro da S\u00e9rie D, neste domingo (27), \u00e0s 18h, contra a Jacuipense-BA, no Est\u00e1dio Luiz Jos\u00e9 de Lacerda (Lacerd\u00e3o). O t\u00e9cnico Mauro Fernandes e o auxiliar Luiz Henrique&nbsp;pediram desligamentos a dire\u00e7\u00e3o na \u00faltima ter\u00e7a-feira (23), e deixaram o clube, com isso, Catende ser\u00e1 o t\u00e9cnico do Central na despedida.<\/div>\n<p><\/p>\n<div style=\"text-align: justify;\">\n<\/div>\n<p><\/p>\n<div style=\"text-align: justify;\">\nAuxiliar permanente do clube desde 2013, Catende trabalhou com todos os t\u00e9cnicos que passaram na Patativa desde 2013, sendo&nbsp;Humberto Santos, Laelson Lima, Celso Teixeira, Fl\u00e1vio Barros, Guilherme Macuglia, \u00c1lvaro Gaia e Mauro Fernandes.<\/div>\n<p><\/p>\n<div style=\"text-align: justify;\">\n<\/div>\n<p><\/p>\n<div style=\"text-align: justify;\">\n<div style=\"color: #1d2129; font-family: arial, helvetica, sans-serif;\">\nN\u00e3o ser\u00e1 a primeira vez que Catende ser\u00e1 o treinador, fez essa fun\u00e7\u00e3o com as suspens\u00f5es de Celso Teixeira em 2015, com Guilherme Macuglia em 2016, que precisou se ausentar em virtude de uma cirurgia no olho, e no Pernambucano 2017, ap\u00f3s a sa\u00edda de Laelson Lima.<\/div>\n<div style=\"color: #1d2129; font-family: arial, helvetica, sans-serif;\">\n<\/div>\n<div class=\"separator\" style=\"clear: both; color: #1d2129; font-family: arial, helvetica, sans-serif; text-align: center;\">\n<a href=\"https:\/\/4.bp.blogspot.com\/-olw6rTkq_CU\/Wwq3N0cpddI\/AAAAAAAAyQI\/VAotA6JZgdog0Jsaw4ORXGkMpVzT7VEEgCLcBGAs\/s1600\/bartola.jpg\" imageanchor=\"1\" style=\"margin-left: 1em; margin-right: 1em;\"><img loading=\"lazy\" decoding=\"async\" border=\"0\" data-original-height=\"960\" data-original-width=\"960\" height=\"640\" src=\"http:\/\/blogdoedvaldomagalhaes.com.br\/wp-content\/uploads\/2018\/05\/bartola.jpg\" width=\"640\" \/><\/a><\/div>\n<div style=\"color: #1d2129; font-family: arial, helvetica, sans-serif;\">\n<\/div>\n<div style=\"text-align: justify;\">\nO atacante Anderson Bartola passou por uma resson\u00e2ncia na \u00faltima sexta-feira (25), acusando uma les\u00e3o de ligamento cruzado no joelho direito. O atleta vai passar por cirurgia nos pr\u00f3ximos dias e s\u00f3 volta a jogar em 2019. O clube adianta que vai dar toda assist\u00eancia ao jogador em sua cirurgia e recupera\u00e7\u00e3o.<\/p>\n<p>O zagueiro Danilo Quipap\u00e1 e o volante Fernando Pires tamb\u00e9m n\u00e3o jogam neste domingo (27).<\/p><\/div>\n<\/div>\n","protected":false},"excerpt":{"rendered":"<p>Fotos: Warley Santos\/Central Sport Club O Central se despede do Campeonato Brasileiro da S\u00e9rie D, neste domingo (27), \u00e0s 18h,&hellip;<\/p>\n","protected":false},"author":1,"featured_media":0,"comment_status":"open","ping_status":"open","sticky":false,"template":"","format":"standard","meta":{"footnotes":""},"categories":[1],"tags":[2,2423,3,1950,2424],"class_list":["post-2285","post","type-post","status-publish","format-standard","hentry","category-sem-categoria","tag-blog-do-edvaldo-magalhaes","tag-central-se-despede-da-serie-d-2018-contra-jacuipense-com-o-comando-de-catende","tag-futebol","tag-noticias-de-caruaru","tag-noticias-do-central"],"_links":{"self":[{"href":"https:\/\/blogdoedvaldomagalhaes.com.br\/index.php\/wp-json\/wp\/v2\/posts\/2285","targetHints":{"allow":["GET"]}}],"collection":[{"href":"https:\/\/blogdoedvaldomagalhaes.com.br\/index.php\/wp-json\/wp\/v2\/posts"}],"about":[{"href":"https:\/\/blogdoedvaldomagalhaes.com.br\/index.php\/wp-json\/wp\/v2\/types\/post"}],"author":[{"embeddable":true,"href":"https:\/\/blogdoedvaldomagalhaes.com.br\/index.php\/wp-json\/wp\/v2\/users\/1"}],"replies":[{"embeddable":true,"href":"https:\/\/blogdoedvaldomagalhaes.com.br\/index.php\/wp-json\/wp\/v2\/comments?post=2285"}],"version-history":[{"count":1,"href":"https:\/\/blogdoedvaldomagalhaes.com.br\/index.php\/wp-json\/wp\/v2\/posts\/2285\/revisions"}],"predecessor-version":[{"id":31234,"href":"https:\/\/blogdoedvaldomagalhaes.com.br\/index.php\/wp-json\/wp\/v2\/posts\/2285\/revisions\/31234"}],"wp:attachment":[{"href":"https:\/\/blogdoedvaldomagalhaes.com.br\/index.php\/wp-json\/wp\/v2\/media?parent=2285"}],"wp:term":[{"taxonomy":"category","embeddable":true,"href":"https:\/\/blogdoedvaldomagalhaes.com.br\/index.php\/wp-json\/wp\/v2\/categories?post=2285"},{"taxonomy":"post_tag","embeddable":true,"href":"https:\/\/blogdoedvaldomagalhaes.com.br\/index.php\/wp-json\/wp\/v2\/tags?post=2285"}],"curies":[{"name":"wp","href":"https:\/\/api.w.org\/{rel}","templated":true}]}}