{"id":2283,"date":"2018-05-27T18:14:00","date_gmt":"2018-05-27T21:14:00","guid":{"rendered":"http:\/\/blogdoedvaldomagalhaes.com.br\/index.php\/2018\/05\/27\/greve-dos-caminhoneiros-abastecimento\/"},"modified":"2019-02-09T02:16:35","modified_gmt":"2019-02-09T04:16:35","slug":"greve-dos-caminhoneiros-abastecimento","status":"publish","type":"post","link":"https:\/\/blogdoedvaldomagalhaes.com.br\/index.php\/2018\/05\/27\/greve-dos-caminhoneiros-abastecimento\/","title":{"rendered":"Greve dos caminhoneiros: abastecimento de ve\u00edculos oficiais \u00e9 garantido em Gravat\u00e1"},"content":{"rendered":"<div class=\"separator\" style=\"clear: both; text-align: center;\">\n<a href=\"https:\/\/1.bp.blogspot.com\/-TnnLkFwi8hU\/Wwr1TuuYELI\/AAAAAAAAyQo\/6P9FnreXjtcO151yJngbllqMICkVmsh0wCLcBGAs\/s1600\/gravat%25C2%25B4sa.jpeg\" imageanchor=\"1\" style=\"margin-left: 1em; margin-right: 1em;\"><img loading=\"lazy\" decoding=\"async\" border=\"0\" data-original-height=\"720\" data-original-width=\"1280\" height=\"360\" src=\"http:\/\/blogdoedvaldomagalhaes.com.br\/wp-content\/uploads\/2018\/05\/gravatC2B4sa.jpeg\" width=\"640\" \/><\/a><\/div>\n<div style=\"text-align: justify;\">\n<\/div>\n<div style=\"text-align: justify;\">\nDepois de sete dias da greve dos caminhoneiros, come\u00e7ou a ser liberado o abastecimento nos ve\u00edculos oficiais que prestam servi\u00e7os essenciais \u00e0 popula\u00e7\u00e3o de Gravat\u00e1.<\/div>\n<div style=\"text-align: justify;\">\n<\/div>\n<div style=\"text-align: justify;\">\nAs ambul\u00e2ncias do munic\u00edpio e SAMU, os transportes que levam os pacientes para tratamento fora de domic\u00edlio, al\u00e9m de ve\u00edculos respons\u00e1veis pela limpeza urbana e viaturas policiais est\u00e3o sendo abastecidos de forma regular. A a\u00e7\u00e3o visa garantir o funcionamento normal dos servi\u00e7os considerados emergenciais do munic\u00edpio.<\/div>\n<div style=\"text-align: justify;\">\n<\/div>\n<div style=\"text-align: justify;\">\nFeira Livre: o Prefeito Joaquim Neto esteve reunido nesta manh\u00e3 (27) com os feirantes da cidade e durante a conversa, ficou decidido que a feira n\u00e3o ser\u00e1 desmontada, funcionando sem interrup\u00e7\u00e3o durante esta semana.<\/div>\n<div style=\"text-align: justify;\">\n<\/div>\n","protected":false},"excerpt":{"rendered":"<p>Depois de sete dias da greve dos caminhoneiros, come\u00e7ou a ser liberado o abastecimento nos ve\u00edculos oficiais que prestam servi\u00e7os&hellip;<\/p>\n","protected":false},"author":1,"featured_media":0,"comment_status":"open","ping_status":"open","sticky":false,"template":"","format":"standard","meta":{"footnotes":""},"categories":[1],"tags":[2,2421,6],"class_list":["post-2283","post","type-post","status-publish","format-standard","hentry","category-sem-categoria","tag-blog-do-edvaldo-magalhaes","tag-greve-dos-caminhoneiros-abastecimento-de-veiculos-oficiais-e-garantido-em-gravata","tag-noticias"],"_links":{"self":[{"href":"https:\/\/blogdoedvaldomagalhaes.com.br\/index.php\/wp-json\/wp\/v2\/posts\/2283","targetHints":{"allow":["GET"]}}],"collection":[{"href":"https:\/\/blogdoedvaldomagalhaes.com.br\/index.php\/wp-json\/wp\/v2\/posts"}],"about":[{"href":"https:\/\/blogdoedvaldomagalhaes.com.br\/index.php\/wp-json\/wp\/v2\/types\/post"}],"author":[{"embeddable":true,"href":"https:\/\/blogdoedvaldomagalhaes.com.br\/index.php\/wp-json\/wp\/v2\/users\/1"}],"replies":[{"embeddable":true,"href":"https:\/\/blogdoedvaldomagalhaes.com.br\/index.php\/wp-json\/wp\/v2\/comments?post=2283"}],"version-history":[{"count":1,"href":"https:\/\/blogdoedvaldomagalhaes.com.br\/index.php\/wp-json\/wp\/v2\/posts\/2283\/revisions"}],"predecessor-version":[{"id":31238,"href":"https:\/\/blogdoedvaldomagalhaes.com.br\/index.php\/wp-json\/wp\/v2\/posts\/2283\/revisions\/31238"}],"wp:attachment":[{"href":"https:\/\/blogdoedvaldomagalhaes.com.br\/index.php\/wp-json\/wp\/v2\/media?parent=2283"}],"wp:term":[{"taxonomy":"category","embeddable":true,"href":"https:\/\/blogdoedvaldomagalhaes.com.br\/index.php\/wp-json\/wp\/v2\/categories?post=2283"},{"taxonomy":"post_tag","embeddable":true,"href":"https:\/\/blogdoedvaldomagalhaes.com.br\/index.php\/wp-json\/wp\/v2\/tags?post=2283"}],"curies":[{"name":"wp","href":"https:\/\/api.w.org\/{rel}","templated":true}]}}