{"id":2282,"date":"2018-05-27T18:29:00","date_gmt":"2018-05-27T21:29:00","guid":{"rendered":"http:\/\/blogdoedvaldomagalhaes.com.br\/index.php\/2018\/05\/27\/postos-de-combustiveis-de-caruaru_27\/"},"modified":"2019-02-09T02:16:35","modified_gmt":"2019-02-09T04:16:35","slug":"postos-de-combustiveis-de-caruaru_27","status":"publish","type":"post","link":"https:\/\/blogdoedvaldomagalhaes.com.br\/index.php\/2018\/05\/27\/postos-de-combustiveis-de-caruaru_27\/","title":{"rendered":"Posto de Combust\u00edvel de Caruaru est\u00e1 abastecendo os ve\u00edculos"},"content":{"rendered":"<div class=\"separator\" style=\"clear: both; text-align: center;\">\n<a href=\"https:\/\/4.bp.blogspot.com\/-ZEj5FSjKqWw\/Wwr4uRFxXpI\/AAAAAAAAyQ0\/tckzVLAYPm84bqpMX9RwwfRzNov8bPsFQCLcBGAs\/s1600\/agora.jpg\" imageanchor=\"1\" style=\"margin-left: 1em; margin-right: 1em;\"><img loading=\"lazy\" decoding=\"async\" border=\"0\" data-original-height=\"480\" data-original-width=\"640\" height=\"480\" src=\"http:\/\/blogdoedvaldomagalhaes.com.br\/wp-content\/uploads\/2018\/05\/agora.jpg\" width=\"640\" \/><\/a><\/div>\n<p><\/p>\n<div style=\"text-align: justify;\">\nO Posto de Combust\u00edveis localizado na avenida Le\u00e3o Dourado, no bairro S\u00e3o Francisco, est\u00e1 abastecendo em quantidade limitada em cada ve\u00edculo.<\/p>\n<p>Viaturas do 1\u00ba BIEsp est\u00e3o no local, para garantir a seguran\u00e7a dos milhares de motoristas que est\u00e3o na fila quilom\u00e9trica.<\/p>\n<p>Os Postos localizados na avenida Le\u00e3o Dourado, no bairro Caiuc\u00e1, e na via local da BR-14, no sentido Toritama\/Caruaru, abriram por\u00e9m depois colocaram correntes e fecharam.<\/p><\/div>\n","protected":false},"excerpt":{"rendered":"<p>O Posto de Combust\u00edveis localizado na avenida Le\u00e3o Dourado, no bairro S\u00e3o Francisco, est\u00e1 abastecendo em quantidade limitada em cada&hellip;<\/p>\n","protected":false},"author":1,"featured_media":0,"comment_status":"open","ping_status":"open","sticky":false,"template":"","format":"standard","meta":{"footnotes":""},"categories":[1],"tags":[2,6,2420],"class_list":["post-2282","post","type-post","status-publish","format-standard","hentry","category-sem-categoria","tag-blog-do-edvaldo-magalhaes","tag-noticias","tag-postos-de-combustiveis-de-caruaru-comecam-a-abastecer-os-veiculos"],"_links":{"self":[{"href":"https:\/\/blogdoedvaldomagalhaes.com.br\/index.php\/wp-json\/wp\/v2\/posts\/2282","targetHints":{"allow":["GET"]}}],"collection":[{"href":"https:\/\/blogdoedvaldomagalhaes.com.br\/index.php\/wp-json\/wp\/v2\/posts"}],"about":[{"href":"https:\/\/blogdoedvaldomagalhaes.com.br\/index.php\/wp-json\/wp\/v2\/types\/post"}],"author":[{"embeddable":true,"href":"https:\/\/blogdoedvaldomagalhaes.com.br\/index.php\/wp-json\/wp\/v2\/users\/1"}],"replies":[{"embeddable":true,"href":"https:\/\/blogdoedvaldomagalhaes.com.br\/index.php\/wp-json\/wp\/v2\/comments?post=2282"}],"version-history":[{"count":1,"href":"https:\/\/blogdoedvaldomagalhaes.com.br\/index.php\/wp-json\/wp\/v2\/posts\/2282\/revisions"}],"predecessor-version":[{"id":31240,"href":"https:\/\/blogdoedvaldomagalhaes.com.br\/index.php\/wp-json\/wp\/v2\/posts\/2282\/revisions\/31240"}],"wp:attachment":[{"href":"https:\/\/blogdoedvaldomagalhaes.com.br\/index.php\/wp-json\/wp\/v2\/media?parent=2282"}],"wp:term":[{"taxonomy":"category","embeddable":true,"href":"https:\/\/blogdoedvaldomagalhaes.com.br\/index.php\/wp-json\/wp\/v2\/categories?post=2282"},{"taxonomy":"post_tag","embeddable":true,"href":"https:\/\/blogdoedvaldomagalhaes.com.br\/index.php\/wp-json\/wp\/v2\/tags?post=2282"}],"curies":[{"name":"wp","href":"https:\/\/api.w.org\/{rel}","templated":true}]}}