{"id":2280,"date":"2018-05-28T00:06:00","date_gmt":"2018-05-28T03:06:00","guid":{"rendered":"http:\/\/blogdoedvaldomagalhaes.com.br\/index.php\/2018\/05\/28\/veja-o-que-nao-funciona-em-caruaru\/"},"modified":"2019-02-09T02:16:35","modified_gmt":"2019-02-09T04:16:35","slug":"veja-o-que-nao-funciona-em-caruaru","status":"publish","type":"post","link":"https:\/\/blogdoedvaldomagalhaes.com.br\/index.php\/2018\/05\/28\/veja-o-que-nao-funciona-em-caruaru\/","title":{"rendered":"Veja o que n\u00e3o funciona em Caruaru nesta segunda-feira (28) por causa da paralisa\u00e7\u00e3o dos caminhoneiros"},"content":{"rendered":"<div class=\"separator\" style=\"clear: both; text-align: center;\">\n<a href=\"https:\/\/2.bp.blogspot.com\/-c_WckEk8leA\/WwtHOwyJ7eI\/AAAAAAAAyTM\/VbsgSNpQKtQn8_ziFvB35Fe8VXR_Z43qACLcBGAs\/s1600\/aviso.png\" imageanchor=\"1\" style=\"margin-left: 1em; margin-right: 1em;\"><img loading=\"lazy\" decoding=\"async\" border=\"0\" data-original-height=\"180\" data-original-width=\"281\" height=\"409\" src=\"http:\/\/blogdoedvaldomagalhaes.com.br\/wp-content\/uploads\/2018\/05\/aviso.png\" width=\"640\" \/><\/a><\/div>\n<div style=\"text-align: justify;\">\n<\/div>\n<div style=\"text-align: justify;\">\n<b>NOTA DA SECRETARIA DE EDUCA\u00c7\u00c3O DE CARUARU<\/b><\/div>\n<div style=\"text-align: justify;\">\n<\/div>\n<div style=\"text-align: justify;\">\nA Secretaria Municipal de Educa\u00e7\u00e3o de Caruaru refor\u00e7a que as aulas na Rede Municipal de Ensino e o funcionamento das creches continuam suspensos nesta segunda-feira, dia 28, em decorr\u00eancia do movimento nacional dos caminhoneiros.<\/p>\n<\/div>\n<div style=\"text-align: justify;\">\n<b>NOTA DA ASCES-UNITA<\/b><\/div>\n<div style=\"text-align: justify;\">\n<\/div>\n<div style=\"text-align: justify;\">\nA Reitoria da Asces-Unita comunica que se mant\u00e9m suspensas as atividades acad\u00eamicas nesta segunda-feira (28), tendo em vista a continuidade da paralisa\u00e7\u00e3o dos caminhoneiros. Como decorr\u00eancia, tamb\u00e9m est\u00e1 suspenso o calend\u00e1rio de provas, as quais ser\u00e3o posteriormente aplicadas.<\/div>\n<div style=\"text-align: justify;\">\n<\/div>\n<div style=\"text-align: justify;\">\nOs servi\u00e7os administrativos ser\u00e3o mantidos em regime especial e com expediente reduzido, at\u00e9 \u00e0s 17h.<\/div>\n<div style=\"text-align: justify;\">\n<\/div>\n<div style=\"text-align: justify;\">\nComunicamos, ainda, que as adequa\u00e7\u00f5es do calend\u00e1rio acad\u00eamico ser\u00e3o oportunamente informadas, t\u00e3o logo o fornecimento de combust\u00edveis e a normalidade das atividades se restabele\u00e7a.<\/div>\n<div style=\"text-align: justify;\">\n<\/div>\n<div style=\"text-align: justify;\">\nA Institui\u00e7\u00e3o continua acompanhando o andamento da situa\u00e7\u00e3o e manter\u00e1 a comunidade acad\u00eamica informada, por meio de notas oficiais, diariamente, atrav\u00e9s dos seus canais de comunica\u00e7\u00e3o.<\/p>\n<\/div>\n<div style=\"text-align: justify;\">\n<b>NOTA DO TRIBUNAL DE CONTAS-PE<\/b><\/div>\n<div style=\"text-align: justify;\">\n<\/div>\n<div style=\"text-align: justify;\">\nO expediente no TCE e Inspetorias Regionais, amanh\u00e3 (28), permanece suspenso, em fun\u00e7\u00e3o dos problemas causados pela paralisa\u00e7\u00e3o dos caminhoneiros.<\/div>\n<div style=\"text-align: justify;\">\n<\/div>\n<div style=\"text-align: justify;\">\nOs prazos processuais continuam prorrogados at\u00e9 que o nosso funcionamento volte definitivamente \u00e0 normalidade.<\/p>\n<\/div>\n<div style=\"text-align: justify;\">\n<b>NOTA DO MINIST\u00c9RIO P\u00daBLICO DE CONTAS-PE<\/b><\/div>\n<div style=\"text-align: justify;\">\n<\/div>\n<div style=\"text-align: justify;\">\nO expediente no Minist\u00e9rio P\u00fablico de Contas de Pernambuco e no Tribunal de Contas do Estado de Pernambuco, na segunda-feira (28), permanece suspenso, em fun\u00e7\u00e3o dos problemas causados pela paralisa\u00e7\u00e3o dos caminhoneiros.<\/p>\n<\/div>\n<div style=\"text-align: justify;\">\n<b>NOTA DO COL\u00c9GIO DIOCESANO<\/b><\/div>\n<div style=\"text-align: justify;\">\n<\/div>\n<div style=\"text-align: justify;\">\nDiante da continuidade do movimento de paralisa\u00e7\u00e3o dos caminhoneiros, que compromete a mobilidade de grande parte da popula\u00e7\u00e3o, informamos que o expediente desta segunda-feira, 28-05, contemplar\u00e1 AULAS DE REVIS\u00c3O no turno da MANH\u00c3, para os alunos que tenham condi\u00e7\u00e3o de comparecer. Durante o turno da TARDE, teremos aulas apenas para as turmas do Bil\u00edngue.<\/div>\n<div style=\"text-align: justify;\">\n<\/div>\n<div style=\"text-align: justify;\">\nN\u00e3o haver\u00e1 aulas no turno da NOITE para o PR\u00c9 VESTIBULAR. Vale ressaltar que n\u00e3o ser\u00e3o ministrados novos conte\u00fados nem atividades avaliativas durante o per\u00edodo. Continuaremos acompanhando o andamento do movimento, na expectativa de um desfecho satisfat\u00f3rio para todos, quando retomaremos \u00e0 rotina normal das atividades. #Col\u00e9gioDiocesanodeCaruaru<\/p>\n<p><b>NOTA DO SIMPRO-PE<\/b><\/p>\n<p>Devido ao quadro ca\u00f3tico que passa o nosso pa\u00eds, afetando diretamente a classe trabalhadora, o Sinpro Pernambuco suspender\u00e1 suas atividades, na sede e nas subsedes nesta segunda-feira (28).<\/p>\n<p>\nO sindicato est\u00e1 atento ao que est\u00e1 acontecendo, e tamb\u00e9m informa \u00e0 categoria que entraremos em contato com o Sinepe, Casa da Ind\u00fastria, prefeituras e as institui\u00e7\u00f5es de ensino superior privadas, a fim de orientar para a suspens\u00e3o das aulas, principalmente pela dificuldade do transporte e deslocamento dos(as) trabalhadores aos seus postos, bem como o n\u00e3o desconto salarial em rela\u00e7\u00e3o a esses dias.<\/p>\n<p><\/p>\n<div class=\"separator\" style=\"clear: both; text-align: center;\">\n<a href=\"https:\/\/2.bp.blogspot.com\/-kkJcnwe2ygQ\/WwtIi5aB-1I\/AAAAAAAAyTY\/xU54T-BaxAU1o_XlOOiraNTAeeqRvbEoACLcBGAs\/s1600\/gge.jpg\" imageanchor=\"1\" style=\"margin-left: 1em; margin-right: 1em;\"><img loading=\"lazy\" decoding=\"async\" border=\"0\" data-original-height=\"1024\" data-original-width=\"1024\" height=\"640\" src=\"http:\/\/blogdoedvaldomagalhaes.com.br\/wp-content\/uploads\/2018\/05\/gge.jpg\" width=\"640\" \/><\/a><\/div>\n<p><\/div>\n<div style=\"text-align: justify;\">\nO transporte p\u00fablico de Caruaru vai continuar com apenas 50% da frota.<\/div>\n","protected":false},"excerpt":{"rendered":"<p>NOTA DA SECRETARIA DE EDUCA\u00c7\u00c3O DE CARUARU A Secretaria Municipal de Educa\u00e7\u00e3o de Caruaru refor\u00e7a que as aulas na Rede&hellip;<\/p>\n","protected":false},"author":1,"featured_media":0,"comment_status":"open","ping_status":"open","sticky":false,"template":"","format":"standard","meta":{"footnotes":""},"categories":[1],"tags":[2,6,2418],"class_list":["post-2280","post","type-post","status-publish","format-standard","hentry","category-sem-categoria","tag-blog-do-edvaldo-magalhaes","tag-noticias","tag-veja-o-que-nao-funciona-em-caruaru-nesta-segunda-feira-28-por-causa-da-paralisacao-dos-caminhoneiros"],"_links":{"self":[{"href":"https:\/\/blogdoedvaldomagalhaes.com.br\/index.php\/wp-json\/wp\/v2\/posts\/2280","targetHints":{"allow":["GET"]}}],"collection":[{"href":"https:\/\/blogdoedvaldomagalhaes.com.br\/index.php\/wp-json\/wp\/v2\/posts"}],"about":[{"href":"https:\/\/blogdoedvaldomagalhaes.com.br\/index.php\/wp-json\/wp\/v2\/types\/post"}],"author":[{"embeddable":true,"href":"https:\/\/blogdoedvaldomagalhaes.com.br\/index.php\/wp-json\/wp\/v2\/users\/1"}],"replies":[{"embeddable":true,"href":"https:\/\/blogdoedvaldomagalhaes.com.br\/index.php\/wp-json\/wp\/v2\/comments?post=2280"}],"version-history":[{"count":1,"href":"https:\/\/blogdoedvaldomagalhaes.com.br\/index.php\/wp-json\/wp\/v2\/posts\/2280\/revisions"}],"predecessor-version":[{"id":31245,"href":"https:\/\/blogdoedvaldomagalhaes.com.br\/index.php\/wp-json\/wp\/v2\/posts\/2280\/revisions\/31245"}],"wp:attachment":[{"href":"https:\/\/blogdoedvaldomagalhaes.com.br\/index.php\/wp-json\/wp\/v2\/media?parent=2280"}],"wp:term":[{"taxonomy":"category","embeddable":true,"href":"https:\/\/blogdoedvaldomagalhaes.com.br\/index.php\/wp-json\/wp\/v2\/categories?post=2280"},{"taxonomy":"post_tag","embeddable":true,"href":"https:\/\/blogdoedvaldomagalhaes.com.br\/index.php\/wp-json\/wp\/v2\/tags?post=2280"}],"curies":[{"name":"wp","href":"https:\/\/api.w.org\/{rel}","templated":true}]}}