{"id":228,"date":"2019-01-14T15:50:00","date_gmt":"2019-01-14T17:50:00","guid":{"rendered":"http:\/\/blogdoedvaldomagalhaes.com.br\/index.php\/2019\/01\/14\/toritama-registrou-o-primeiro-homicidio\/"},"modified":"2019-02-09T02:49:14","modified_gmt":"2019-02-09T04:49:14","slug":"toritama-registrou-o-primeiro-homicidio","status":"publish","type":"post","link":"https:\/\/blogdoedvaldomagalhaes.com.br\/index.php\/2019\/01\/14\/toritama-registrou-o-primeiro-homicidio\/","title":{"rendered":"Toritama registrou o primeiro homic\u00eddio do ano: Homem \u00e9 assassinado a tiros no centro da cidade"},"content":{"rendered":"<div class=\"separator\" style=\"clear: both; text-align: center;\">\n<a href=\"https:\/\/2.bp.blogspot.com\/-xjg34oGXUxU\/XDyuANLILnI\/AAAAAAABBEc\/ZFHPfEJlaVQtVUeEe8c89VpAj6HbL7RkQCLcBGAs\/s1600\/local.jpg\" imageanchor=\"1\" style=\"margin-left: 1em; margin-right: 1em;\"><img loading=\"lazy\" decoding=\"async\" border=\"0\" data-original-height=\"960\" data-original-width=\"540\" height=\"640\" src=\"http:\/\/blogdoedvaldomagalhaes.com.br\/wp-content\/uploads\/2019\/01\/local.jpg\" width=\"360\" \/><\/a><\/div>\n<div class=\"separator\" style=\"clear: both; text-align: center;\">\nFotos: Reprodu\u00e7\u00e3o\/WhatsApp<\/div>\n<div style=\"background-color: white; box-sizing: border-box; line-height: 24px; margin-bottom: 10px; text-align: justify;\">\n<\/div>\n<div style=\"background-color: white; box-sizing: border-box; line-height: 24px; margin-bottom: 10px; text-align: justify;\">\nNa manh\u00e3 desta segunda-feira (14), foi registrado o primeiro homic\u00eddio do ano em Toritama, Agreste de Pernambuco. De acordo com informa\u00e7\u00f5es repassadas pela Guarda Municipal, a v\u00edtima identificada apenas como Janailson, mais conhecido como \u201cTat\u00e1\u201d, de 27 anos de idade, foi atingido por v\u00e1rios disparos de arma de fogo, ao sair de seu ve\u00edculo, na rua Jo\u00e3o Pereira Barbosa, no centro da cidade.<\/div>\n<div style=\"background-color: white; box-sizing: border-box; line-height: 24px; margin-bottom: 10px; text-align: justify;\">\n<\/div>\n<div class=\"separator\" style=\"clear: both; text-align: center;\">\n<a href=\"https:\/\/2.bp.blogspot.com\/-ih6RQOL6quU\/XDyvqH3r5iI\/AAAAAAABBEk\/WtAY6b8yEwA5B18Ya77_4_IoEoUaa7YxgCLcBGAs\/s1600\/ele.jpg\" imageanchor=\"1\" style=\"margin-left: 1em; margin-right: 1em;\"><img loading=\"lazy\" decoding=\"async\" border=\"0\" data-original-height=\"480\" data-original-width=\"480\" height=\"640\" src=\"http:\/\/blogdoedvaldomagalhaes.com.br\/wp-content\/uploads\/2019\/01\/ele-1.jpg\" width=\"640\" \/><\/a><\/div>\n<div style=\"background-color: white; box-sizing: border-box; line-height: 24px; margin-bottom: 10px; text-align: justify;\">\n<\/p>\n<div style=\"text-align: justify;\">\nA v\u00edtima foi atendida pela equipe do SAMU e em seguida foi levada para o Hospital Municipal Nossa Senhora de F\u00e1tima, por\u00e9m n\u00e3o resistiu aos ferimentos.&nbsp;At\u00e9 o momento ningu\u00e9m foi preso.<\/div>\n<\/div>\n<div style=\"background-color: white; box-sizing: border-box; line-height: 24px; margin-bottom: 10px; text-align: justify;\">\n<\/div>\n","protected":false},"excerpt":{"rendered":"<p>Fotos: Reprodu\u00e7\u00e3o\/WhatsApp Na manh\u00e3 desta segunda-feira (14), foi registrado o primeiro homic\u00eddio do ano em Toritama, Agreste de Pernambuco. De&hellip;<\/p>\n","protected":false},"author":1,"featured_media":0,"comment_status":"open","ping_status":"open","sticky":false,"template":"","format":"standard","meta":{"footnotes":""},"categories":[1],"tags":[2,13,240],"class_list":["post-228","post","type-post","status-publish","format-standard","hentry","category-sem-categoria","tag-blog-do-edvaldo-magalhaes","tag-policial","tag-toritama-registrou-o-primeiro-homicidio-do-ano-homem-e-assassinado-a-tiros"],"_links":{"self":[{"href":"https:\/\/blogdoedvaldomagalhaes.com.br\/index.php\/wp-json\/wp\/v2\/posts\/228","targetHints":{"allow":["GET"]}}],"collection":[{"href":"https:\/\/blogdoedvaldomagalhaes.com.br\/index.php\/wp-json\/wp\/v2\/posts"}],"about":[{"href":"https:\/\/blogdoedvaldomagalhaes.com.br\/index.php\/wp-json\/wp\/v2\/types\/post"}],"author":[{"embeddable":true,"href":"https:\/\/blogdoedvaldomagalhaes.com.br\/index.php\/wp-json\/wp\/v2\/users\/1"}],"replies":[{"embeddable":true,"href":"https:\/\/blogdoedvaldomagalhaes.com.br\/index.php\/wp-json\/wp\/v2\/comments?post=228"}],"version-history":[{"count":1,"href":"https:\/\/blogdoedvaldomagalhaes.com.br\/index.php\/wp-json\/wp\/v2\/posts\/228\/revisions"}],"predecessor-version":[{"id":37438,"href":"https:\/\/blogdoedvaldomagalhaes.com.br\/index.php\/wp-json\/wp\/v2\/posts\/228\/revisions\/37438"}],"wp:attachment":[{"href":"https:\/\/blogdoedvaldomagalhaes.com.br\/index.php\/wp-json\/wp\/v2\/media?parent=228"}],"wp:term":[{"taxonomy":"category","embeddable":true,"href":"https:\/\/blogdoedvaldomagalhaes.com.br\/index.php\/wp-json\/wp\/v2\/categories?post=228"},{"taxonomy":"post_tag","embeddable":true,"href":"https:\/\/blogdoedvaldomagalhaes.com.br\/index.php\/wp-json\/wp\/v2\/tags?post=228"}],"curies":[{"name":"wp","href":"https:\/\/api.w.org\/{rel}","templated":true}]}}