{"id":2262,"date":"2018-05-29T11:06:00","date_gmt":"2018-05-29T14:06:00","guid":{"rendered":"http:\/\/blogdoedvaldomagalhaes.com.br\/index.php\/2018\/05\/29\/abertas-inscricoes-para-pre-vestibular\/"},"modified":"2019-02-09T02:16:44","modified_gmt":"2019-02-09T04:16:44","slug":"abertas-inscricoes-para-pre-vestibular","status":"publish","type":"post","link":"https:\/\/blogdoedvaldomagalhaes.com.br\/index.php\/2018\/05\/29\/abertas-inscricoes-para-pre-vestibular\/","title":{"rendered":"Abertas inscri\u00e7\u00f5es para pr\u00e9-vestibular da UPE"},"content":{"rendered":"<div class=\"separator\" style=\"clear: both; text-align: center;\">\n<a href=\"https:\/\/1.bp.blogspot.com\/-F94jUoV7wgg\/Ww00NN2KtdI\/AAAAAAAAyZc\/38Gi9BtB5sc6qJlCXsbsvyb_Oea5Qr3vACLcBGAs\/s1600\/upe.jpg\" imageanchor=\"1\" style=\"margin-left: 1em; margin-right: 1em;\"><img loading=\"lazy\" decoding=\"async\" border=\"0\" data-original-height=\"352\" data-original-width=\"666\" height=\"334\" src=\"http:\/\/blogdoedvaldomagalhaes.com.br\/wp-content\/uploads\/2018\/05\/upe.jpg\" width=\"640\" \/><\/a><\/div>\n<div style=\"text-align: justify;\">\n<\/div>\n<div style=\"text-align: justify;\">\nEst\u00e3o abertas as inscri\u00e7\u00f5es para o processo seletivo do Pr\u00e9-Vestibular da Universidade de Pernambuco (Prevupe). Em Pernambuco s\u00e3o 11.280 vagas, sendo 240 para a cidade de Caruaru.<\/div>\n<div style=\"text-align: justify;\">\n<\/div>\n<div style=\"text-align: justify;\">\nAs inscri\u00e7\u00f5es acontecem de forma presencialmente neste s\u00e1bado (02), das 8h \u00e0s 12h, na Escola Estadual Vicente Monteiro, localizada na Pra\u00e7a Dr. J\u00falio de Melo, S\/N.&nbsp; A taxa de inscri\u00e7\u00e3o \u00e9 no valor de R$ 35 reais que dever\u00e1 ser paga atrav\u00e9s de dep\u00f3sito banc\u00e1rio.<\/div>\n<div style=\"text-align: justify;\">\n<\/div>\n<div style=\"text-align: justify;\">\nO resultado com os nomes dos contemplados com a isen\u00e7\u00e3o ser\u00e1 divulgado no dia 16 de junho no endere\u00e7o eletr\u00f4nico www.upenet.com.br.<\/div>\n<div style=\"text-align: justify;\">\n<\/div>\n<div style=\"text-align: justify;\">\nO curso, gratuito, tem o objetivo de refor\u00e7ar e ampliar os conhecimentos dos alunos das escolas da rede p\u00fablica de ensino e egressos que pretendem concorrer \u00e0s vagas dos programas de gradua\u00e7\u00e3o, cursos t\u00e9cnicos e tecnol\u00f3gicos, atrav\u00e9s do Exame Nacional do Ensino M\u00e9dio (Enem), vestibulares ou de outros processos seletivos.<\/div>\n<div style=\"text-align: justify;\">\n<\/div>\n<div style=\"text-align: justify;\">\nPara todos os candidatos inscritos, ser\u00e1 aplicada uma prova eliminat\u00f3ria e classificat\u00f3ria, que constar\u00e1 de 20 quest\u00f5es objetivas de m\u00faltipla escolha, abrangendo conte\u00fados de l\u00edngua portuguesa, matem\u00e1tica. O teste ser\u00e1 aplicado no dia 9 de junho, das 14h \u00e0s 17h, nos locais da inscri\u00e7\u00e3o.<\/div>\n<div style=\"text-align: justify;\">\n<\/div>\n<div style=\"text-align: justify;\">\nAs matr\u00edculas ser\u00e3o realizadas no dia 16 de junho, das 8h \u00e0s 10h, na Escola Vicente Monteiro. Os dias 17 e 23 ser\u00e3o reservados para a matr\u00edcula dos retardat\u00e1rios, no mesmo local e hor\u00e1rio. Na hip\u00f3tese de remanejamento de candidatos, a primeira listagem ser\u00e1 divulgada no dia 29 de junho, a partir das 8h, no site. As aulas ser\u00e3o ministradas a partir do dia 16 de junho, \u00e0s 10h, e ocorrer\u00e3o regularmente aos s\u00e1bados em hor\u00e1rio integral (das 8h \u00e0s 17h) e aos domingos em turno parcial, das 8h \u00e0s 12h.<\/div>\n<div style=\"text-align: justify;\">\n<\/div>\n","protected":false},"excerpt":{"rendered":"<p>Est\u00e3o abertas as inscri\u00e7\u00f5es para o processo seletivo do Pr\u00e9-Vestibular da Universidade de Pernambuco (Prevupe). Em Pernambuco s\u00e3o 11.280 vagas,&hellip;<\/p>\n","protected":false},"author":1,"featured_media":0,"comment_status":"open","ping_status":"open","sticky":false,"template":"","format":"standard","meta":{"footnotes":""},"categories":[1],"tags":[2393,2,6,1950],"class_list":["post-2262","post","type-post","status-publish","format-standard","hentry","category-sem-categoria","tag-abertas-inscricoes-para-pre-vestibular-da-upe","tag-blog-do-edvaldo-magalhaes","tag-noticias","tag-noticias-de-caruaru"],"_links":{"self":[{"href":"https:\/\/blogdoedvaldomagalhaes.com.br\/index.php\/wp-json\/wp\/v2\/posts\/2262","targetHints":{"allow":["GET"]}}],"collection":[{"href":"https:\/\/blogdoedvaldomagalhaes.com.br\/index.php\/wp-json\/wp\/v2\/posts"}],"about":[{"href":"https:\/\/blogdoedvaldomagalhaes.com.br\/index.php\/wp-json\/wp\/v2\/types\/post"}],"author":[{"embeddable":true,"href":"https:\/\/blogdoedvaldomagalhaes.com.br\/index.php\/wp-json\/wp\/v2\/users\/1"}],"replies":[{"embeddable":true,"href":"https:\/\/blogdoedvaldomagalhaes.com.br\/index.php\/wp-json\/wp\/v2\/comments?post=2262"}],"version-history":[{"count":1,"href":"https:\/\/blogdoedvaldomagalhaes.com.br\/index.php\/wp-json\/wp\/v2\/posts\/2262\/revisions"}],"predecessor-version":[{"id":31292,"href":"https:\/\/blogdoedvaldomagalhaes.com.br\/index.php\/wp-json\/wp\/v2\/posts\/2262\/revisions\/31292"}],"wp:attachment":[{"href":"https:\/\/blogdoedvaldomagalhaes.com.br\/index.php\/wp-json\/wp\/v2\/media?parent=2262"}],"wp:term":[{"taxonomy":"category","embeddable":true,"href":"https:\/\/blogdoedvaldomagalhaes.com.br\/index.php\/wp-json\/wp\/v2\/categories?post=2262"},{"taxonomy":"post_tag","embeddable":true,"href":"https:\/\/blogdoedvaldomagalhaes.com.br\/index.php\/wp-json\/wp\/v2\/tags?post=2262"}],"curies":[{"name":"wp","href":"https:\/\/api.w.org\/{rel}","templated":true}]}}