{"id":2261,"date":"2018-05-29T11:24:00","date_gmt":"2018-05-29T14:24:00","guid":{"rendered":"http:\/\/blogdoedvaldomagalhaes.com.br\/index.php\/2018\/05\/29\/oab-caruaru-vai-auxiliar-advogados\/"},"modified":"2019-02-09T02:16:45","modified_gmt":"2019-02-09T04:16:45","slug":"oab-caruaru-vai-auxiliar-advogados","status":"publish","type":"post","link":"https:\/\/blogdoedvaldomagalhaes.com.br\/index.php\/2018\/05\/29\/oab-caruaru-vai-auxiliar-advogados\/","title":{"rendered":"OAB Caruaru vai auxiliar advogados diante da crise provocada pela paralisa\u00e7\u00e3o"},"content":{"rendered":"<div class=\"separator\" style=\"clear: both; text-align: center;\">\n<a href=\"https:\/\/3.bp.blogspot.com\/-noE-6OAzqYc\/Ww04R8lg2OI\/AAAAAAAAyZ0\/oXoOyrXU5lMZgbwgUuW83DnDuU_Rc2uGQCLcBGAs\/s1600\/oab.jpg\" imageanchor=\"1\" style=\"margin-left: 1em; margin-right: 1em;\"><img loading=\"lazy\" decoding=\"async\" border=\"0\" data-original-height=\"115\" data-original-width=\"300\" height=\"245\" src=\"http:\/\/blogdoedvaldomagalhaes.com.br\/wp-content\/uploads\/2018\/05\/oab.jpg\" width=\"640\" \/><\/a><\/div>\n<div style=\"text-align: justify;\">\nDiante do atual cen\u00e1rio pol\u00edtico que o Brasil vive, com a paralisa\u00e7\u00e3o dos caminhoneiros, a OAB Caruaru comunica a todos profissionais da \u00e1rea, que estar\u00e1 \u00e0 disposi\u00e7\u00e3o para eventuais dificuldades que a greve cause.&nbsp;<\/div>\n<div style=\"text-align: justify;\">\n<\/div>\n<div style=\"text-align: justify;\">\nCom isso, o presidente da OAB Caruaru, Felipe Sampaio, explicou as provid\u00eancias que devem serem tomadas, \u201cOs Advogados e Advogadas que forem prejudicados pela realiza\u00e7\u00e3o de qualquer ato processual, que venha a acontecer sem as presen\u00e7as, devido \u00e0 dificuldade de locomo\u00e7\u00e3o, pondo em risco o direito \u00e0 ampla defesa e ao contradit\u00f3rio dos clientes, podem entrar em contato conosco que provid\u00eancias ser\u00e3o adotadas\u201d, disse.&nbsp;<\/div>\n<div style=\"text-align: justify;\">\n<\/div>\n<div style=\"text-align: justify;\">\n\u201cOs advogados da regi\u00e3o que passarem pelas dificuldades citadas podem enviar um e-mail para: ouvidoria@oabcaruaru.org.br A OAB-PE, e explicar sobre o caso. Outra maneira \u00e9 pelo telefone do plant\u00e3o de prerrogativas (81) 99631.6900\u201d, disse.<\/div>\n<div style=\"text-align: justify;\">\n<\/div>\n<div style=\"text-align: justify;\">\nA\u00c7\u00c3O &#8211; Com a decis\u00e3o dos tribunais em manter o expediente normal, mesmo com a greve dos caminhoneiros, a diretoria da OAB Caruaru comunicou que vai dedicar, nesta ter\u00e7a-feira (29), pela manh\u00e3, para acompanhar os trabalhos nos f\u00f3runs da regi\u00e3o.&nbsp;<\/div>\n<div style=\"text-align: justify;\">\n<\/div>\n<div style=\"text-align: justify;\">\nO presidente Felipe Sampaio explicou o porqu\u00ea da decis\u00e3o. \u201cA diretoria da OAB Caruaru far\u00e1 dilig\u00eancias na Justi\u00e7a Estadual, Federal e Trabalhista, para acompanhar as movimenta\u00e7\u00f5es nos f\u00f3runs para defender as nossas prerrogativas e os direitos dos jurisdicionados, considerando o posicionamento dos Tribunais em manter o expediente normal, apesar do momento que estamos vivenciando\u201d, garante.<\/div>\n<div style=\"text-align: justify;\">\n<\/div>\n","protected":false},"excerpt":{"rendered":"<p>Diante do atual cen\u00e1rio pol\u00edtico que o Brasil vive, com a paralisa\u00e7\u00e3o dos caminhoneiros, a OAB Caruaru comunica a todos&hellip;<\/p>\n","protected":false},"author":1,"featured_media":0,"comment_status":"open","ping_status":"open","sticky":false,"template":"","format":"standard","meta":{"footnotes":""},"categories":[1],"tags":[2,6,2392],"class_list":["post-2261","post","type-post","status-publish","format-standard","hentry","category-sem-categoria","tag-blog-do-edvaldo-magalhaes","tag-noticias","tag-oab-caruaru-vai-auxiliar-advogados-diante-da-crise-provocada-pela-paralisacao"],"_links":{"self":[{"href":"https:\/\/blogdoedvaldomagalhaes.com.br\/index.php\/wp-json\/wp\/v2\/posts\/2261","targetHints":{"allow":["GET"]}}],"collection":[{"href":"https:\/\/blogdoedvaldomagalhaes.com.br\/index.php\/wp-json\/wp\/v2\/posts"}],"about":[{"href":"https:\/\/blogdoedvaldomagalhaes.com.br\/index.php\/wp-json\/wp\/v2\/types\/post"}],"author":[{"embeddable":true,"href":"https:\/\/blogdoedvaldomagalhaes.com.br\/index.php\/wp-json\/wp\/v2\/users\/1"}],"replies":[{"embeddable":true,"href":"https:\/\/blogdoedvaldomagalhaes.com.br\/index.php\/wp-json\/wp\/v2\/comments?post=2261"}],"version-history":[{"count":1,"href":"https:\/\/blogdoedvaldomagalhaes.com.br\/index.php\/wp-json\/wp\/v2\/posts\/2261\/revisions"}],"predecessor-version":[{"id":31294,"href":"https:\/\/blogdoedvaldomagalhaes.com.br\/index.php\/wp-json\/wp\/v2\/posts\/2261\/revisions\/31294"}],"wp:attachment":[{"href":"https:\/\/blogdoedvaldomagalhaes.com.br\/index.php\/wp-json\/wp\/v2\/media?parent=2261"}],"wp:term":[{"taxonomy":"category","embeddable":true,"href":"https:\/\/blogdoedvaldomagalhaes.com.br\/index.php\/wp-json\/wp\/v2\/categories?post=2261"},{"taxonomy":"post_tag","embeddable":true,"href":"https:\/\/blogdoedvaldomagalhaes.com.br\/index.php\/wp-json\/wp\/v2\/tags?post=2261"}],"curies":[{"name":"wp","href":"https:\/\/api.w.org\/{rel}","templated":true}]}}