{"id":2260,"date":"2018-05-29T11:55:00","date_gmt":"2018-05-29T14:55:00","guid":{"rendered":"http:\/\/blogdoedvaldomagalhaes.com.br\/index.php\/2018\/05\/29\/motoristas-enfrentam-filas\/"},"modified":"2019-02-09T02:16:45","modified_gmt":"2019-02-09T04:16:45","slug":"motoristas-enfrentam-filas","status":"publish","type":"post","link":"https:\/\/blogdoedvaldomagalhaes.com.br\/index.php\/2018\/05\/29\/motoristas-enfrentam-filas\/","title":{"rendered":"Motoristas enfrentam filas quilom\u00e9tricas para tentar abastecer em Caruaru"},"content":{"rendered":"<div class=\"separator\" style=\"clear: both; text-align: center;\">\n<a href=\"https:\/\/2.bp.blogspot.com\/-_FtQnzF7Sdw\/Ww0_jPUw3cI\/AAAAAAAAyaA\/SD0BKXq-MqwcW34uEEYA4bGyhCoi07vtACLcBGAs\/s1600\/foto.jpg\" imageanchor=\"1\" style=\"margin-left: 1em; margin-right: 1em;\"><img loading=\"lazy\" decoding=\"async\" border=\"0\" data-original-height=\"375\" data-original-width=\"500\" height=\"480\" src=\"http:\/\/blogdoedvaldomagalhaes.com.br\/wp-content\/uploads\/2018\/05\/foto-6.jpg\" width=\"640\" \/><\/a><\/div>\n<div class=\"separator\" style=\"clear: both; text-align: center;\">\nFoto: S\u00f3crates da Silva\/R\u00e1dio Liberdade<\/div>\n<p><\/p>\n<div style=\"text-align: justify;\">\nCentenas de motoristas fazem filas quilom\u00e9tricas desde \u00e0 noite dessa segunda-feira (28), em um posto de combust\u00edvel da Avenida Jos\u00e9 Rodrigues de Jesus, pr\u00f3ximo da conhecida Ponte Nova, onde centenas de carros est\u00e3o na fila, que chega na rua 15 de Novembro nesta manh\u00e3 de ter\u00e7a-feira (29), e tamb\u00e9m em um posto que \u00e9 localizado \u00e0s margens da BR-232, sentido Recife\/Caruaru.<\/p>\n<p><\/p>\n<div class=\"separator\" style=\"clear: both; text-align: center;\">\n<a href=\"https:\/\/4.bp.blogspot.com\/-tgKouW0Maz0\/Ww1H9Q2pNAI\/AAAAAAAAyaM\/575sVQQpsXMZwaBSAnW2jxT51vn-wiMxwCLcBGAs\/s1600\/IMG-20180529-WA0135.jpg\" imageanchor=\"1\" style=\"margin-left: 1em; margin-right: 1em;\"><img loading=\"lazy\" decoding=\"async\" border=\"0\" data-original-height=\"1280\" data-original-width=\"720\" height=\"640\" src=\"http:\/\/blogdoedvaldomagalhaes.com.br\/wp-content\/uploads\/2018\/05\/IMG-20180529-WA0135.jpg\" width=\"360\" \/><\/a><\/div>\n<p><\/p>\n<div class=\"separator\" style=\"clear: both; text-align: center;\">\n<a href=\"https:\/\/2.bp.blogspot.com\/-R-QoiqReOCQ\/Ww1H_jL8nBI\/AAAAAAAAyaQ\/0uZqnYntmXof1GXtulv9bQTvoSblkXVqQCLcBGAs\/s1600\/IMG-20180529-WA0134.jpg\" imageanchor=\"1\" style=\"margin-left: 1em; margin-right: 1em;\"><img loading=\"lazy\" decoding=\"async\" border=\"0\" data-original-height=\"1280\" data-original-width=\"720\" height=\"640\" src=\"http:\/\/blogdoedvaldomagalhaes.com.br\/wp-content\/uploads\/2018\/05\/IMG-20180529-WA0134.jpg\" width=\"360\" \/><\/a><\/div>\n<div class=\"separator\" style=\"clear: both; text-align: center;\">\nFotos: Mago Divulgador<\/div>\n<p>\nEm um posto de combust\u00edvel na sa\u00edda do Conjunto Residencial Boa Vista, outra fila quilom\u00e9trica foi formada na avenida Caruaru, onde tamb\u00e9m muitos motoristas aguardam o abastecimento.<\/p>\n<\/div>\n<div class=\"separator\" style=\"clear: both; text-align: center;\">\n<a href=\"https:\/\/3.bp.blogspot.com\/-W3iPh3-rgaQ\/Ww1KnDunJ1I\/AAAAAAAAyak\/r_Fd-4kTO0kXfm9uOYz0Kn_oWCu8xI9iwCLcBGAs\/s1600\/IMG-20180529-WA0153.jpg\" imageanchor=\"1\" style=\"margin-left: 1em; margin-right: 1em;\"><img loading=\"lazy\" decoding=\"async\" border=\"0\" data-original-height=\"581\" data-original-width=\"1032\" height=\"360\" src=\"http:\/\/blogdoedvaldomagalhaes.com.br\/wp-content\/uploads\/2018\/05\/IMG-20180529-WA0153.jpg\" width=\"640\" \/><\/a><\/div>\n<p><\/p>\n<div style=\"text-align: justify;\">\n<\/div>\n","protected":false},"excerpt":{"rendered":"<p>Foto: S\u00f3crates da Silva\/R\u00e1dio Liberdade Centenas de motoristas fazem filas quilom\u00e9tricas desde \u00e0 noite dessa segunda-feira (28), em um posto&hellip;<\/p>\n","protected":false},"author":1,"featured_media":0,"comment_status":"open","ping_status":"open","sticky":false,"template":"","format":"standard","meta":{"footnotes":""},"categories":[1],"tags":[2,2391,6],"class_list":["post-2260","post","type-post","status-publish","format-standard","hentry","category-sem-categoria","tag-blog-do-edvaldo-magalhaes","tag-motoristas-enfrentam-filas-quilometricas-para-tentar-abastecer-em-caruaru","tag-noticias"],"_links":{"self":[{"href":"https:\/\/blogdoedvaldomagalhaes.com.br\/index.php\/wp-json\/wp\/v2\/posts\/2260","targetHints":{"allow":["GET"]}}],"collection":[{"href":"https:\/\/blogdoedvaldomagalhaes.com.br\/index.php\/wp-json\/wp\/v2\/posts"}],"about":[{"href":"https:\/\/blogdoedvaldomagalhaes.com.br\/index.php\/wp-json\/wp\/v2\/types\/post"}],"author":[{"embeddable":true,"href":"https:\/\/blogdoedvaldomagalhaes.com.br\/index.php\/wp-json\/wp\/v2\/users\/1"}],"replies":[{"embeddable":true,"href":"https:\/\/blogdoedvaldomagalhaes.com.br\/index.php\/wp-json\/wp\/v2\/comments?post=2260"}],"version-history":[{"count":1,"href":"https:\/\/blogdoedvaldomagalhaes.com.br\/index.php\/wp-json\/wp\/v2\/posts\/2260\/revisions"}],"predecessor-version":[{"id":31299,"href":"https:\/\/blogdoedvaldomagalhaes.com.br\/index.php\/wp-json\/wp\/v2\/posts\/2260\/revisions\/31299"}],"wp:attachment":[{"href":"https:\/\/blogdoedvaldomagalhaes.com.br\/index.php\/wp-json\/wp\/v2\/media?parent=2260"}],"wp:term":[{"taxonomy":"category","embeddable":true,"href":"https:\/\/blogdoedvaldomagalhaes.com.br\/index.php\/wp-json\/wp\/v2\/categories?post=2260"},{"taxonomy":"post_tag","embeddable":true,"href":"https:\/\/blogdoedvaldomagalhaes.com.br\/index.php\/wp-json\/wp\/v2\/tags?post=2260"}],"curies":[{"name":"wp","href":"https:\/\/api.w.org\/{rel}","templated":true}]}}