{"id":226,"date":"2019-01-14T19:36:00","date_gmt":"2019-01-14T21:36:00","guid":{"rendered":"http:\/\/blogdoedvaldomagalhaes.com.br\/index.php\/2019\/01\/14\/corpo-de-jovem-que-morreu-em-acidente\/"},"modified":"2019-02-09T02:49:17","modified_gmt":"2019-02-09T04:49:17","slug":"corpo-de-jovem-que-morreu-em-acidente","status":"publish","type":"post","link":"https:\/\/blogdoedvaldomagalhaes.com.br\/index.php\/2019\/01\/14\/corpo-de-jovem-que-morreu-em-acidente\/","title":{"rendered":"Corpo de jovem que morreu em acidente em Garanhuns \u00e9 levado para o IML de Caruaru"},"content":{"rendered":"<div class=\"separator\" style=\"clear: both; text-align: center;\">\n<a href=\"https:\/\/4.bp.blogspot.com\/-AZ-NPZ9hXFM\/XDzjKE69tEI\/AAAAAAABBE4\/LSqyzDmGnfYppGwn6Gyr9MJQlQ74tI0tgCLcBGAs\/s1600\/IMG-20190114-WA0069.jpg\" imageanchor=\"1\" style=\"margin-left: 1em; margin-right: 1em;\"><img loading=\"lazy\" decoding=\"async\" border=\"0\" data-original-height=\"595\" data-original-width=\"800\" height=\"476\" src=\"http:\/\/blogdoedvaldomagalhaes.com.br\/wp-content\/uploads\/2019\/01\/IMG-20190114-WA0069.jpg\" width=\"640\" \/><\/a><\/div>\n<p><\/p>\n<div style=\"text-align: justify;\">\n<\/div>\n<div style=\"text-align: justify;\">\nNesta segunda-feira (14), o jovem Jos\u00e9 Cl\u00e9cio de Brito, de 19 anos, morreu v\u00edtima de acidente na zona rural do munic\u00edpio de Garanhuns, no Agreste pernambucano.<\/div>\n<div style=\"text-align: justify;\">\n<\/div>\n<div style=\"text-align: justify;\">\nA v\u00edtima conduzia uma motocicleta por uma estrada vicinal do S\u00edtio Cajarana, quando perdeu o controle e bateu em um barranco, ele n\u00e3o usava capacete e sofreu ferimentos graves na cabe\u00e7a<\/div>\n<div style=\"text-align: justify;\">\n<\/div>\n<div style=\"text-align: justify;\">\nO jovem trabalhava em uma planta\u00e7\u00e3o de tomates pr\u00f3ximo ao local do acidente, p\u00f3s per\u00edcia realizada pelo Instituto de Criminal\u00edstica, o corpo foi encaminhado para o Instituto de Medicina Legal (IML) de Caruaru<\/div>\n<p><\/p>\n<div class=\"separator\" style=\"clear: both; text-align: center;\">\n<a href=\"https:\/\/4.bp.blogspot.com\/-hDyQrCIhMhE\/XDzjLOf5klI\/AAAAAAABBE8\/iq260lMsmksaLeiPMl3ev8CVqFCrTQvSgCLcBGAs\/s1600\/IMG-20190114-WA0068.jpg\" imageanchor=\"1\" style=\"margin-left: 1em; margin-right: 1em;\"><img loading=\"lazy\" decoding=\"async\" border=\"0\" data-original-height=\"640\" data-original-width=\"640\" height=\"640\" src=\"http:\/\/blogdoedvaldomagalhaes.com.br\/wp-content\/uploads\/2019\/01\/IMG-20190114-WA0068.jpg\" width=\"640\" \/><\/a><\/div>\n<p><\/p>\n","protected":false},"excerpt":{"rendered":"<p>Nesta segunda-feira (14), o jovem Jos\u00e9 Cl\u00e9cio de Brito, de 19 anos, morreu v\u00edtima de acidente na zona rural do&hellip;<\/p>\n","protected":false},"author":1,"featured_media":0,"comment_status":"open","ping_status":"open","sticky":false,"template":"","format":"standard","meta":{"footnotes":""},"categories":[1],"tags":[2,238,6],"class_list":["post-226","post","type-post","status-publish","format-standard","hentry","category-sem-categoria","tag-blog-do-edvaldo-magalhaes","tag-corpo-de-jovem-que-morreu-em-acidente-em-garanhuns-e-levado-para-o-iml-de-caruaru","tag-noticias"],"_links":{"self":[{"href":"https:\/\/blogdoedvaldomagalhaes.com.br\/index.php\/wp-json\/wp\/v2\/posts\/226","targetHints":{"allow":["GET"]}}],"collection":[{"href":"https:\/\/blogdoedvaldomagalhaes.com.br\/index.php\/wp-json\/wp\/v2\/posts"}],"about":[{"href":"https:\/\/blogdoedvaldomagalhaes.com.br\/index.php\/wp-json\/wp\/v2\/types\/post"}],"author":[{"embeddable":true,"href":"https:\/\/blogdoedvaldomagalhaes.com.br\/index.php\/wp-json\/wp\/v2\/users\/1"}],"replies":[{"embeddable":true,"href":"https:\/\/blogdoedvaldomagalhaes.com.br\/index.php\/wp-json\/wp\/v2\/comments?post=226"}],"version-history":[{"count":1,"href":"https:\/\/blogdoedvaldomagalhaes.com.br\/index.php\/wp-json\/wp\/v2\/posts\/226\/revisions"}],"predecessor-version":[{"id":37443,"href":"https:\/\/blogdoedvaldomagalhaes.com.br\/index.php\/wp-json\/wp\/v2\/posts\/226\/revisions\/37443"}],"wp:attachment":[{"href":"https:\/\/blogdoedvaldomagalhaes.com.br\/index.php\/wp-json\/wp\/v2\/media?parent=226"}],"wp:term":[{"taxonomy":"category","embeddable":true,"href":"https:\/\/blogdoedvaldomagalhaes.com.br\/index.php\/wp-json\/wp\/v2\/categories?post=226"},{"taxonomy":"post_tag","embeddable":true,"href":"https:\/\/blogdoedvaldomagalhaes.com.br\/index.php\/wp-json\/wp\/v2\/tags?post=226"}],"curies":[{"name":"wp","href":"https:\/\/api.w.org\/{rel}","templated":true}]}}