{"id":225,"date":"2019-01-14T20:05:00","date_gmt":"2019-01-14T22:05:00","guid":{"rendered":"http:\/\/blogdoedvaldomagalhaes.com.br\/index.php\/2019\/01\/14\/confira-programacao-de-treinos-do\/"},"modified":"2019-02-09T02:49:17","modified_gmt":"2019-02-09T04:49:17","slug":"confira-programacao-de-treinos-do","status":"publish","type":"post","link":"https:\/\/blogdoedvaldomagalhaes.com.br\/index.php\/2019\/01\/14\/confira-programacao-de-treinos-do\/","title":{"rendered":"Confira a programa\u00e7\u00e3o de treinos do Central visando \u00e0 estreia contra o N\u00e1utico s\u00e1bado (19)"},"content":{"rendered":"<div class=\"separator\" style=\"clear: both; text-align: center;\">\n<a href=\"https:\/\/2.bp.blogspot.com\/-fy4pnPUwrIk\/XDzqYQBSiQI\/AAAAAAABBFI\/NSzAT3yB5aITRBzxXkysjV0P5OJ-CPmAQCLcBGAs\/s1600\/IMG-20190114-WA0219.jpg\" imageanchor=\"1\" style=\"margin-left: 1em; margin-right: 1em;\"><img loading=\"lazy\" decoding=\"async\" border=\"0\" data-original-height=\"720\" data-original-width=\"1280\" height=\"360\" src=\"http:\/\/blogdoedvaldomagalhaes.com.br\/wp-content\/uploads\/2019\/01\/IMG-20190114-WA0219.jpg\" width=\"640\" \/><\/a><\/div>\n<p><\/p>\n<div style=\"text-align: justify;\">\nO Central estreia no Campeonato Pernambucano da S\u00e9rie A1 contra o N\u00e1utico, \u00e0s 16h&nbsp; do pr\u00f3ximo s\u00e1bado (19), no Est\u00e1dio Luiz Jos\u00e9 de Lacerda, em Caruaru. Confira a programa\u00e7\u00e3o abaixo:<\/p>\n<p>Ter\u00e7a-feira (15) Manh\u00e3: 9h Muscula\u00e7\u00e3o Local: Coliseum Gym Academia Tarde: 15h Treino f\u00edsico Local: CT Ninho do Gavi\u00e3o.&nbsp;<\/p>\n<p>Quarta-feira (16) Manh\u00e3: Folga Tarde: 15h30 Treino t\u00e9cnico Local: Est\u00e1dio Lacerd\u00e3o.<\/p>\n<p>Quinta-feira (17) Manh\u00e3: Folga Tarde: 15h30 Treino t\u00e9cnico Local: Est\u00e1dio Lacerd\u00e3o.<\/p>\n<p>Sexta-feira (18) Manh\u00e3: 9h Treino t\u00e9cnico Local: *A definir Tarde: Concentra\u00e7\u00e3o.<\/p>\n<p>S\u00e1bado (19) Manh\u00e3: 9h Treino f\u00edsico para os jogadores n\u00e3o relacionados no Est\u00e1dio Lacerd\u00e3o.<\/p>\n<p>Domingo (20) Manh\u00e3: 9h Treino t\u00e9cnico Local: Est\u00e1dio Lacerd\u00e3o 10h30 Treino regenerativo Local: *A definir Tarde: Folga.<\/p>\n<p>Informa\u00e7\u00f5es: Warley Santos e Carlos Recupero\/Central S.C.<\/p>\n<\/div>\n","protected":false},"excerpt":{"rendered":"<p>O Central estreia no Campeonato Pernambucano da S\u00e9rie A1 contra o N\u00e1utico, \u00e0s 16h&nbsp; do pr\u00f3ximo s\u00e1bado (19), no Est\u00e1dio&hellip;<\/p>\n","protected":false},"author":1,"featured_media":0,"comment_status":"open","ping_status":"open","sticky":false,"template":"","format":"standard","meta":{"footnotes":""},"categories":[1],"tags":[2,237,3],"class_list":["post-225","post","type-post","status-publish","format-standard","hentry","category-sem-categoria","tag-blog-do-edvaldo-magalhaes","tag-confira-a-programacao-de-treinos-do-central-visando-a-estreia-contra-o-nautico-sabado-19","tag-futebol"],"_links":{"self":[{"href":"https:\/\/blogdoedvaldomagalhaes.com.br\/index.php\/wp-json\/wp\/v2\/posts\/225","targetHints":{"allow":["GET"]}}],"collection":[{"href":"https:\/\/blogdoedvaldomagalhaes.com.br\/index.php\/wp-json\/wp\/v2\/posts"}],"about":[{"href":"https:\/\/blogdoedvaldomagalhaes.com.br\/index.php\/wp-json\/wp\/v2\/types\/post"}],"author":[{"embeddable":true,"href":"https:\/\/blogdoedvaldomagalhaes.com.br\/index.php\/wp-json\/wp\/v2\/users\/1"}],"replies":[{"embeddable":true,"href":"https:\/\/blogdoedvaldomagalhaes.com.br\/index.php\/wp-json\/wp\/v2\/comments?post=225"}],"version-history":[{"count":1,"href":"https:\/\/blogdoedvaldomagalhaes.com.br\/index.php\/wp-json\/wp\/v2\/posts\/225\/revisions"}],"predecessor-version":[{"id":37445,"href":"https:\/\/blogdoedvaldomagalhaes.com.br\/index.php\/wp-json\/wp\/v2\/posts\/225\/revisions\/37445"}],"wp:attachment":[{"href":"https:\/\/blogdoedvaldomagalhaes.com.br\/index.php\/wp-json\/wp\/v2\/media?parent=225"}],"wp:term":[{"taxonomy":"category","embeddable":true,"href":"https:\/\/blogdoedvaldomagalhaes.com.br\/index.php\/wp-json\/wp\/v2\/categories?post=225"},{"taxonomy":"post_tag","embeddable":true,"href":"https:\/\/blogdoedvaldomagalhaes.com.br\/index.php\/wp-json\/wp\/v2\/tags?post=225"}],"curies":[{"name":"wp","href":"https:\/\/api.w.org\/{rel}","templated":true}]}}