{"id":2240,"date":"2018-05-30T22:33:00","date_gmt":"2018-05-31T01:33:00","guid":{"rendered":"http:\/\/blogdoedvaldomagalhaes.com.br\/index.php\/2018\/05\/30\/caruaru-aulas-da-rede-municipal-de\/"},"modified":"2019-02-09T02:16:58","modified_gmt":"2019-02-09T04:16:58","slug":"caruaru-aulas-da-rede-municipal-de","status":"publish","type":"post","link":"https:\/\/blogdoedvaldomagalhaes.com.br\/index.php\/2018\/05\/30\/caruaru-aulas-da-rede-municipal-de\/","title":{"rendered":"Caruaru: Aulas da rede municipal de ensino retornam sexta-feira (01)"},"content":{"rendered":"<div class=\"separator\" style=\"clear: both; text-align: center;\">\n<a href=\"https:\/\/2.bp.blogspot.com\/-BYkB9Lc0RzQ\/Ww8mxRyHOWI\/AAAAAAAAygk\/MYjjl2fBVAM6cqvL4mSDmMlt5--w-0YLQCLcBGAs\/s1600\/aulas.png\" imageanchor=\"1\" style=\"margin-left: 1em; margin-right: 1em;\"><img loading=\"lazy\" decoding=\"async\" border=\"0\" data-original-height=\"352\" data-original-width=\"530\" height=\"424\" src=\"http:\/\/blogdoedvaldomagalhaes.com.br\/wp-content\/uploads\/2018\/05\/aulas.png\" width=\"640\" \/><\/a><\/div>\n<div style=\"text-align: justify;\">\n<\/div>\n<div style=\"text-align: justify;\">\n<b>NOTA:<\/b><\/div>\n<div style=\"text-align: justify;\">\n<\/div>\n<div style=\"text-align: justify;\">\nA Secretaria de Educa\u00e7\u00e3o (SEDUC) informa que as aulas da rede municipal de ensino retornam nesta sexta-feira (01). As atividades foram suspensas por causa da atual situa\u00e7\u00e3o que o pa\u00eds atravessa. A prefeita Raquel Lyra se reuniu na manh\u00e3 desta quarta-feira (30) com o secretariado e institui\u00e7\u00f5es de classe e n\u00e3o mediu esfor\u00e7os para que as aulas sejam retomadas coma garantia de servi\u00e7os de transporte, alimenta\u00e7\u00e3o escolar e \u00e1gua mineral.<\/div>\n<div style=\"text-align: justify;\">\n<\/div>\n<div style=\"text-align: justify;\">\nQuanto \u00e0 reposi\u00e7\u00e3o das aulas, a Secretaria de Educa\u00e7\u00e3o divulgar\u00e1, posteriormente, o calend\u00e1rio de reposi\u00e7\u00e3o.&nbsp; A SEDUC se coloca \u00e0 disposi\u00e7\u00e3o da sociedade para esclarecer qualquer d\u00favida. O endere\u00e7o \u00e9 Avenida Jos\u00e9 Marques Fontes, 21, Indian\u00f3polis.&nbsp;<\/div>\n","protected":false},"excerpt":{"rendered":"<p>NOTA: A Secretaria de Educa\u00e7\u00e3o (SEDUC) informa que as aulas da rede municipal de ensino retornam nesta sexta-feira (01). As&hellip;<\/p>\n","protected":false},"author":1,"featured_media":0,"comment_status":"open","ping_status":"open","sticky":false,"template":"","format":"standard","meta":{"footnotes":""},"categories":[1],"tags":[2,2371,6],"class_list":["post-2240","post","type-post","status-publish","format-standard","hentry","category-sem-categoria","tag-blog-do-edvaldo-magalhaes","tag-caruaru-aulas-da-rede-municipal-de-ensino-retornam-sexta-feira-01","tag-noticias"],"_links":{"self":[{"href":"https:\/\/blogdoedvaldomagalhaes.com.br\/index.php\/wp-json\/wp\/v2\/posts\/2240","targetHints":{"allow":["GET"]}}],"collection":[{"href":"https:\/\/blogdoedvaldomagalhaes.com.br\/index.php\/wp-json\/wp\/v2\/posts"}],"about":[{"href":"https:\/\/blogdoedvaldomagalhaes.com.br\/index.php\/wp-json\/wp\/v2\/types\/post"}],"author":[{"embeddable":true,"href":"https:\/\/blogdoedvaldomagalhaes.com.br\/index.php\/wp-json\/wp\/v2\/users\/1"}],"replies":[{"embeddable":true,"href":"https:\/\/blogdoedvaldomagalhaes.com.br\/index.php\/wp-json\/wp\/v2\/comments?post=2240"}],"version-history":[{"count":1,"href":"https:\/\/blogdoedvaldomagalhaes.com.br\/index.php\/wp-json\/wp\/v2\/posts\/2240\/revisions"}],"predecessor-version":[{"id":31346,"href":"https:\/\/blogdoedvaldomagalhaes.com.br\/index.php\/wp-json\/wp\/v2\/posts\/2240\/revisions\/31346"}],"wp:attachment":[{"href":"https:\/\/blogdoedvaldomagalhaes.com.br\/index.php\/wp-json\/wp\/v2\/media?parent=2240"}],"wp:term":[{"taxonomy":"category","embeddable":true,"href":"https:\/\/blogdoedvaldomagalhaes.com.br\/index.php\/wp-json\/wp\/v2\/categories?post=2240"},{"taxonomy":"post_tag","embeddable":true,"href":"https:\/\/blogdoedvaldomagalhaes.com.br\/index.php\/wp-json\/wp\/v2\/tags?post=2240"}],"curies":[{"name":"wp","href":"https:\/\/api.w.org\/{rel}","templated":true}]}}