{"id":224,"date":"2019-01-14T20:33:00","date_gmt":"2019-01-14T22:33:00","guid":{"rendered":"http:\/\/blogdoedvaldomagalhaes.com.br\/index.php\/2019\/01\/14\/paulo-camara-visita-unidades-de\/"},"modified":"2019-02-09T02:49:17","modified_gmt":"2019-02-09T04:49:17","slug":"paulo-camara-visita-unidades-de","status":"publish","type":"post","link":"https:\/\/blogdoedvaldomagalhaes.com.br\/index.php\/2019\/01\/14\/paulo-camara-visita-unidades-de\/","title":{"rendered":"Paulo C\u00e2mara visita unidades de seguran\u00e7a em Caruaru nesta ter\u00e7a (15)"},"content":{"rendered":"<div class=\"separator\" style=\"clear: both; text-align: center;\">\n<a href=\"https:\/\/4.bp.blogspot.com\/-YCulu3NHfgQ\/XDzwA_YY8nI\/AAAAAAABBFQ\/1CjsyP4-un0hn5R4mqG-9LrMFxRlUdEfQCLcBGAs\/s1600\/images.jpeg\" imageanchor=\"1\" style=\"margin-left: 1em; margin-right: 1em;\"><img loading=\"lazy\" decoding=\"async\" border=\"0\" data-original-height=\"288\" data-original-width=\"512\" height=\"360\" src=\"http:\/\/blogdoedvaldomagalhaes.com.br\/wp-content\/uploads\/2019\/01\/images-1.jpeg\" width=\"640\" \/><\/a><\/div>\n<p><\/p>\n<div style=\"text-align: justify;\">\nO governador Paulo C\u00e2mara estar\u00e1 em Caruaru \u2013 no Agreste do Estado \u2013 nesta ter\u00e7a-feira (15.01), cumprindo uma agenda toda voltada para a \u00e1rea de seguran\u00e7a p\u00fablica. Logo pela manh\u00e3 ele conceder\u00e1 entrevista, no audit\u00f3rio da Escola T\u00e9cnica Estadual (ETE) Ministro Fernando Lyra, a respeito dos resultados positivos obtidos pelo Programa Pacto Pela Vida (PPV), coordenado pelo secret\u00e1rio de Defesa Social Ant\u00f4nio de P\u00e1dua. Na reuni\u00e3o ser\u00e3o apresentadas novas estat\u00edsticas sobre roubos e homic\u00eddios, referentes ao exerc\u00edcio de 2018.<\/div>\n<div style=\"text-align: justify;\">\n<\/div>\n<div style=\"text-align: justify;\">\n\u00c0 tarde, o chefe do Executivo visita a 14\u00aa \u00c1rea Integrada de Seguran\u00e7a (AIS-14), que re\u00fane sete unidades da Pol\u00edcia Civil e o 4\u00b0 Batalh\u00e3o da Pol\u00edcia Militar (4\u00b0 BPM), trabalhando de forma integrada. Inaugurado h\u00e1 cinco meses, o complexo funciona 24 horas, todos os dias da semana, e j\u00e1 atendeu 3.687 ocorr\u00eancias desde o dia 13 de agosto. No complexo, dividido em tr\u00eas edifica\u00e7\u00f5es, funcionam a Diretoria Integrada do Interior 1, a Delegacia Seccional de Caruaru, a Divis\u00e3o de Homic\u00eddios do Agreste, duas delegacias de Homic\u00eddios (a 19\u00b0 e 20\u00b0), a 90\u00b0 Delegacia Circunscricional e o plant\u00e3o 24h, al\u00e9m do 14\u00b0 BPM.<\/div>\n<div style=\"text-align: justify;\">\n<\/div>\n<div style=\"text-align: justify;\">\nAs estruturas abrigam 115 policiais civis, envolvidos no trabalho de investiga\u00e7\u00e3o e combate \u00e0 criminalidade em Caruaru e cidades vizinhas. As novas instala\u00e7\u00f5es permitiram a devolu\u00e7\u00e3o dos im\u00f3veis antes alugados para funcionamento das delegacias, representando uma economia de R$ 48 mil anuais aos cofres p\u00fablicos. O Complexo contribuiu significativamente para que Caruaru registrasse uma das melhores taxas de resolu\u00e7\u00e3o do Estado, com 106 dos 169 inqu\u00e9ritos que investigam mortes violentas solucionados e remetidos \u00e0 Justi\u00e7a, o que representa uma taxa de resolu\u00e7\u00e3o 62,72%.<\/div>\n<div style=\"text-align: justify;\">\n<\/div>\n<div style=\"text-align: justify;\">\nAp\u00f3s a visita \u00e0 AIS-14, Paulo C\u00e2mara comandar\u00e1 a cerim\u00f4nia de comemora\u00e7\u00e3o do primeiro ano de funcionamento do 1\u00ba Batalh\u00e3o Integrado Especializado da Pol\u00edcia Militar de Caruaru (BIEsp). Inaugurado em novembro de 2017, o BIEsp re\u00fane cinco unidades especializadas da PMPE que, antes, s\u00f3 atuavam na Regi\u00e3o Metropolitana do Recife: a Ronda Ostensiva com o Apoio de Motocicletas (Rocam), a Radiopatrulha, o BPChoque, o CIPC\u00e3es e o Policiamento de Tr\u00e2nsito.<\/div>\n<div style=\"text-align: justify;\">\n<\/div>\n<div style=\"text-align: justify;\">\nCom 308 policiais militares, a unidade atende a 109 munic\u00edpios que fazem parte da Diretoria Integrada do Interior 1 (Dinter 1) da PMPE, beneficiando uma popula\u00e7\u00e3o de cerca de 3 milh\u00f5es de habitantes. O 1\u00ba BIEsp cumpre o papel de refor\u00e7ar o combate \u00e0s diversas modalidades de crimes, como tr\u00e1fico de drogas, assaltos, porte ilegal de armas e desarticula\u00e7\u00e3o de grupos de exterm\u00ednio, com aten\u00e7\u00e3o especial ao patrulhamento e \u00e0s a\u00e7\u00f5es nas \u00e1reas rurais do Agreste e Zona da Mata. A atua\u00e7\u00e3o do batalh\u00e3o tamb\u00e9m foi fundamental para a redu\u00e7\u00e3o dos \u00edndices de Crimes Violentos Letais Intencionais (CVLIs) e de Crimes Violentos contra o Patrim\u00f4nio (CVPs) registrados em Caruaru no ano passado.<\/div>\n<div style=\"text-align: justify;\">\n<\/div>\n<div style=\"text-align: justify;\">\nEm 2018, os casos de homic\u00eddios no munic\u00edpio tiveram uma queda de 35% em rela\u00e7\u00e3o a 2017, apresentando o menor n\u00famero dos \u00faltimos quatro anos. No total, foram 169 ocorr\u00eancias de CVLI registradas nesses 12 meses, contra 262 no ano anterior. Quanto aos CVPs, verificou-se uma redu\u00e7\u00e3o de 42% em rela\u00e7\u00e3o a 2017. No total, computaram-se 4.803 roubos na cidade em todo o ano, contra 8.240 notificados em 2017.<\/p>\n<p>Informa\u00e7\u00f5es: Secretaria de Imprensa.<\/p><\/div>\n<div style=\"text-align: justify;\">\n<\/div>\n","protected":false},"excerpt":{"rendered":"<p>O governador Paulo C\u00e2mara estar\u00e1 em Caruaru \u2013 no Agreste do Estado \u2013 nesta ter\u00e7a-feira (15.01), cumprindo uma agenda toda&hellip;<\/p>\n","protected":false},"author":1,"featured_media":0,"comment_status":"open","ping_status":"open","sticky":false,"template":"","format":"standard","meta":{"footnotes":""},"categories":[1],"tags":[2,236,20],"class_list":["post-224","post","type-post","status-publish","format-standard","hentry","category-sem-categoria","tag-blog-do-edvaldo-magalhaes","tag-paulo-camara-visita-unidades-de-seguranca-em-caruaru-nesta-terca-15","tag-politica"],"_links":{"self":[{"href":"https:\/\/blogdoedvaldomagalhaes.com.br\/index.php\/wp-json\/wp\/v2\/posts\/224","targetHints":{"allow":["GET"]}}],"collection":[{"href":"https:\/\/blogdoedvaldomagalhaes.com.br\/index.php\/wp-json\/wp\/v2\/posts"}],"about":[{"href":"https:\/\/blogdoedvaldomagalhaes.com.br\/index.php\/wp-json\/wp\/v2\/types\/post"}],"author":[{"embeddable":true,"href":"https:\/\/blogdoedvaldomagalhaes.com.br\/index.php\/wp-json\/wp\/v2\/users\/1"}],"replies":[{"embeddable":true,"href":"https:\/\/blogdoedvaldomagalhaes.com.br\/index.php\/wp-json\/wp\/v2\/comments?post=224"}],"version-history":[{"count":1,"href":"https:\/\/blogdoedvaldomagalhaes.com.br\/index.php\/wp-json\/wp\/v2\/posts\/224\/revisions"}],"predecessor-version":[{"id":37447,"href":"https:\/\/blogdoedvaldomagalhaes.com.br\/index.php\/wp-json\/wp\/v2\/posts\/224\/revisions\/37447"}],"wp:attachment":[{"href":"https:\/\/blogdoedvaldomagalhaes.com.br\/index.php\/wp-json\/wp\/v2\/media?parent=224"}],"wp:term":[{"taxonomy":"category","embeddable":true,"href":"https:\/\/blogdoedvaldomagalhaes.com.br\/index.php\/wp-json\/wp\/v2\/categories?post=224"},{"taxonomy":"post_tag","embeddable":true,"href":"https:\/\/blogdoedvaldomagalhaes.com.br\/index.php\/wp-json\/wp\/v2\/tags?post=224"}],"curies":[{"name":"wp","href":"https:\/\/api.w.org\/{rel}","templated":true}]}}