{"id":2239,"date":"2018-05-30T22:41:00","date_gmt":"2018-05-31T01:41:00","guid":{"rendered":"http:\/\/blogdoedvaldomagalhaes.com.br\/index.php\/2018\/05\/30\/abertura-do-sao-joao-2018-de-caruaru\/"},"modified":"2019-02-09T02:16:58","modified_gmt":"2019-02-09T04:16:58","slug":"abertura-do-sao-joao-2018-de-caruaru","status":"publish","type":"post","link":"https:\/\/blogdoedvaldomagalhaes.com.br\/index.php\/2018\/05\/30\/abertura-do-sao-joao-2018-de-caruaru\/","title":{"rendered":"Abertura do S\u00e3o Jo\u00e3o 2018 de Caruaru est\u00e1 mantida para pr\u00f3ximo fim de semana"},"content":{"rendered":"<div class=\"separator\" style=\"clear: both; text-align: center;\">\n<a href=\"https:\/\/2.bp.blogspot.com\/-7QcRlq8xy6Q\/Ww8oaHOB9oI\/AAAAAAAAygw\/4mSlOzyLVB08JpbGXFu1u95L_4yPyPvIwCLcBGAs\/s1600\/capital.jpg\" imageanchor=\"1\" style=\"margin-left: 1em; margin-right: 1em;\"><img loading=\"lazy\" decoding=\"async\" border=\"0\" data-original-height=\"345\" data-original-width=\"625\" height=\"350\" src=\"http:\/\/blogdoedvaldomagalhaes.com.br\/wp-content\/uploads\/2018\/05\/capital.jpg\" width=\"640\" \/><\/a><\/div>\n<p><\/p>\n<div style=\"text-align: justify;\">\nA prefeita de Caruaru, Raquel Lyra, confirmou, no final da noite desta quarta-feira (30), que a abertura da programa\u00e7\u00e3o do S\u00e3o Jo\u00e3o 2018 da cidade, no Agreste de Pernambuco, permanece sem altera\u00e7\u00f5es j\u00e1 que a crise no abastecimento de combust\u00edveis come\u00e7a a ser contornada. A abertura oficial acontece neste s\u00e1bado, 2 de junho, a partir das 19h, na Esta\u00e7\u00e3o Ferrovi\u00e1ria. Mas quem chegar \u00e0 cidade na sexta, dia 1\u00ba, j\u00e1 pode desfrutar de uma pr\u00e9via da festa com apresenta\u00e7\u00f5es nos polos da Esta\u00e7\u00e3o e no S\u00edtio Pau Santo, na zona rural, que recebe a primeira apresenta\u00e7\u00e3o do S\u00e3o Jo\u00e3o na Ro\u00e7a.<\/p>\n<p>Quem abre a grade de shows no Parque de Eventos Luiz Lua Gonzaga \u00e9 a Orquestra de P\u00edfanos de Caruaru, regida pela maestro Mozart Vieira,&nbsp; com nada menos que 75 integrantes. A noite traz, ainda, Elba Ramalho, Ful\u00f4 de Mandacaru e Jonas Esticado. Os artistas Wesley Safad\u00e3o, Alok, Gabriel Diniz, Fl\u00e1vio Jos\u00e9, Michel Tel\u00f3, Azul\u00e3o e Azulinho e Cordel do Fogo Encantado est\u00e3o entre as mais de 400 atra\u00e7\u00f5es do festejo junino, que, este ano, deve atrair um p\u00fablico de 2,5 milh\u00f5es de pessoas. O S\u00e3o Jo\u00e3o vai at\u00e9 o dia 30 de junho.&nbsp;<\/p>\n<p>Durante a coletiva de imprensa, Raquel Lyra explicou que a prefeitura montou um comit\u00ea de gest\u00e3o da crise, que reuniu dados e chegou \u00e0 conclus\u00e3o de que a cidade tem condi\u00e7\u00f5es de realizar o evento neste final de semana. Algumas aberturas de festas juninas pelo Pa\u00eds foram canceladas por conta da paralisa\u00e7\u00e3o dos caminhoneiros. \u201cNos reunimos com toda a sociedade civil, \u00f3rg\u00e3os de seguran\u00e7a, comerciantes, donos de restaurantes e patrocinadores e todos concordaram em manter\u00e1 festa. O S\u00e3o Jo\u00e3o \u00e9 muito importante para Caruaru e n\u00e3o \u00e9 s\u00f3 culturalmente. O impacto econ\u00f4mico \u00e9 important\u00edssimo para girar a economia local&#8221;, diz a prefeita. Todos os servi\u00e7os prestados pela prefeitura do munic\u00edpio j\u00e1 estar\u00e3o funcionando 100% a partir de amanh\u00e3.<\/p>\n<p>No domingo, no P\u00e1tio de eventos apresentam-se Chambinho do Acordeon, Geraldo Azevedo e Alcymar Monteiro. Programa\u00e7\u00e3o completa do site http:\/\/www.saojoaodecaruaru2018.com.br\/<\/p><\/div>\n","protected":false},"excerpt":{"rendered":"<p>A prefeita de Caruaru, Raquel Lyra, confirmou, no final da noite desta quarta-feira (30), que a abertura da programa\u00e7\u00e3o do&hellip;<\/p>\n","protected":false},"author":1,"featured_media":0,"comment_status":"open","ping_status":"open","sticky":false,"template":"","format":"standard","meta":{"footnotes":""},"categories":[1],"tags":[2370,2,6],"class_list":["post-2239","post","type-post","status-publish","format-standard","hentry","category-sem-categoria","tag-abertura-do-sao-joao-2018-de-caruaru-esta-mantida-para-proximo-fim-de-semana","tag-blog-do-edvaldo-magalhaes","tag-noticias"],"_links":{"self":[{"href":"https:\/\/blogdoedvaldomagalhaes.com.br\/index.php\/wp-json\/wp\/v2\/posts\/2239","targetHints":{"allow":["GET"]}}],"collection":[{"href":"https:\/\/blogdoedvaldomagalhaes.com.br\/index.php\/wp-json\/wp\/v2\/posts"}],"about":[{"href":"https:\/\/blogdoedvaldomagalhaes.com.br\/index.php\/wp-json\/wp\/v2\/types\/post"}],"author":[{"embeddable":true,"href":"https:\/\/blogdoedvaldomagalhaes.com.br\/index.php\/wp-json\/wp\/v2\/users\/1"}],"replies":[{"embeddable":true,"href":"https:\/\/blogdoedvaldomagalhaes.com.br\/index.php\/wp-json\/wp\/v2\/comments?post=2239"}],"version-history":[{"count":1,"href":"https:\/\/blogdoedvaldomagalhaes.com.br\/index.php\/wp-json\/wp\/v2\/posts\/2239\/revisions"}],"predecessor-version":[{"id":31348,"href":"https:\/\/blogdoedvaldomagalhaes.com.br\/index.php\/wp-json\/wp\/v2\/posts\/2239\/revisions\/31348"}],"wp:attachment":[{"href":"https:\/\/blogdoedvaldomagalhaes.com.br\/index.php\/wp-json\/wp\/v2\/media?parent=2239"}],"wp:term":[{"taxonomy":"category","embeddable":true,"href":"https:\/\/blogdoedvaldomagalhaes.com.br\/index.php\/wp-json\/wp\/v2\/categories?post=2239"},{"taxonomy":"post_tag","embeddable":true,"href":"https:\/\/blogdoedvaldomagalhaes.com.br\/index.php\/wp-json\/wp\/v2\/tags?post=2239"}],"curies":[{"name":"wp","href":"https:\/\/api.w.org\/{rel}","templated":true}]}}