{"id":2236,"date":"2018-05-31T08:00:00","date_gmt":"2018-05-31T11:00:00","guid":{"rendered":"http:\/\/blogdoedvaldomagalhaes.com.br\/index.php\/2018\/05\/31\/procon-divulga-regras-para-o-sao-joao\/"},"modified":"2019-02-09T02:17:03","modified_gmt":"2019-02-09T04:17:03","slug":"procon-divulga-regras-para-o-sao-joao","status":"publish","type":"post","link":"https:\/\/blogdoedvaldomagalhaes.com.br\/index.php\/2018\/05\/31\/procon-divulga-regras-para-o-sao-joao\/","title":{"rendered":"Procon divulga regras para o S\u00e3o Jo\u00e3o 2018"},"content":{"rendered":"<div class=\"separator\" style=\"clear: both; text-align: center;\">\n<a href=\"https:\/\/2.bp.blogspot.com\/-MT4hmXiPTSk\/Ww9Z1_lEQwI\/AAAAAAAAyhU\/lEfdxNJO56UbjFIQYFo6caaxsMc8C6-bQCLcBGAs\/s1600\/procon.jpg\" imageanchor=\"1\" style=\"margin-left: 1em; margin-right: 1em;\"><img loading=\"lazy\" decoding=\"async\" border=\"0\" data-original-height=\"290\" data-original-width=\"461\" height=\"402\" src=\"http:\/\/blogdoedvaldomagalhaes.com.br\/wp-content\/uploads\/2018\/05\/procon.jpg\" width=\"640\" \/><\/a><\/div>\n<div style=\"text-align: justify;\">\n<\/div>\n<div style=\"text-align: justify;\">\nO Procon Caruaru junto com o Comit\u00ea do S\u00e3o Jo\u00e3o 2018 divulgou as normas para os donos de restaurantes e barracas que v\u00e3o trabalhar na festa no per\u00edodo junino. A cobran\u00e7a de taxa de perman\u00eancia em mesa, consuma\u00e7\u00e3o m\u00ednima, extravio de comanda e estabelecer valor&nbsp; m\u00ednimo para pagamento com o cart\u00e3o de cr\u00e9dito est\u00e3o proibidos. Al\u00e9m disso, o estabelecimento deve afixar externamente na entrada o card\u00e1pio com os pre\u00e7os praticados.<\/div>\n<div style=\"text-align: justify;\">\n<\/div>\n<div style=\"text-align: justify;\">\nO restaurante deve informar em cartazes ou card\u00e1pios a taxa de servi\u00e7o (10%) que \u00e9 opcional (Lei Estadual n\u00ba 13.856\/09). O valor m\u00e1ximo a ser cobrado como entrada n\u00e3o deve passar de R$ 120 por pessoa. Tamb\u00e9m foi divulgada a tabela com o pre\u00e7o m\u00e1ximo que pode ser cobrado para venda de bebidas.<\/div>\n<div style=\"text-align: justify;\">\n<\/div>\n<div style=\"text-align: justify;\">\nCaso algum consumidor tenha alguma reclama\u00e7\u00e3o ou d\u00favida deve procurar o Procon, das 19h \u00e0s 22h, no Centro de Opera\u00e7\u00f5es Internas que ficar\u00e1 localizado no Espa\u00e7o Cultural.<\/p>\n<p>Confira a tabela de pre\u00e7os abaixo:&nbsp;<\/p>\n<div class=\"separator\" style=\"clear: both; text-align: center;\">\n<a href=\"http:\/\/blogdoedvaldomagalhaes.com.br\/wp-content\/uploads\/2018\/05\/tavela.jpg\" imageanchor=\"1\" style=\"margin-left: 1em; margin-right: 1em;\"><img decoding=\"async\" border=\"0\" data-original-height=\"866\" data-original-width=\"588\" src=\"http:\/\/blogdoedvaldomagalhaes.com.br\/wp-content\/uploads\/2018\/05\/tavela.jpg\" \/><\/a><\/div>\n<p><\/div>\n","protected":false},"excerpt":{"rendered":"<p>O Procon Caruaru junto com o Comit\u00ea do S\u00e3o Jo\u00e3o 2018 divulgou as normas para os donos de restaurantes e&hellip;<\/p>\n","protected":false},"author":1,"featured_media":0,"comment_status":"open","ping_status":"open","sticky":false,"template":"","format":"standard","meta":{"footnotes":""},"categories":[1],"tags":[2,6,2367],"class_list":["post-2236","post","type-post","status-publish","format-standard","hentry","category-sem-categoria","tag-blog-do-edvaldo-magalhaes","tag-noticias","tag-procon-divulga-regras-para-o-sao-joao-2018"],"_links":{"self":[{"href":"https:\/\/blogdoedvaldomagalhaes.com.br\/index.php\/wp-json\/wp\/v2\/posts\/2236","targetHints":{"allow":["GET"]}}],"collection":[{"href":"https:\/\/blogdoedvaldomagalhaes.com.br\/index.php\/wp-json\/wp\/v2\/posts"}],"about":[{"href":"https:\/\/blogdoedvaldomagalhaes.com.br\/index.php\/wp-json\/wp\/v2\/types\/post"}],"author":[{"embeddable":true,"href":"https:\/\/blogdoedvaldomagalhaes.com.br\/index.php\/wp-json\/wp\/v2\/users\/1"}],"replies":[{"embeddable":true,"href":"https:\/\/blogdoedvaldomagalhaes.com.br\/index.php\/wp-json\/wp\/v2\/comments?post=2236"}],"version-history":[{"count":1,"href":"https:\/\/blogdoedvaldomagalhaes.com.br\/index.php\/wp-json\/wp\/v2\/posts\/2236\/revisions"}],"predecessor-version":[{"id":31355,"href":"https:\/\/blogdoedvaldomagalhaes.com.br\/index.php\/wp-json\/wp\/v2\/posts\/2236\/revisions\/31355"}],"wp:attachment":[{"href":"https:\/\/blogdoedvaldomagalhaes.com.br\/index.php\/wp-json\/wp\/v2\/media?parent=2236"}],"wp:term":[{"taxonomy":"category","embeddable":true,"href":"https:\/\/blogdoedvaldomagalhaes.com.br\/index.php\/wp-json\/wp\/v2\/categories?post=2236"},{"taxonomy":"post_tag","embeddable":true,"href":"https:\/\/blogdoedvaldomagalhaes.com.br\/index.php\/wp-json\/wp\/v2\/tags?post=2236"}],"curies":[{"name":"wp","href":"https:\/\/api.w.org\/{rel}","templated":true}]}}