{"id":2235,"date":"2018-05-31T10:16:00","date_gmt":"2018-05-31T13:16:00","guid":{"rendered":"http:\/\/blogdoedvaldomagalhaes.com.br\/index.php\/2018\/05\/31\/adolescentes-tomam-carro-de-assalto-e\/"},"modified":"2019-02-09T02:17:03","modified_gmt":"2019-02-09T04:17:03","slug":"adolescentes-tomam-carro-de-assalto-e","status":"publish","type":"post","link":"https:\/\/blogdoedvaldomagalhaes.com.br\/index.php\/2018\/05\/31\/adolescentes-tomam-carro-de-assalto-e\/","title":{"rendered":"Adolescentes tomam carro de assalto e batem na frente de loja em Caruaru"},"content":{"rendered":"<div class=\"separator\" style=\"clear: both; text-align: center;\">\n<a href=\"https:\/\/1.bp.blogspot.com\/-ULeCL3bl-wI\/Ww_LQG5yI2I\/AAAAAAAAyhg\/8C-JNBm7fh4HZNqnb3EPFoqhpjVPJDVzQCLcBGAs\/s1600\/zap.jpg\" imageanchor=\"1\" style=\"margin-left: 1em; margin-right: 1em;\"><img loading=\"lazy\" decoding=\"async\" border=\"0\" data-original-height=\"281\" data-original-width=\"500\" height=\"354\" src=\"http:\/\/blogdoedvaldomagalhaes.com.br\/wp-content\/uploads\/2018\/05\/zap-4.jpg\" width=\"640\" \/><\/a><\/div>\n<div class=\"separator\" style=\"clear: both; text-align: center;\">\nFoto: WhatsApp\/Cortesia<\/div>\n<p><\/p>\n<div style=\"background-color: white; box-sizing: border-box; line-height: 24px; margin-bottom: 10px; text-align: justify;\">\nRegistrados seis assaltos a \u00f4nibus na Regi\u00e3o Metropolitana do Recife, nas \u00faltimas 24 horas. No m\u00eas de maio s\u00e3o 191 assaltos e no ano 1.069.<\/div>\n<div style=\"background-color: white; box-sizing: border-box; line-height: 24px; margin-bottom: 10px; text-align: justify;\">\nNove pessoas foram assassinadas em Pernambuco. No ano o n\u00famero de homic\u00eddios chega a 1.820, sendo 727 no Grande Recife e 1.093 no interior.<\/div>\n<div style=\"background-color: white; box-sizing: border-box; line-height: 24px; margin-bottom: 10px; text-align: justify;\">\nEm Caruaru, dois adolescentes de 15 e 16 anos foram apreendidos pela Pol\u00edcia Militar, na tarde desta quarta-feira (30). Eles tomaram de assalto um Gol branco conduzido por uma mulher, nas imedia\u00e7\u00f5es da Asces-Unita, bairro Universit\u00e1rio.<\/div>\n<div style=\"background-color: white; box-sizing: border-box; line-height: 24px; margin-bottom: 10px; text-align: justify;\">\nDurante persegui\u00e7\u00e3o policial, o ve\u00edculo colidiu na frente de uma loja, no bairro Rendeiras. Os menores iam levar carro para um desmanche, segundo a pol\u00edcia. Eles foram apresentados na Delegacia de Plant\u00e3o.<\/div>\n<div style=\"background-color: white; box-sizing: border-box; line-height: 24px; margin-bottom: 10px; text-align: justify;\">\nInforma\u00e7\u00f5es da R\u00e1dio Liberdade<\/div>\n","protected":false},"excerpt":{"rendered":"<p>Foto: WhatsApp\/Cortesia Registrados seis assaltos a \u00f4nibus na Regi\u00e3o Metropolitana do Recife, nas \u00faltimas 24 horas. No m\u00eas de maio&hellip;<\/p>\n","protected":false},"author":1,"featured_media":0,"comment_status":"open","ping_status":"open","sticky":false,"template":"","format":"standard","meta":{"footnotes":""},"categories":[1],"tags":[2366,2,13],"class_list":["post-2235","post","type-post","status-publish","format-standard","hentry","category-sem-categoria","tag-adolescentes-tomam-carro-de-assalto-e-batem-na-frente-de-loja-em-caruaru","tag-blog-do-edvaldo-magalhaes","tag-policial"],"_links":{"self":[{"href":"https:\/\/blogdoedvaldomagalhaes.com.br\/index.php\/wp-json\/wp\/v2\/posts\/2235","targetHints":{"allow":["GET"]}}],"collection":[{"href":"https:\/\/blogdoedvaldomagalhaes.com.br\/index.php\/wp-json\/wp\/v2\/posts"}],"about":[{"href":"https:\/\/blogdoedvaldomagalhaes.com.br\/index.php\/wp-json\/wp\/v2\/types\/post"}],"author":[{"embeddable":true,"href":"https:\/\/blogdoedvaldomagalhaes.com.br\/index.php\/wp-json\/wp\/v2\/users\/1"}],"replies":[{"embeddable":true,"href":"https:\/\/blogdoedvaldomagalhaes.com.br\/index.php\/wp-json\/wp\/v2\/comments?post=2235"}],"version-history":[{"count":1,"href":"https:\/\/blogdoedvaldomagalhaes.com.br\/index.php\/wp-json\/wp\/v2\/posts\/2235\/revisions"}],"predecessor-version":[{"id":31357,"href":"https:\/\/blogdoedvaldomagalhaes.com.br\/index.php\/wp-json\/wp\/v2\/posts\/2235\/revisions\/31357"}],"wp:attachment":[{"href":"https:\/\/blogdoedvaldomagalhaes.com.br\/index.php\/wp-json\/wp\/v2\/media?parent=2235"}],"wp:term":[{"taxonomy":"category","embeddable":true,"href":"https:\/\/blogdoedvaldomagalhaes.com.br\/index.php\/wp-json\/wp\/v2\/categories?post=2235"},{"taxonomy":"post_tag","embeddable":true,"href":"https:\/\/blogdoedvaldomagalhaes.com.br\/index.php\/wp-json\/wp\/v2\/tags?post=2235"}],"curies":[{"name":"wp","href":"https:\/\/api.w.org\/{rel}","templated":true}]}}