{"id":2233,"date":"2018-05-31T10:26:00","date_gmt":"2018-05-31T13:26:00","guid":{"rendered":"http:\/\/blogdoedvaldomagalhaes.com.br\/index.php\/2018\/05\/31\/centro-integrado-de-monitoramento-e\/"},"modified":"2019-02-09T02:17:04","modified_gmt":"2019-02-09T04:17:04","slug":"centro-integrado-de-monitoramento-e","status":"publish","type":"post","link":"https:\/\/blogdoedvaldomagalhaes.com.br\/index.php\/2018\/05\/31\/centro-integrado-de-monitoramento-e\/","title":{"rendered":"Centro Integrado de Monitoramento e Gest\u00e3o de Eventos vai atuar com 45 c\u00e2meras no S\u00e3o Jo\u00e3o de Caruaru"},"content":{"rendered":"<div class=\"separator\" style=\"clear: both; text-align: center;\">\n<a href=\"https:\/\/2.bp.blogspot.com\/-xX6xAahFKOk\/Ww_NoeWkbaI\/AAAAAAAAyh4\/_JgPtwY5aQks2keuWrO0GHjMwTSZ7zhDgCLcBGAs\/s1600\/centro.jpg\" imageanchor=\"1\" style=\"margin-left: 1em; margin-right: 1em;\"><img loading=\"lazy\" decoding=\"async\" border=\"0\" data-original-height=\"400\" data-original-width=\"640\" height=\"400\" src=\"http:\/\/blogdoedvaldomagalhaes.com.br\/wp-content\/uploads\/2018\/05\/centro.jpg\" width=\"640\" \/><\/a><\/div>\n<div class=\"separator\" style=\"clear: both; text-align: center;\">\nFoto\/Arquivo de 2016<\/div>\n<div style=\"text-align: justify;\">\n<\/div>\n<div style=\"text-align: justify;\">\nO esquema de seguran\u00e7a para o S\u00e3o Jo\u00e3o de Caruaru de 2018 vem sendo trabalhado h\u00e1 meses em reuni\u00f5es organizadas pela Secretaria Municipal de Ordem P\u00fablica (Secop) junto com a Secretaria de Defesa Social (SDS), Pol\u00edcias Militar e Civil, Destra e Corpo de Bombeiros. O objetivo \u00e9 articular uma festa ainda mais segura para os caruaruenses e turistas de toda a regi\u00e3o.<\/div>\n<div style=\"text-align: justify;\">\n<\/div>\n<div style=\"text-align: justify;\">\nNeste ano, no Centro Integrado de Monitoramento e Gest\u00e3o de Eventos &#8211; CIMGE, que vai funcionar no Espa\u00e7o Cultural, 45 c\u00e2meras instaladas no p\u00e1tio e na esta\u00e7\u00e3o ferrovi\u00e1ria, at\u00e9 o Polo Azul\u00e3o, far\u00e3o o monitoramento da \u00e1rea. \u201cAl\u00e9m das 45 c\u00e2meras, contaremos, ainda, com as 30 c\u00e2meras da Destra\u201d, explica o secret\u00e1rio de Ordem P\u00fablica, Coronel Lu\u00eds Aureliano.<\/div>\n<div style=\"text-align: justify;\">\n<\/div>\n<div style=\"text-align: justify;\">\nA Prefeitura Municipal de Caruaru, atrav\u00e9s da Secop, est\u00e1 trabalhando, tamb\u00e9m, no apoio para estadia e log\u00edstica dos policiais militares que v\u00eam de todo o estado para cuidar da seguran\u00e7a na maior festa junina de Pernambuco. \u201cA Secretaria de Ordem P\u00fablica garantiu a estrutura log\u00edstica dos policiais que vieram para c\u00e1 trabalhar em 2017 e vamos dar continuidade ao trabalho este ano, com algumas inova\u00e7\u00f5es\u201d, conclui o Coronel.<\/div>\n<div style=\"text-align: justify;\">\n<\/div>\n<div style=\"text-align: justify;\">\nDesde o S\u00e3o Jo\u00e3o 2017, novas medidas foram tomadas para melhorar a seguran\u00e7a, n\u00e3o apenas no P\u00e1tio do Forr\u00f3, mas em toda a cidade nos dias de shows. Ano passado, houve uma redu\u00e7\u00e3o de 38% nos \u00edndices de viol\u00eancia, &#8211; segundo dados da Pol\u00edcia Militar.<\/div>\n<div style=\"text-align: justify;\">\n<\/div>\n<div style=\"text-align: justify;\">\n<b>Entenda o CIMGE:<\/b><\/div>\n<div style=\"text-align: justify;\">\n<\/div>\n<div style=\"text-align: justify;\">\nO Centro Integrado de Monitoramento e Gest\u00e3o de Eventos (CIMGE) \u00e9 um sistema de controle de ocorr\u00eancias, que auxilia os gestores na qualidade do atendimento ao usu\u00e1rio, com um tempo de resposta muito mais r\u00e1pido e contribui para uma a\u00e7\u00e3o mais coordenada entre os setores que est\u00e3o no Centro de Monitoramento.<\/div>\n<div style=\"text-align: justify;\">\n<\/div>\n<div style=\"text-align: justify;\">\nO local disponibiliza de 15 espa\u00e7os com computadores, vis\u00e3o ampla das c\u00e2meras de monitoramento e sala de crise para reuni\u00f5es emergenciais. Participam deste projeto, coordenado pela Secretaria de Ordem P\u00fablica, as Pol\u00edcias Militar, Civil e Federal, Bombeiro Militar, Destra, Funda\u00e7\u00e3o de Cultura e Turismo e secretarias municipais como Secretaria de Urbanismo e Obras, Servi\u00e7os P\u00fablicos, Sa\u00fade, Pol\u00edtica para Mulheres, Desenvolvimento Social e Direitos Humanos, Procon, Secretaria de Desenvolvimento Econ\u00f4mico e Economia Criativa, Secretaria da Fazenda e Imprensa e Comunica\u00e7\u00e3o, e Juizado do Forr\u00f3, que conta com servi\u00e7os do Poder Judici\u00e1rio e Minist\u00e9rio P\u00fablico de Pernambuco, al\u00e9m do Escrit\u00f3rio de Pr\u00e1ticas Jur\u00eddicas do Centro Universit\u00e1rio Asces-Unita.<\/div>\n","protected":false},"excerpt":{"rendered":"<p>Foto\/Arquivo de 2016 O esquema de seguran\u00e7a para o S\u00e3o Jo\u00e3o de Caruaru de 2018 vem sendo trabalhado h\u00e1 meses&hellip;<\/p>\n","protected":false},"author":1,"featured_media":0,"comment_status":"open","ping_status":"open","sticky":false,"template":"","format":"standard","meta":{"footnotes":""},"categories":[1],"tags":[2,2364,6],"class_list":["post-2233","post","type-post","status-publish","format-standard","hentry","category-sem-categoria","tag-blog-do-edvaldo-magalhaes","tag-centro-integrado-de-monitoramento-e-gestao-de-eventos-vai-atuar-com-45-cameras-no-sao-joao-de-caruaru","tag-noticias"],"_links":{"self":[{"href":"https:\/\/blogdoedvaldomagalhaes.com.br\/index.php\/wp-json\/wp\/v2\/posts\/2233","targetHints":{"allow":["GET"]}}],"collection":[{"href":"https:\/\/blogdoedvaldomagalhaes.com.br\/index.php\/wp-json\/wp\/v2\/posts"}],"about":[{"href":"https:\/\/blogdoedvaldomagalhaes.com.br\/index.php\/wp-json\/wp\/v2\/types\/post"}],"author":[{"embeddable":true,"href":"https:\/\/blogdoedvaldomagalhaes.com.br\/index.php\/wp-json\/wp\/v2\/users\/1"}],"replies":[{"embeddable":true,"href":"https:\/\/blogdoedvaldomagalhaes.com.br\/index.php\/wp-json\/wp\/v2\/comments?post=2233"}],"version-history":[{"count":1,"href":"https:\/\/blogdoedvaldomagalhaes.com.br\/index.php\/wp-json\/wp\/v2\/posts\/2233\/revisions"}],"predecessor-version":[{"id":31361,"href":"https:\/\/blogdoedvaldomagalhaes.com.br\/index.php\/wp-json\/wp\/v2\/posts\/2233\/revisions\/31361"}],"wp:attachment":[{"href":"https:\/\/blogdoedvaldomagalhaes.com.br\/index.php\/wp-json\/wp\/v2\/media?parent=2233"}],"wp:term":[{"taxonomy":"category","embeddable":true,"href":"https:\/\/blogdoedvaldomagalhaes.com.br\/index.php\/wp-json\/wp\/v2\/categories?post=2233"},{"taxonomy":"post_tag","embeddable":true,"href":"https:\/\/blogdoedvaldomagalhaes.com.br\/index.php\/wp-json\/wp\/v2\/tags?post=2233"}],"curies":[{"name":"wp","href":"https:\/\/api.w.org\/{rel}","templated":true}]}}