{"id":2232,"date":"2018-05-31T16:26:00","date_gmt":"2018-05-31T19:26:00","guid":{"rendered":"http:\/\/blogdoedvaldomagalhaes.com.br\/index.php\/2018\/05\/31\/mansao-forro-inicia-temporada-2018-co\/"},"modified":"2019-02-09T02:17:10","modified_gmt":"2019-02-09T04:17:10","slug":"mansao-forro-inicia-temporada-2018-co","status":"publish","type":"post","link":"https:\/\/blogdoedvaldomagalhaes.com.br\/index.php\/2018\/05\/31\/mansao-forro-inicia-temporada-2018-co\/","title":{"rendered":"Mans\u00e3o Forr\u00f3 inicia temporada 2018 com show de Avine Vinny e Samyra Show"},"content":{"rendered":"<div class=\"separator\" style=\"clear: both; text-align: center;\">\n<a href=\"https:\/\/3.bp.blogspot.com\/-44UgAvbaYQ4\/WxAhtMBEcLI\/AAAAAAAAyio\/agL2gX9hY1YhMDjpEQoNjmid_XGjydcqwCLcBGAs\/s1600\/avinny.png\" imageanchor=\"1\" style=\"margin-left: 1em; margin-right: 1em;\"><img loading=\"lazy\" decoding=\"async\" border=\"0\" data-original-height=\"1600\" data-original-width=\"853\" height=\"640\" src=\"http:\/\/blogdoedvaldomagalhaes.com.br\/wp-content\/uploads\/2018\/05\/avinny.png\" width=\"340\" \/><\/a><\/div>\n<div style=\"text-align: justify;\">\n<\/div>\n<div style=\"text-align: justify;\">\nUm dos points do S\u00e3o Jo\u00e3o de Caruaru, casa abre neste domingo (3), recebendo artistas locais e nacionais. Espa\u00e7o oferece cidade cenogr\u00e1fica e pra\u00e7a de alimenta\u00e7\u00e3o<\/div>\n<div style=\"text-align: justify;\">\n<\/div>\n<div style=\"text-align: justify;\">\nA Mans\u00e3o Forr\u00f3 promete mais uma vez reunir os jovens f\u00e3s de arrasta-p\u00e9 e sertanejo durante o S\u00e3o Jo\u00e3o de Caruaru. Em sua terceira edi\u00e7\u00e3o, a casa, que transforma uma famosa mans\u00e3o da cidade em camarote VIP, abre as portas neste domingo (3) \u00e0 tarde, a partir das 15h. Em 2018, a Mans\u00e3o presta homenagem ao colunista social caruaruense Jota Lagos, falecido recentemente. O palco principal da festa exibir\u00e1 uma caricatura do jornalista mais querido do Agreste.<\/div>\n<div style=\"text-align: justify;\">\n<\/div>\n<div style=\"text-align: justify;\">\nA primeira atra\u00e7\u00e3o da Mans\u00e3o ser\u00e1 Samyra Show. A cantora lan\u00e7ou recentemente seu clipe &#8216;J\u00e1 Era&#8217;, no programa Video Show, da Rede Globo, ser\u00e1 a primeira atra\u00e7\u00e3o a subir no palco. No show, ela faz um mix de sucessos, entre eles &#8216;Falsiane&#8217;, &#8216;Cora\u00e7\u00e3o Apertado&#8217;, &#8216;Alta Tens\u00e3o&#8217; e &#8216;Assumo que choro&#8217;.<\/div>\n<div style=\"text-align: justify;\">\n<\/div>\n<div style=\"text-align: justify;\">\nO cantor Avine Vinny, que vem despontando no cen\u00e1rio nacional entre os mais tocados, sobe ao palco em seguida. O cearense mistura no show forr\u00f3, sertanejo, ax\u00e9 e m\u00fasica eletr\u00f4nica e promete agradar em cheio os forrozeiros.&nbsp;<\/div>\n<div style=\"text-align: justify;\">\n<\/div>\n<div style=\"text-align: justify;\">\nAvine apresenta um show recheado de sucessos, entre eles, \u201cWhisky, cigarro e viol\u00e3o\u201d, \u201cEnt\u00e3o vai\u201d, \u201cVida de Playboy\u201d, \u201cNamorar escondido\u201d, \u201cFalso amor\u201d, al\u00e9m de m\u00fasicas de outros artistas. O cantor aproveita o show em Caruaru para lan\u00e7ar o novo clipe, \u201cEu N\u00e3o Presto\u201d, em que revive uma t\u00edpica noite de arrasta-p\u00e9 no interior nordestino.<\/div>\n<div style=\"text-align: justify;\">\n<\/div>\n<div style=\"text-align: justify;\">\nSegundo Fred Gomes, da TFM Promo\u00e7\u00f5es, organizadora do evento, muitas novidades estar\u00e3o dispon\u00edveis ao p\u00fablico nesta edi\u00e7\u00e3o. \u201cA Mans\u00e3o est\u00e1 consolidada como um importante equipamento do S\u00e3o Jo\u00e3o de Caruaru. Vamos investir ainda mais na decora\u00e7\u00e3o da casa e em seguran\u00e7a\u201d, promete.<\/div>\n<div class=\"separator\" style=\"clear: both; text-align: center;\">\n<a href=\"https:\/\/2.bp.blogspot.com\/-buAuh0v3OIY\/WxAh_BQZI4I\/AAAAAAAAyiw\/eeCmmqA2XTICHwsXJckn2TjfUfrrrXvlACLcBGAs\/s1600\/samara.png\" imageanchor=\"1\" style=\"margin-left: 1em; margin-right: 1em;\"><img loading=\"lazy\" decoding=\"async\" border=\"0\" data-original-height=\"1600\" data-original-width=\"1256\" height=\"640\" src=\"http:\/\/blogdoedvaldomagalhaes.com.br\/wp-content\/uploads\/2018\/05\/samara.png\" width=\"502\" \/><\/a><\/div>\n<div style=\"text-align: justify;\">\n<\/div>\n<div style=\"text-align: justify;\">\nMANS\u00c3O FORR\u00d3<\/div>\n<div style=\"text-align: justify;\">\n<\/div>\n<div style=\"text-align: justify;\">\nPromovida em parceria pela TFM Promo\u00e7\u00f5es e a TV Asa Branca, a Mans\u00e3o do Forr\u00f3 funcionar\u00e1 durante todos os fins de semana e principais datas de junho. A casa comporta dois espa\u00e7os, a \u00e1rea cultural (com cidade cenogr\u00e1fica) e uma \u00e1rea de show, dedicada a receber o p\u00fablico para as apresenta\u00e7\u00f5es pagas. H\u00e1 ainda uma pra\u00e7a de alimenta\u00e7\u00e3o, com diversas op\u00e7\u00f5es gastron\u00f4micas. A Mans\u00e3o do Forr\u00f3 tem capacidade para 700 pessoas. Os ingressos est\u00e3o sendo vendidos na loja Mioche, no Caruaru Shopping, pelo valor de R$ 60. Mais informa\u00e7\u00f5es: (81) 2103-1295.<\/div>\n","protected":false},"excerpt":{"rendered":"<p>Um dos points do S\u00e3o Jo\u00e3o de Caruaru, casa abre neste domingo (3), recebendo artistas locais e nacionais. Espa\u00e7o oferece&hellip;<\/p>\n","protected":false},"author":1,"featured_media":0,"comment_status":"open","ping_status":"open","sticky":false,"template":"","format":"standard","meta":{"footnotes":""},"categories":[1],"tags":[2,2363,6],"class_list":["post-2232","post","type-post","status-publish","format-standard","hentry","category-sem-categoria","tag-blog-do-edvaldo-magalhaes","tag-mansao-forro-inicia-temporada-2018-com-show-de-avine-vinny-e-samyra-show","tag-noticias"],"_links":{"self":[{"href":"https:\/\/blogdoedvaldomagalhaes.com.br\/index.php\/wp-json\/wp\/v2\/posts\/2232","targetHints":{"allow":["GET"]}}],"collection":[{"href":"https:\/\/blogdoedvaldomagalhaes.com.br\/index.php\/wp-json\/wp\/v2\/posts"}],"about":[{"href":"https:\/\/blogdoedvaldomagalhaes.com.br\/index.php\/wp-json\/wp\/v2\/types\/post"}],"author":[{"embeddable":true,"href":"https:\/\/blogdoedvaldomagalhaes.com.br\/index.php\/wp-json\/wp\/v2\/users\/1"}],"replies":[{"embeddable":true,"href":"https:\/\/blogdoedvaldomagalhaes.com.br\/index.php\/wp-json\/wp\/v2\/comments?post=2232"}],"version-history":[{"count":1,"href":"https:\/\/blogdoedvaldomagalhaes.com.br\/index.php\/wp-json\/wp\/v2\/posts\/2232\/revisions"}],"predecessor-version":[{"id":31364,"href":"https:\/\/blogdoedvaldomagalhaes.com.br\/index.php\/wp-json\/wp\/v2\/posts\/2232\/revisions\/31364"}],"wp:attachment":[{"href":"https:\/\/blogdoedvaldomagalhaes.com.br\/index.php\/wp-json\/wp\/v2\/media?parent=2232"}],"wp:term":[{"taxonomy":"category","embeddable":true,"href":"https:\/\/blogdoedvaldomagalhaes.com.br\/index.php\/wp-json\/wp\/v2\/categories?post=2232"},{"taxonomy":"post_tag","embeddable":true,"href":"https:\/\/blogdoedvaldomagalhaes.com.br\/index.php\/wp-json\/wp\/v2\/tags?post=2232"}],"curies":[{"name":"wp","href":"https:\/\/api.w.org\/{rel}","templated":true}]}}