{"id":2231,"date":"2018-05-31T16:38:00","date_gmt":"2018-05-31T19:38:00","guid":{"rendered":"http:\/\/blogdoedvaldomagalhaes.com.br\/index.php\/2018\/05\/31\/camara-de-caruaru-suspende-reuniao\/"},"modified":"2019-02-09T02:17:11","modified_gmt":"2019-02-09T04:17:11","slug":"camara-de-caruaru-suspende-reuniao","status":"publish","type":"post","link":"https:\/\/blogdoedvaldomagalhaes.com.br\/index.php\/2018\/05\/31\/camara-de-caruaru-suspende-reuniao\/","title":{"rendered":"C\u00e2mara de Caruaru suspende reuni\u00e3o ordin\u00e1ria desta quinta (31)"},"content":{"rendered":"<div class=\"separator\" style=\"clear: both; text-align: center;\">\n<a href=\"https:\/\/1.bp.blogspot.com\/-fCq5wfOBL8Q\/WxAksohmCPI\/AAAAAAAAyi8\/3MZgssd4y_wloFNS6uakQ2EsOjL3Jtq4QCLcBGAs\/s1600\/vladsimir.jpg\" imageanchor=\"1\" style=\"margin-left: 1em; margin-right: 1em;\"><img loading=\"lazy\" decoding=\"async\" border=\"0\" data-original-height=\"675\" data-original-width=\"960\" height=\"450\" src=\"http:\/\/blogdoedvaldomagalhaes.com.br\/wp-content\/uploads\/2018\/05\/vladsimir.jpg\" width=\"640\" \/><\/a><\/div>\n<div class=\"separator\" style=\"clear: both; text-align: center;\">\nFoto: Vladimir Barreto Rodrigues<\/div>\n<div class=\"separator\" style=\"clear: both; text-align: center;\">\n<\/div>\n<div style=\"text-align: justify;\">\n<b>Nota<\/b><br \/>\n<b><br \/><\/b><\/div>\n<div style=\"text-align: justify;\">\nO Poder Legislativo de Caruaru informa que a Reuni\u00e3o Ordin\u00e1ria desta quinta-feira (31) est\u00e1 suspensa em respeito \u00e0 prociss\u00e3o pelo dia de Corpus Christi. Os projetos que estariam em pauta na reuni\u00e3o de hoje foram votados na Ordin\u00e1ria e Extraordin\u00e1ria da \u00faltima ter\u00e7a (29), logo, restam apenas os requerimentos e indica\u00e7\u00f5es para serem apresentados na pr\u00f3xima ter\u00e7a, 5 de junho, quando as atividades parlamentares voltam \u00e0 normalidade.<\/div>\n","protected":false},"excerpt":{"rendered":"<p>Foto: Vladimir Barreto Rodrigues Nota O Poder Legislativo de Caruaru informa que a Reuni\u00e3o Ordin\u00e1ria desta quinta-feira (31) est\u00e1 suspensa&hellip;<\/p>\n","protected":false},"author":1,"featured_media":0,"comment_status":"open","ping_status":"open","sticky":false,"template":"","format":"standard","meta":{"footnotes":""},"categories":[1],"tags":[2,2362,20],"class_list":["post-2231","post","type-post","status-publish","format-standard","hentry","category-sem-categoria","tag-blog-do-edvaldo-magalhaes","tag-camara-de-caruaru-suspende-reuniao-ordinaria-desta-quinta-31","tag-politica"],"_links":{"self":[{"href":"https:\/\/blogdoedvaldomagalhaes.com.br\/index.php\/wp-json\/wp\/v2\/posts\/2231","targetHints":{"allow":["GET"]}}],"collection":[{"href":"https:\/\/blogdoedvaldomagalhaes.com.br\/index.php\/wp-json\/wp\/v2\/posts"}],"about":[{"href":"https:\/\/blogdoedvaldomagalhaes.com.br\/index.php\/wp-json\/wp\/v2\/types\/post"}],"author":[{"embeddable":true,"href":"https:\/\/blogdoedvaldomagalhaes.com.br\/index.php\/wp-json\/wp\/v2\/users\/1"}],"replies":[{"embeddable":true,"href":"https:\/\/blogdoedvaldomagalhaes.com.br\/index.php\/wp-json\/wp\/v2\/comments?post=2231"}],"version-history":[{"count":1,"href":"https:\/\/blogdoedvaldomagalhaes.com.br\/index.php\/wp-json\/wp\/v2\/posts\/2231\/revisions"}],"predecessor-version":[{"id":31366,"href":"https:\/\/blogdoedvaldomagalhaes.com.br\/index.php\/wp-json\/wp\/v2\/posts\/2231\/revisions\/31366"}],"wp:attachment":[{"href":"https:\/\/blogdoedvaldomagalhaes.com.br\/index.php\/wp-json\/wp\/v2\/media?parent=2231"}],"wp:term":[{"taxonomy":"category","embeddable":true,"href":"https:\/\/blogdoedvaldomagalhaes.com.br\/index.php\/wp-json\/wp\/v2\/categories?post=2231"},{"taxonomy":"post_tag","embeddable":true,"href":"https:\/\/blogdoedvaldomagalhaes.com.br\/index.php\/wp-json\/wp\/v2\/tags?post=2231"}],"curies":[{"name":"wp","href":"https:\/\/api.w.org\/{rel}","templated":true}]}}