{"id":223,"date":"2019-01-14T20:39:00","date_gmt":"2019-01-14T22:39:00","guid":{"rendered":"http:\/\/blogdoedvaldomagalhaes.com.br\/index.php\/2019\/01\/14\/dom-dino-permanece-bispo-de-caruaru-ate\/"},"modified":"2019-02-09T02:49:18","modified_gmt":"2019-02-09T04:49:18","slug":"dom-dino-permanece-bispo-de-caruaru-ate","status":"publish","type":"post","link":"https:\/\/blogdoedvaldomagalhaes.com.br\/index.php\/2019\/01\/14\/dom-dino-permanece-bispo-de-caruaru-ate\/","title":{"rendered":"Dom Dino permanece bispo de Caruaru at\u00e9 nomea\u00e7\u00e3o do sucessor"},"content":{"rendered":"<div class=\"separator\" style=\"clear: both; text-align: center;\">\n<a href=\"https:\/\/2.bp.blogspot.com\/-hmZlVh279rw\/XDzzAUJnupI\/AAAAAAABBFY\/N8SPMfsQPNMpYGsGUua-1575eN_2ySkbgCLcBGAs\/s1600\/IMG-20190114-WA0077.jpg\" imageanchor=\"1\" style=\"margin-left: 1em; margin-right: 1em;\"><img loading=\"lazy\" decoding=\"async\" border=\"0\" data-original-height=\"853\" data-original-width=\"1280\" height=\"426\" src=\"http:\/\/blogdoedvaldomagalhaes.com.br\/wp-content\/uploads\/2019\/01\/IMG-20190114-WA0077.jpg\" width=\"640\" \/><\/a><\/div>\n<div style=\"text-align: justify;\">\nO que acontece quando um Bispo completa 75 anos de idade?<\/div>\n<p><\/p>\n<div style=\"text-align: justify;\">\n<\/div>\n<div style=\"text-align: justify;\">\nUm Bispo passa a ser Em\u00e9rito quando o Papa aceita o pedido de ren\u00fancia por quest\u00e3o de idade. A Diocese de Caruaru est\u00e1 se preparando para esse momento.<\/div>\n<div style=\"text-align: justify;\">\n<\/div>\n<div style=\"text-align: justify;\">\nNo \u00faltimo s\u00e1bado, 12 de janeiro, Dom Bernardino Marchi\u00f3 celebrou os 16 anos de bispado na Diocese de Caruaru. Desde 2003 o bispo, que tem origem italiana, exerce as fun\u00e7\u00f5es eclesiais na regi\u00e3o que abrange 19 cidades do agreste de Pernambuco. No dia 6 de setembro de 2018 Dom Bernardino Marchi\u00f3 completou 75 anos de idade, sendo obrigat\u00f3rio solicitar a ren\u00fancia do bispado.&nbsp;<\/div>\n<div style=\"text-align: justify;\">\n<\/div>\n<div style=\"text-align: justify;\">\nO comunicado com a resposta do pont\u00edfice foi emitido pela Nunciatura Apost\u00f3lica no Brasil e determinou que Dom Bernardino \u00e9 \u201cNunc Pro Tunc\u201d. Isso significa que ele se mant\u00e9m como bispo em atividade at\u00e9 que seja escolhido um sucessor. \u00c9 prov\u00e1vel que ainda neste ano o Papa Francisco nomeie um novo bispo para a Diocese de Caruaru.&nbsp;<\/div>\n<div style=\"text-align: justify;\">\n<\/div>\n<div style=\"text-align: justify;\">\nO procedimento de ren\u00fancia do cargo \u00e9 exigido pelo C\u00f3digo de Direito Can\u00f4nico promulgado pelo Papa Jo\u00e3o Paulo II em 1983. O Bispo Diocesano que tiver 75 anos de idade completos deve apresentar ren\u00fancia do seu of\u00edcio ao Santo Pont\u00edfice, o Papa, que dever\u00e1 avaliar as circunst\u00e2ncias do processo para nomea\u00e7\u00e3o de um novo bispo. A regra \u00e9 estabelecida no C\u00e2non 401, par\u00e1grafo primeiro do documento.<\/div>\n<div style=\"text-align: justify;\">\n<\/div>\n<div style=\"text-align: justify;\">\nEm seguida, com a aprova\u00e7\u00e3o do pedido de ren\u00fancia, o par\u00e1grafo primeiro do C\u00e2non 402 prev\u00ea a emeritude do bispo. Para a Igreja Cat\u00f3lica, o processo de emeritude \u00e9 apresentado como uma forma de aposentadoria episcopal. Ela pode ser concedida a bispos ap\u00f3s completarem 75 anos de idade. A partir da\u00ed o bispo em\u00e9rito fica desabrigado de suas fun\u00e7\u00f5es clericais. No entanto, isso n\u00e3o significa a perda de seu minist\u00e9rio e at\u00e9 o fim da sua vida o cl\u00e9rigo continua vinculado \u00e0 igreja de acordo com sua ordem ou congrega\u00e7\u00e3o.&nbsp;<\/div>\n<div style=\"text-align: justify;\">\n<\/div>\n<div style=\"text-align: justify;\">\nNa Diocese de Caruaru houve um caso de emeritude. Em 1992, Dom Augusto Carvalho renunciou o minist\u00e9rio episcopal, tornando-se Bispo Em\u00e9rito de Caruaru. Seu sucessor, Dom Ant\u00f4nio Soares Costa, foi bispo diocesano de 1993 a 2002, ano de seu falecimento. Em 2003, Dom Bernardino Marchi\u00f3 foi nomeado bispo da Diocese e durante 16 anos esteve \u00e0 frente das 19 cidades que a comp\u00f5e. At\u00e9 a escolha de uma nova pessoa para o cargo a Diocese torna-se uma S\u00e9 Vacante, do latim \u201cTrono Vazio\u201d, que corresponde ao per\u00edodo em que o episcopado de uma Igreja em particular est\u00e1 sem ocupante.<\/div>\n<div style=\"text-align: justify;\">\n<\/div>\n<div style=\"text-align: justify;\">\nMesmo com a sa\u00edda do bispo, as atividades da Diocese continuam conforme o que est\u00e1 previsto no calend\u00e1rio diocesano. O novo bispo ser\u00e1 escolhido pelo pr\u00f3prio Papa Francisco e deve ser transferido de outra diocese do Brasil ou se ordenar\u00e1 um novo bispo. Os crit\u00e9rios estabelecidos s\u00e3o: idade m\u00ednima de 35 anos, experi\u00eancia de no m\u00ednimo cinco anos como padre e possuir doutorado, licenciatura ou mestrado em B\u00edblia, Direito Can\u00f4nico ou Teologia.&nbsp;<\/div>\n<div style=\"text-align: justify;\">\n<\/div>\n<div style=\"text-align: justify;\">\n*Como funciona o processo?*<\/div>\n<div style=\"text-align: justify;\">\n<\/div>\n<div style=\"text-align: justify;\">\nInicialmente o bispo diocesano, ao completar 75 anos, escreve uma carta de ren\u00fancia endere\u00e7ada ao Vaticano. O documento \u00e9 enviado ao N\u00fancio Apost\u00f3lico do pa\u00eds ou regi\u00e3o, que \u00e9 o representante da jurisdi\u00e7\u00e3o eclesi\u00e1stica, a Santa S\u00e9. Em seguida, a carta \u00e9 enviada para a Congrega\u00e7\u00e3o dos Bispos, um organismo da C\u00faria Romana, que apresenta a ren\u00fancia ao Papa.<\/div>\n<div style=\"text-align: justify;\">\n<\/div>\n<div style=\"text-align: justify;\">\nNo caso de ren\u00fancia por idade, o mais comum \u00e9 que o Papa aceite a solicita\u00e7\u00e3o, tamb\u00e9m atrav\u00e9s de carta. No caso de Dom Bernardino, o pedido de ren\u00fancia deve ser aceito pelo Santo Pont\u00edfice nos pr\u00f3ximos meses. A decis\u00e3o para escolha de um novo bispo acontece a partir de uma consulta individual e sigilosa, como prev\u00ea o C\u00f3digo Can\u00f4nico.<\/div>\n<div style=\"text-align: justify;\">\n<\/div>\n<div style=\"text-align: justify;\">\nInforma\u00e7\u00f5es: Eduarda Cabral &#8211; Assessoria de Imprensa da Diocese de Caruaru.<\/div>\n<p><\/p>\n<div style=\"text-align: justify;\">\n<\/div>\n","protected":false},"excerpt":{"rendered":"<p>O que acontece quando um Bispo completa 75 anos de idade? Um Bispo passa a ser Em\u00e9rito quando o Papa&hellip;<\/p>\n","protected":false},"author":1,"featured_media":0,"comment_status":"open","ping_status":"open","sticky":false,"template":"","format":"standard","meta":{"footnotes":""},"categories":[1],"tags":[2,235,6],"class_list":["post-223","post","type-post","status-publish","format-standard","hentry","category-sem-categoria","tag-blog-do-edvaldo-magalhaes","tag-dom-dino-permanece-bispo-de-caruaru-ate-nomeacao-do-sucessor","tag-noticias"],"_links":{"self":[{"href":"https:\/\/blogdoedvaldomagalhaes.com.br\/index.php\/wp-json\/wp\/v2\/posts\/223","targetHints":{"allow":["GET"]}}],"collection":[{"href":"https:\/\/blogdoedvaldomagalhaes.com.br\/index.php\/wp-json\/wp\/v2\/posts"}],"about":[{"href":"https:\/\/blogdoedvaldomagalhaes.com.br\/index.php\/wp-json\/wp\/v2\/types\/post"}],"author":[{"embeddable":true,"href":"https:\/\/blogdoedvaldomagalhaes.com.br\/index.php\/wp-json\/wp\/v2\/users\/1"}],"replies":[{"embeddable":true,"href":"https:\/\/blogdoedvaldomagalhaes.com.br\/index.php\/wp-json\/wp\/v2\/comments?post=223"}],"version-history":[{"count":1,"href":"https:\/\/blogdoedvaldomagalhaes.com.br\/index.php\/wp-json\/wp\/v2\/posts\/223\/revisions"}],"predecessor-version":[{"id":37449,"href":"https:\/\/blogdoedvaldomagalhaes.com.br\/index.php\/wp-json\/wp\/v2\/posts\/223\/revisions\/37449"}],"wp:attachment":[{"href":"https:\/\/blogdoedvaldomagalhaes.com.br\/index.php\/wp-json\/wp\/v2\/media?parent=223"}],"wp:term":[{"taxonomy":"category","embeddable":true,"href":"https:\/\/blogdoedvaldomagalhaes.com.br\/index.php\/wp-json\/wp\/v2\/categories?post=223"},{"taxonomy":"post_tag","embeddable":true,"href":"https:\/\/blogdoedvaldomagalhaes.com.br\/index.php\/wp-json\/wp\/v2\/tags?post=223"}],"curies":[{"name":"wp","href":"https:\/\/api.w.org\/{rel}","templated":true}]}}