{"id":2229,"date":"2018-05-31T16:53:00","date_gmt":"2018-05-31T19:53:00","guid":{"rendered":"http:\/\/blogdoedvaldomagalhaes.com.br\/index.php\/2018\/05\/31\/destra-convoca-moradores-das-imediacoes_31\/"},"modified":"2019-02-09T02:17:11","modified_gmt":"2019-02-09T04:17:11","slug":"destra-convoca-moradores-das-imediacoes_31","status":"publish","type":"post","link":"https:\/\/blogdoedvaldomagalhaes.com.br\/index.php\/2018\/05\/31\/destra-convoca-moradores-das-imediacoes_31\/","title":{"rendered":"Destra convoca moradores das imedia\u00e7\u00f5es do P\u00e1tio de Eventos para cadastramento de ve\u00edculos"},"content":{"rendered":"<div class=\"separator\" style=\"clear: both; text-align: center;\">\n<a href=\"https:\/\/2.bp.blogspot.com\/-1k7Jdp8f_pk\/WxAoV0qYrWI\/AAAAAAAAyjU\/_xvJrZ9TOyIl5DH_8szQv-QwQ-f-5MlRQCLcBGAs\/s1600\/destea.jpg\" imageanchor=\"1\" style=\"margin-left: 1em; margin-right: 1em;\"><img loading=\"lazy\" decoding=\"async\" border=\"0\" data-original-height=\"440\" data-original-width=\"720\" height=\"390\" src=\"http:\/\/blogdoedvaldomagalhaes.com.br\/wp-content\/uploads\/2018\/05\/destea.jpg\" width=\"640\" \/><\/a><\/div>\n<div class=\"separator\" style=\"clear: both; text-align: center;\">\nFoto: Reprodu\u00e7\u00e3o\/Google Maps<\/div>\n<div style=\"text-align: justify;\">\n<\/div>\n<div style=\"text-align: justify;\">\nA Autarquia Municipal de Defesa Social, Tr\u00e2nsito e Transportes (Destra) inicia nesta quinta-feira (31) e vai estender o prazo at\u00e9 a pr\u00f3xima segunda-feira (04), o cadastramento dos ve\u00edculos de moradores das ruas no entorno do p\u00e1tio de eventos. A a\u00e7\u00e3o \u00e9 fundamental para garantir o acesso \u00e0s resid\u00eancias que ficam em \u00e1reas de bloqueio durante o m\u00eas de junho.<\/div>\n<div style=\"text-align: justify;\">\n<\/div>\n<div style=\"text-align: justify;\">\nO cadastramento ser\u00e1 realizado na Destra, localizada na avenida Jos\u00e9 Mariano de Lima, 69, bairro Universit\u00e1rio, nos dias 31 de maio, 01 e 04 de junho, sempre das 8h \u00e0s 17h. O morador deve comparecer na sede da Autarquia com o ve\u00edculo que receber\u00e1 o adesivo de identifica\u00e7\u00e3o e apresentar CNH, CRLV e comprovante de resid\u00eancia.<\/div>\n<div style=\"text-align: justify;\">\n<\/div>\n<div style=\"text-align: justify;\">\nSer\u00e3o cadastrados os ve\u00edculos dos moradores das seguintes \u00e1reas:<\/div>\n<div style=\"text-align: justify;\">\n<\/div>\n<div style=\"text-align: justify;\">\nRua Ant\u00f4nio Satu;<\/div>\n<div style=\"text-align: justify;\">\n<\/div>\n<div style=\"text-align: justify;\">\nRua Agnelo Dias Vidal;<\/div>\n<div style=\"text-align: justify;\">\n<\/div>\n<div style=\"text-align: justify;\">\nRua Berlim;<\/div>\n<div style=\"text-align: justify;\">\n<\/div>\n<div style=\"text-align: justify;\">\nRua Cleto Campelo;<\/div>\n<div style=\"text-align: justify;\">\n<\/div>\n<div style=\"text-align: justify;\">\nRua Dr. J\u00falio de Melo;<\/div>\n<div style=\"text-align: justify;\">\n<\/div>\n<div style=\"text-align: justify;\">\nRua Evaristo da Veiga;<\/div>\n<div style=\"text-align: justify;\">\n<\/div>\n<div style=\"text-align: justify;\">\nRua Frei Caneca;<\/div>\n<div style=\"text-align: justify;\">\n<\/div>\n<div style=\"text-align: justify;\">\nRua Jo\u00e3o Tavares;<\/div>\n<div style=\"text-align: justify;\">\n<\/div>\n<div style=\"text-align: justify;\">\nRua Manoel Surubim;<\/div>\n<div style=\"text-align: justify;\">\n<\/div>\n<div style=\"text-align: justify;\">\nRua Paris;<\/div>\n<div style=\"text-align: justify;\">\n<\/div>\n<div style=\"text-align: justify;\">\nRua Pedro Gon\u00e7alves Filho;<\/div>\n<div style=\"text-align: justify;\">\n<\/div>\n<div style=\"text-align: justify;\">\nRua S\u00e3o Vicente de Paula;<\/div>\n<div style=\"text-align: justify;\">\n<\/div>\n<div style=\"text-align: justify;\">\nAvenida Coronel Limeira;<\/div>\n<div style=\"text-align: justify;\">\n<\/div>\n<div style=\"text-align: justify;\">\nTravessa Manoel Surubim.<\/div>\n","protected":false},"excerpt":{"rendered":"<p>Foto: Reprodu\u00e7\u00e3o\/Google Maps A Autarquia Municipal de Defesa Social, Tr\u00e2nsito e Transportes (Destra) inicia nesta quinta-feira (31) e vai estender&hellip;<\/p>\n","protected":false},"author":1,"featured_media":0,"comment_status":"open","ping_status":"open","sticky":false,"template":"","format":"standard","meta":{"footnotes":""},"categories":[1],"tags":[2,2360,6],"class_list":["post-2229","post","type-post","status-publish","format-standard","hentry","category-sem-categoria","tag-blog-do-edvaldo-magalhaes","tag-destra-convoca-moradores-das-imediacoes-do-patio-de-eventos-para-cadastramento-de-veiculos","tag-noticias"],"_links":{"self":[{"href":"https:\/\/blogdoedvaldomagalhaes.com.br\/index.php\/wp-json\/wp\/v2\/posts\/2229","targetHints":{"allow":["GET"]}}],"collection":[{"href":"https:\/\/blogdoedvaldomagalhaes.com.br\/index.php\/wp-json\/wp\/v2\/posts"}],"about":[{"href":"https:\/\/blogdoedvaldomagalhaes.com.br\/index.php\/wp-json\/wp\/v2\/types\/post"}],"author":[{"embeddable":true,"href":"https:\/\/blogdoedvaldomagalhaes.com.br\/index.php\/wp-json\/wp\/v2\/users\/1"}],"replies":[{"embeddable":true,"href":"https:\/\/blogdoedvaldomagalhaes.com.br\/index.php\/wp-json\/wp\/v2\/comments?post=2229"}],"version-history":[{"count":1,"href":"https:\/\/blogdoedvaldomagalhaes.com.br\/index.php\/wp-json\/wp\/v2\/posts\/2229\/revisions"}],"predecessor-version":[{"id":31370,"href":"https:\/\/blogdoedvaldomagalhaes.com.br\/index.php\/wp-json\/wp\/v2\/posts\/2229\/revisions\/31370"}],"wp:attachment":[{"href":"https:\/\/blogdoedvaldomagalhaes.com.br\/index.php\/wp-json\/wp\/v2\/media?parent=2229"}],"wp:term":[{"taxonomy":"category","embeddable":true,"href":"https:\/\/blogdoedvaldomagalhaes.com.br\/index.php\/wp-json\/wp\/v2\/categories?post=2229"},{"taxonomy":"post_tag","embeddable":true,"href":"https:\/\/blogdoedvaldomagalhaes.com.br\/index.php\/wp-json\/wp\/v2\/tags?post=2229"}],"curies":[{"name":"wp","href":"https:\/\/api.w.org\/{rel}","templated":true}]}}