{"id":2228,"date":"2018-05-31T16:59:00","date_gmt":"2018-05-31T19:59:00","guid":{"rendered":"http:\/\/blogdoedvaldomagalhaes.com.br\/index.php\/2018\/05\/31\/confira-programacao-do-polo-mestre\/"},"modified":"2019-02-09T02:17:11","modified_gmt":"2019-02-09T04:17:11","slug":"confira-programacao-do-polo-mestre","status":"publish","type":"post","link":"https:\/\/blogdoedvaldomagalhaes.com.br\/index.php\/2018\/05\/31\/confira-programacao-do-polo-mestre\/","title":{"rendered":"Confira a programa\u00e7\u00e3o do Polo Mestre Camar\u00e3o no P\u00e1tio de Eventos de Caruaru"},"content":{"rendered":"<div class=\"separator\" style=\"clear: both; text-align: center;\">\n<a href=\"https:\/\/4.bp.blogspot.com\/-clvPGDAco3A\/WxApz9Pc3OI\/AAAAAAAAyjk\/_Ji79BvaAfYTeev2EI1q-KiWWZ5PuZmSACLcBGAs\/s1600\/camara.jpg\" imageanchor=\"1\" style=\"margin-left: 1em; margin-right: 1em;\"><img loading=\"lazy\" decoding=\"async\" border=\"0\" data-original-height=\"333\" data-original-width=\"500\" height=\"426\" src=\"http:\/\/blogdoedvaldomagalhaes.com.br\/wp-content\/uploads\/2018\/05\/camara-1.jpg\" width=\"640\" \/><\/a><\/div>\n<div style=\"text-align: justify;\">\n<\/div>\n<div style=\"text-align: justify;\">\nA Funda\u00e7\u00e3o de Cultura e Turismo de Caruaru divulgou, na manh\u00e3 desta quinta-feira (31), a programa\u00e7\u00e3o do Polo Mestre Camar\u00e3o, antigo Forr\u00f3 do Candeeiro, localizado no Parque de Eventos Luiz Gonzaga. O local re\u00fane grandes nomes do forr\u00f3 tradicional e atrai uma multid\u00e3o de forrozeiros.<\/div>\n<div style=\"text-align: justify;\">\n<\/div>\n<div style=\"text-align: justify;\">\nO polo \u00e9 uma homenagem ao Mestre Camar\u00e3o, que morreu em 2015. Instrumentista, compositor e acordeonista, Reginaldo Alves Ferreira nasceu em Brejo da Madre de Deus e ficou conhecido pelo apelido de Camar\u00e3o, dado por Jacinto Silva em um programa de r\u00e1dio.<\/div>\n<div style=\"text-align: justify;\">\n<\/div>\n<div style=\"text-align: justify;\">\nMestre Camar\u00e3o era professor e formou mais de 150 sanfoneiros, tendo como principal heran\u00e7a a t\u00e9cnica em frente \u00e0 sanfona, que o transformou em refer\u00eancia musical no Nordeste e no Brasil.<\/div>\n<div style=\"text-align: justify;\">\n<\/div>\n<div style=\"text-align: justify;\">\nEm Caruaru, Camar\u00e3o comandou a Orquestra Sanf\u00f4nica, primeira do g\u00eanero, que trazia as sanfonas ao lado de outros instrumentos musicais. O mestre lan\u00e7ou 25 discos, entre CDs e LPs. O m\u00fasico se apresentou, pela \u00faltima vez, no S\u00e3o Jo\u00e3o de Caruaru, em 2015.<\/div>\n<div style=\"text-align: justify;\">\n<\/div>\n<div style=\"text-align: justify;\">\nOs shows no polo come\u00e7am neste s\u00e1bado (2) e, entre as atra\u00e7\u00f5es, Pecinho Amorim, Adiel Luna, Gilvan Neves, Salatiel D\u2019Camar\u00e3o, Totonho, J\u00f4 Caruaru, Gennaro, Trio Nordestino, Xinelo Rasgado, Diego Henrique, Sedu\u00e7\u00e3o de Menina, Forr\u00f3 Quent\u00e3o e Marlene do Forr\u00f3.<\/div>\n<div style=\"text-align: justify;\">\n<\/div>\n<div style=\"text-align: justify;\">\nPrograma\u00e7\u00e3o \u2013 Polo Camar\u00e3o<\/div>\n<div style=\"text-align: justify;\">\n<\/div>\n<div style=\"text-align: justify;\">\n<b>S\u00e1bado (2)<\/b><\/div>\n<div style=\"text-align: justify;\">\n<\/div>\n<div style=\"text-align: justify;\">\n20h30 \u2013 Pedrinho do Acordeon<\/div>\n<div style=\"text-align: justify;\">\n<\/div>\n<div style=\"text-align: justify;\">\n22h30 \u2013 Salatiel D\u2019Camar\u00e3o<\/div>\n<div style=\"text-align: justify;\">\n<\/div>\n<div style=\"text-align: justify;\">\n0h30 \u2013 Gennaro<\/div>\n<div style=\"text-align: justify;\">\n<\/div>\n<div style=\"text-align: justify;\">\n<b>Domingo (3)<\/b><\/div>\n<div style=\"text-align: justify;\">\n<\/div>\n<div style=\"text-align: justify;\">\n19h30 \u2013 Banda Forr\u00f3 Soar<\/div>\n<div style=\"text-align: justify;\">\n<\/div>\n<div style=\"text-align: justify;\">\n21h30 \u2013 Jailson Rosset<\/div>\n<div style=\"text-align: justify;\">\n<\/div>\n<div style=\"text-align: justify;\">\n23h30 \u2013 Bai\u00e3o de Todos<\/div>\n<div style=\"text-align: justify;\">\n<\/div>\n<div style=\"text-align: justify;\">\n<b>Sexta-feira (8)<\/b><\/div>\n<div style=\"text-align: justify;\">\n<\/div>\n<div style=\"text-align: justify;\">\n20h30 \u2013 Capital Nordestina<\/div>\n<div style=\"text-align: justify;\">\n<\/div>\n<div style=\"text-align: justify;\">\n22h30 \u2013 Ed Lira<\/div>\n<div style=\"text-align: justify;\">\n<\/div>\n<div style=\"text-align: justify;\">\n0h30 \u2013 Totonho<\/div>\n<div style=\"text-align: justify;\">\n<\/div>\n<div style=\"text-align: justify;\">\n<b>S\u00e1bado (9)<\/b><\/div>\n<div style=\"text-align: justify;\">\n<\/div>\n<div style=\"text-align: justify;\">\n20h30 \u2013 Bai\u00e3o de Todos<\/div>\n<div style=\"text-align: justify;\">\n<\/div>\n<div style=\"text-align: justify;\">\n22h30 \u2013 Forr\u00f3 Sem Fronteiras<\/div>\n<div style=\"text-align: justify;\">\n<\/div>\n<div style=\"text-align: justify;\">\n0h30 \u2013 Andrezinho do Acordeon<\/div>\n<div style=\"text-align: justify;\">\n<\/div>\n<div style=\"text-align: justify;\">\n<b>Domingo (10)<\/b><\/div>\n<div style=\"text-align: justify;\">\n<\/div>\n<div style=\"text-align: justify;\">\n19h30 \u2013 Forr\u00f3 de Rabeca<\/div>\n<div style=\"text-align: justify;\">\n<\/div>\n<div style=\"text-align: justify;\">\n21h30 \u2013 Elias Guinho<\/div>\n<div style=\"text-align: justify;\">\n<\/div>\n<div style=\"text-align: justify;\">\n23h30 \u2013 Ivan Show<\/div>\n<div style=\"text-align: justify;\">\n<\/div>\n<div style=\"text-align: justify;\">\n<b>Ter\u00e7a-feira (12)<\/b><\/div>\n<div style=\"text-align: justify;\">\n<\/div>\n<div style=\"text-align: justify;\">\n19h30 \u2013 Douglas Leon<\/div>\n<div style=\"text-align: justify;\">\n<\/div>\n<div style=\"text-align: justify;\">\n21h30 \u2013 Leo Domingos<\/div>\n<div style=\"text-align: justify;\">\n<\/div>\n<div style=\"text-align: justify;\">\n23h30 \u2013 Diego Henrique<\/div>\n<div style=\"text-align: justify;\">\n<\/div>\n<div style=\"text-align: justify;\">\n<b>Sexta-feira (15)<\/b><\/div>\n<div style=\"text-align: justify;\">\n<\/div>\n<div style=\"text-align: justify;\">\n20h30 \u2013 Leonora Moreno<\/div>\n<div style=\"text-align: justify;\">\n<\/div>\n<div style=\"text-align: justify;\">\n22h30 \u2013 Tuta Filho<\/div>\n<div style=\"text-align: justify;\">\n<\/div>\n<div style=\"text-align: justify;\">\n0h30 \u2013 Sedu\u00e7\u00e3o de Menina<\/div>\n<div style=\"text-align: justify;\">\n<\/div>\n<div style=\"text-align: justify;\">\n<b>S\u00e1bado (16)<\/b><\/div>\n<div style=\"text-align: justify;\">\n<\/div>\n<div style=\"text-align: justify;\">\n20h30 \u2013 Forr\u00f3 Asa Branca<\/div>\n<div style=\"text-align: justify;\">\n<\/div>\n<div style=\"text-align: justify;\">\n22h30 \u2013 Juliano do Acordeon<\/div>\n<div style=\"text-align: justify;\">\n<\/div>\n<div style=\"text-align: justify;\">\n0h30 \u2013 Adiel Luna<\/div>\n<div style=\"text-align: justify;\">\n<\/div>\n<div style=\"text-align: justify;\">\n<b>Domingo (17)<\/b><\/div>\n<div style=\"text-align: justify;\">\n<\/div>\n<div style=\"text-align: justify;\">\n19h30 \u2013 Banda Segnos<\/div>\n<div style=\"text-align: justify;\">\n<\/div>\n<div style=\"text-align: justify;\">\n21h30 \u2013 Sivonaldo Max<\/div>\n<div style=\"text-align: justify;\">\n<\/div>\n<div style=\"text-align: justify;\">\n23h30 \u2013 Forr\u00f3 Quent\u00e3o<\/div>\n<div style=\"text-align: justify;\">\n<\/div>\n<div style=\"text-align: justify;\">\n<b>Quinta-feira (21)<\/b><\/div>\n<div style=\"text-align: justify;\">\n<\/div>\n<div style=\"text-align: justify;\">\n19h30 \u2013 Neemias Wanderley<\/div>\n<div style=\"text-align: justify;\">\n<\/div>\n<div style=\"text-align: justify;\">\n21h30 \u2013 Marlene do Forr\u00f3<\/div>\n<div style=\"text-align: justify;\">\n<\/div>\n<div style=\"text-align: justify;\">\n23h30 \u2013 Gilvan Neves<\/div>\n<div style=\"text-align: justify;\">\n<\/div>\n<div style=\"text-align: justify;\">\n<b>Sexta-feira (22)<\/b><\/div>\n<div style=\"text-align: justify;\">\n<\/div>\n<div style=\"text-align: justify;\">\n20h30 \u2013 F\u00e1bio Duarte<\/div>\n<div style=\"text-align: justify;\">\n<\/div>\n<div style=\"text-align: justify;\">\n22h30 \u2013 Wellington Caruaru<\/div>\n<div style=\"text-align: justify;\">\n<\/div>\n<div style=\"text-align: justify;\">\n0h30 \u2013 Banda Cheiro da Terra<\/div>\n<div style=\"text-align: justify;\">\n<\/div>\n<div style=\"text-align: justify;\">\n<b>S\u00e1bado (23)<\/b><\/div>\n<div style=\"text-align: justify;\">\n<\/div>\n<div style=\"text-align: justify;\">\n20h30 \u2013 Ricarte e Rivaldo<\/div>\n<div style=\"text-align: justify;\">\n<\/div>\n<div style=\"text-align: justify;\">\n22h30 \u2013 Jo\u00e3o do Pife<\/div>\n<div style=\"text-align: justify;\">\n<\/div>\n<div style=\"text-align: justify;\">\n0h30 \u2013 Pecinho Amorim<\/div>\n<div style=\"text-align: justify;\">\n<\/div>\n<div style=\"text-align: justify;\">\n<b>Domingo (24)<\/b><\/div>\n<div style=\"text-align: justify;\">\n<\/div>\n<div style=\"text-align: justify;\">\n19h30 \u2013 Klever Lemos<\/div>\n<div style=\"text-align: justify;\">\n<\/div>\n<div style=\"text-align: justify;\">\n21h30 \u2013 Derso Luiz<\/div>\n<div style=\"text-align: justify;\">\n<\/div>\n<div style=\"text-align: justify;\">\n23h30 \u2013 J\u00f4 Caruaru<\/div>\n<div style=\"text-align: justify;\">\n<\/div>\n<div style=\"text-align: justify;\">\n<b>Quinta-feira (28)<\/b><\/div>\n<div style=\"text-align: justify;\">\n<\/div>\n<div style=\"text-align: justify;\">\n18h30 \u2013 Bradock Poeta<\/div>\n<div style=\"text-align: justify;\">\n<\/div>\n<div style=\"text-align: justify;\">\n19h \u2013 Interven\u00e7\u00e3o Cultural LGBT<\/div>\n<div style=\"text-align: justify;\">\n<\/div>\n<div style=\"text-align: justify;\">\n20h30 \u2013 Marcos Mercury \u2013 Dan\u00e7a<\/div>\n<div style=\"text-align: justify;\">\n<\/div>\n<div style=\"text-align: justify;\">\n21h20 \u2013 As Ful\u00f4<\/div>\n<div style=\"text-align: justify;\">\n<\/div>\n<div style=\"text-align: justify;\">\n22h40 \u2013 Edm\u00edlson do P\u00edfano<\/div>\n<div style=\"text-align: justify;\">\n<\/div>\n<div style=\"text-align: justify;\">\n0h \u2013 Toinho do Bai\u00e3o<\/div>\n<div style=\"text-align: justify;\">\n<\/div>\n<div style=\"text-align: justify;\">\n<b>Sexta-feira (29)<\/b><\/div>\n<div style=\"text-align: justify;\">\n<\/div>\n<div style=\"text-align: justify;\">\n20h30 \u2013 Manoelzinho do Acordeon<\/div>\n<div style=\"text-align: justify;\">\n<\/div>\n<div style=\"text-align: justify;\">\n22h30 \u2013 Erick Moreira<\/div>\n<div style=\"text-align: justify;\">\n<\/div>\n<div style=\"text-align: justify;\">\n0h30 \u2013 Xinelo Rasgado<\/div>\n<div style=\"text-align: justify;\">\n<\/div>\n<div style=\"text-align: justify;\">\n<b>S\u00e1bado (30)<\/b><\/div>\n<div style=\"text-align: justify;\">\n<\/div>\n<div style=\"text-align: justify;\">\n20h30 \u2013 Banda R\u00e9gis<\/div>\n<div style=\"text-align: justify;\">\n<\/div>\n<div style=\"text-align: justify;\">\n22h30 \u2013 Gisele Coutinho<\/div>\n<div style=\"text-align: justify;\">\n<\/div>\n<div style=\"text-align: justify;\">\n0h30 \u2013 Renova\u00e7\u00e3o Nordestina<\/div>\n","protected":false},"excerpt":{"rendered":"<p>A Funda\u00e7\u00e3o de Cultura e Turismo de Caruaru divulgou, na manh\u00e3 desta quinta-feira (31), a programa\u00e7\u00e3o do Polo Mestre Camar\u00e3o,&hellip;<\/p>\n","protected":false},"author":1,"featured_media":0,"comment_status":"open","ping_status":"open","sticky":false,"template":"","format":"standard","meta":{"footnotes":""},"categories":[1],"tags":[2,2359,6],"class_list":["post-2228","post","type-post","status-publish","format-standard","hentry","category-sem-categoria","tag-blog-do-edvaldo-magalhaes","tag-confira-a-programacao-do-polo-mestre-camarao-no-patio-de-eventos-de-caruaru","tag-noticias"],"_links":{"self":[{"href":"https:\/\/blogdoedvaldomagalhaes.com.br\/index.php\/wp-json\/wp\/v2\/posts\/2228","targetHints":{"allow":["GET"]}}],"collection":[{"href":"https:\/\/blogdoedvaldomagalhaes.com.br\/index.php\/wp-json\/wp\/v2\/posts"}],"about":[{"href":"https:\/\/blogdoedvaldomagalhaes.com.br\/index.php\/wp-json\/wp\/v2\/types\/post"}],"author":[{"embeddable":true,"href":"https:\/\/blogdoedvaldomagalhaes.com.br\/index.php\/wp-json\/wp\/v2\/users\/1"}],"replies":[{"embeddable":true,"href":"https:\/\/blogdoedvaldomagalhaes.com.br\/index.php\/wp-json\/wp\/v2\/comments?post=2228"}],"version-history":[{"count":1,"href":"https:\/\/blogdoedvaldomagalhaes.com.br\/index.php\/wp-json\/wp\/v2\/posts\/2228\/revisions"}],"predecessor-version":[{"id":31372,"href":"https:\/\/blogdoedvaldomagalhaes.com.br\/index.php\/wp-json\/wp\/v2\/posts\/2228\/revisions\/31372"}],"wp:attachment":[{"href":"https:\/\/blogdoedvaldomagalhaes.com.br\/index.php\/wp-json\/wp\/v2\/media?parent=2228"}],"wp:term":[{"taxonomy":"category","embeddable":true,"href":"https:\/\/blogdoedvaldomagalhaes.com.br\/index.php\/wp-json\/wp\/v2\/categories?post=2228"},{"taxonomy":"post_tag","embeddable":true,"href":"https:\/\/blogdoedvaldomagalhaes.com.br\/index.php\/wp-json\/wp\/v2\/tags?post=2228"}],"curies":[{"name":"wp","href":"https:\/\/api.w.org\/{rel}","templated":true}]}}