{"id":2226,"date":"2018-05-31T17:56:00","date_gmt":"2018-05-31T20:56:00","guid":{"rendered":"http:\/\/blogdoedvaldomagalhaes.com.br\/index.php\/2018\/05\/31\/juizado-do-forro-chega-10-edicao-no-sao\/"},"modified":"2019-02-09T02:17:14","modified_gmt":"2019-02-09T04:17:14","slug":"juizado-do-forro-chega-10-edicao-no-sao","status":"publish","type":"post","link":"https:\/\/blogdoedvaldomagalhaes.com.br\/index.php\/2018\/05\/31\/juizado-do-forro-chega-10-edicao-no-sao\/","title":{"rendered":"Juizado do Forr\u00f3 chega a 10\u00aa edi\u00e7\u00e3o no S\u00e3o Jo\u00e3o de Caruaru"},"content":{"rendered":"<div class=\"separator\" style=\"clear: both; text-align: center;\">\n<a href=\"https:\/\/2.bp.blogspot.com\/-NOEuGUDbMhA\/WxA3BW9r91I\/AAAAAAAAykI\/NvMRwjW6SkYDpkjtx7D_QrfGHuPs83SjgCLcBGAs\/s1600\/juizado.jpg\" imageanchor=\"1\" style=\"margin-left: 1em; margin-right: 1em;\"><img loading=\"lazy\" decoding=\"async\" border=\"0\" data-original-height=\"574\" data-original-width=\"1024\" height=\"354\" src=\"http:\/\/blogdoedvaldomagalhaes.com.br\/wp-content\/uploads\/2018\/05\/juizado.jpg\" width=\"640\" \/><\/a><\/div>\n<div style=\"text-align: justify;\">\n<\/div>\n<div style=\"text-align: justify;\">\nPelo d\u00e9cimo ano consecutivo, o Juizado Especial do Forr\u00f3 estar\u00e1 a servi\u00e7o da popula\u00e7\u00e3o no S\u00e3o Jo\u00e3o de Caruaru. O lan\u00e7amento ser\u00e1 no pr\u00f3ximo s\u00e1bado (02), no P\u00e1tio de Eventos Luiz Lua Gonzaga, com atividades realizadas tamb\u00e9m nos dias 09, 10, 16, 17, 22, 24, 28 e 30 de junho, promovendo a resolu\u00e7\u00e3o de conflitos e solucionando den\u00fancias no que diz respeito a casos de direito do consumidor e os considerados de menor potencial ofensivo.<\/div>\n<div style=\"text-align: justify;\">\n<\/div>\n<div style=\"text-align: justify;\">\nO projeto \u00e9 uma parceria entre o Centro Universit\u00e1rio Tabosa de Almeida (Asces-Unita) e o Tribunal de Justi\u00e7a de Pernambuco (TJPE), com participa\u00e7\u00e3o da Defensoria P\u00fablica, do Minist\u00e9rio P\u00fablico e das Pol\u00edcias Civil e Militar. A equipe de atendimento \u00e9 formada por estudantes de Direito da Asces-Unita, Ju\u00edzes, Promotores e membros da OAB-Caruaru.<\/div>\n<div style=\"text-align: justify;\">\n<\/div>\n<div style=\"text-align: justify;\">\nDe acordo com supervisor do Juizado, Prof. Adrielmo Moura, as experi\u00eancias vivenciadas nos plant\u00f5es agregam bastante aos estudantes e \u00e0 popula\u00e7\u00e3o. \u201c\u00c9 uma oportunidade para que os futuros profissionais aprendam essa din\u00e2mica de juizado itinerante e os tipos de ocorr\u00eancia registradas. Tamb\u00e9m \u00e9 importante estar presente em um evento deste porte pois estamos prestando um aux\u00edlio \u00e0 seguran\u00e7a, j\u00e1 que a presen\u00e7a do Juizado promove celeridade aos processos\u201d, frisou.<\/div>\n<div style=\"text-align: justify;\">\n<\/div>\n<div style=\"text-align: justify;\">\nO acad\u00eamico Augusto Quaresma participou no ano passado e acredita que foi v\u00e1lido para vivenciar a realidade da futura profiss\u00e3o. \u201cA riqueza que o Juizado do Forr\u00f3 nos proporciona \u00e9 poder sair da teoria e ir \u00e0 pr\u00e1tica, executando aquilo que vemos em sala de aula e observando o posicionamento dos demais profissionais envolvidos\u201d, frisa.<\/div>\n<div style=\"text-align: justify;\">\n<\/div>\n<div style=\"text-align: justify;\">\nEm 2017, durante os sete dias de plant\u00e3o, foram realizadas 11 audi\u00eancias. Especificamente, uma sobre porte de arma branca, uma sobre desacato \u00e0 autoridade, uma sobre les\u00e3o corporal leve e oito a respeito de consumo de drogas. As audi\u00eancias preliminares realizadas no local possibilitaram mais agilidade e a promo\u00e7\u00e3o de concilia\u00e7\u00e3o entre os envolvidos.<\/div>\n","protected":false},"excerpt":{"rendered":"<p>Pelo d\u00e9cimo ano consecutivo, o Juizado Especial do Forr\u00f3 estar\u00e1 a servi\u00e7o da popula\u00e7\u00e3o no S\u00e3o Jo\u00e3o de Caruaru. O&hellip;<\/p>\n","protected":false},"author":1,"featured_media":0,"comment_status":"open","ping_status":"open","sticky":false,"template":"","format":"standard","meta":{"footnotes":""},"categories":[1],"tags":[2,2357,6],"class_list":["post-2226","post","type-post","status-publish","format-standard","hentry","category-sem-categoria","tag-blog-do-edvaldo-magalhaes","tag-juizado-do-forro-chega-a-10a-edicao-no-sao-joao-de-caruaru","tag-noticias"],"_links":{"self":[{"href":"https:\/\/blogdoedvaldomagalhaes.com.br\/index.php\/wp-json\/wp\/v2\/posts\/2226","targetHints":{"allow":["GET"]}}],"collection":[{"href":"https:\/\/blogdoedvaldomagalhaes.com.br\/index.php\/wp-json\/wp\/v2\/posts"}],"about":[{"href":"https:\/\/blogdoedvaldomagalhaes.com.br\/index.php\/wp-json\/wp\/v2\/types\/post"}],"author":[{"embeddable":true,"href":"https:\/\/blogdoedvaldomagalhaes.com.br\/index.php\/wp-json\/wp\/v2\/users\/1"}],"replies":[{"embeddable":true,"href":"https:\/\/blogdoedvaldomagalhaes.com.br\/index.php\/wp-json\/wp\/v2\/comments?post=2226"}],"version-history":[{"count":1,"href":"https:\/\/blogdoedvaldomagalhaes.com.br\/index.php\/wp-json\/wp\/v2\/posts\/2226\/revisions"}],"predecessor-version":[{"id":31376,"href":"https:\/\/blogdoedvaldomagalhaes.com.br\/index.php\/wp-json\/wp\/v2\/posts\/2226\/revisions\/31376"}],"wp:attachment":[{"href":"https:\/\/blogdoedvaldomagalhaes.com.br\/index.php\/wp-json\/wp\/v2\/media?parent=2226"}],"wp:term":[{"taxonomy":"category","embeddable":true,"href":"https:\/\/blogdoedvaldomagalhaes.com.br\/index.php\/wp-json\/wp\/v2\/categories?post=2226"},{"taxonomy":"post_tag","embeddable":true,"href":"https:\/\/blogdoedvaldomagalhaes.com.br\/index.php\/wp-json\/wp\/v2\/tags?post=2226"}],"curies":[{"name":"wp","href":"https:\/\/api.w.org\/{rel}","templated":true}]}}