{"id":222,"date":"2019-01-14T21:53:00","date_gmt":"2019-01-14T23:53:00","guid":{"rendered":"http:\/\/blogdoedvaldomagalhaes.com.br\/index.php\/2019\/01\/14\/prefeitura-de-caruaru-lanca-selecao-de\/"},"modified":"2019-02-09T02:49:18","modified_gmt":"2019-02-09T04:49:18","slug":"prefeitura-de-caruaru-lanca-selecao-de","status":"publish","type":"post","link":"https:\/\/blogdoedvaldomagalhaes.com.br\/index.php\/2019\/01\/14\/prefeitura-de-caruaru-lanca-selecao-de\/","title":{"rendered":"Prefeitura de Caruaru lan\u00e7a sele\u00e7\u00e3o de est\u00e1gio para Projeto Crian\u00e7a Feliz"},"content":{"rendered":"<div class=\"separator\" style=\"clear: both; text-align: center;\">\n<a href=\"https:\/\/3.bp.blogspot.com\/-EQPSyFF4j5Q\/XD0EHVlcowI\/AAAAAAABBFg\/nXmgJn4-YLoXSsCF4Y3jxW3Y2P235UMBgCLcBGAs\/s1600\/images.png\" imageanchor=\"1\" style=\"margin-left: 1em; margin-right: 1em;\"><img loading=\"lazy\" decoding=\"async\" border=\"0\" data-original-height=\"223\" data-original-width=\"431\" height=\"330\" src=\"http:\/\/blogdoedvaldomagalhaes.com.br\/wp-content\/uploads\/2019\/01\/images.png\" width=\"640\" \/><\/a><\/div>\n<p><\/p>\n<div style=\"text-align: justify;\">\nA Prefeitura de Caruaru, atrav\u00e9s das secretarias de Administra\u00e7\u00e3o e de Desenvolvimento Social e Direitos Humanos, deu in\u00edcio a mais uma sele\u00e7\u00e3o de est\u00e1gio. Ser\u00e3o disponibilizadas 21 novas vagas no servi\u00e7o p\u00fablico do munic\u00edpio para os seguintes cursos: Servi\u00e7o Social, com sete vagas; Psicologia, com uma vaga; e Pedagogia, com 13 vagas. Dentre o total de cargos disponibilizados, dois ser\u00e3o reservados a pessoas com defici\u00eancia (PCD).&nbsp;<\/div>\n<div style=\"text-align: justify;\">\n<\/div>\n<div style=\"text-align: justify;\">\nO objetivo da sele\u00e7\u00e3o \u00e9 dar continuidade ao Projeto Crian\u00e7a Feliz, um trabalho de sucesso da Secretaria de Desenvolvimento Social e Direitos Humanos que est\u00e1 garantindo acompanhamento social, psicol\u00f3gico e pedag\u00f3gico \u00e0s fam\u00edlias de Caruaru.<\/div>\n<div style=\"text-align: justify;\">\n<\/div>\n<div style=\"text-align: justify;\">\nTodas as informa\u00e7\u00f5es sobre a sele\u00e7\u00e3o de est\u00e1gio est\u00e3o dispon\u00edveis no edital, no site selecoes.caruaru.pe.gov.br.<\/div>\n","protected":false},"excerpt":{"rendered":"<p>A Prefeitura de Caruaru, atrav\u00e9s das secretarias de Administra\u00e7\u00e3o e de Desenvolvimento Social e Direitos Humanos, deu in\u00edcio a mais&hellip;<\/p>\n","protected":false},"author":1,"featured_media":0,"comment_status":"open","ping_status":"open","sticky":false,"template":"","format":"standard","meta":{"footnotes":""},"categories":[1],"tags":[2,6,234],"class_list":["post-222","post","type-post","status-publish","format-standard","hentry","category-sem-categoria","tag-blog-do-edvaldo-magalhaes","tag-noticias","tag-prefeitura-de-caruaru-lanca-selecao-de-estagio-para-projeto-crianca-feliz"],"_links":{"self":[{"href":"https:\/\/blogdoedvaldomagalhaes.com.br\/index.php\/wp-json\/wp\/v2\/posts\/222","targetHints":{"allow":["GET"]}}],"collection":[{"href":"https:\/\/blogdoedvaldomagalhaes.com.br\/index.php\/wp-json\/wp\/v2\/posts"}],"about":[{"href":"https:\/\/blogdoedvaldomagalhaes.com.br\/index.php\/wp-json\/wp\/v2\/types\/post"}],"author":[{"embeddable":true,"href":"https:\/\/blogdoedvaldomagalhaes.com.br\/index.php\/wp-json\/wp\/v2\/users\/1"}],"replies":[{"embeddable":true,"href":"https:\/\/blogdoedvaldomagalhaes.com.br\/index.php\/wp-json\/wp\/v2\/comments?post=222"}],"version-history":[{"count":1,"href":"https:\/\/blogdoedvaldomagalhaes.com.br\/index.php\/wp-json\/wp\/v2\/posts\/222\/revisions"}],"predecessor-version":[{"id":37451,"href":"https:\/\/blogdoedvaldomagalhaes.com.br\/index.php\/wp-json\/wp\/v2\/posts\/222\/revisions\/37451"}],"wp:attachment":[{"href":"https:\/\/blogdoedvaldomagalhaes.com.br\/index.php\/wp-json\/wp\/v2\/media?parent=222"}],"wp:term":[{"taxonomy":"category","embeddable":true,"href":"https:\/\/blogdoedvaldomagalhaes.com.br\/index.php\/wp-json\/wp\/v2\/categories?post=222"},{"taxonomy":"post_tag","embeddable":true,"href":"https:\/\/blogdoedvaldomagalhaes.com.br\/index.php\/wp-json\/wp\/v2\/tags?post=222"}],"curies":[{"name":"wp","href":"https:\/\/api.w.org\/{rel}","templated":true}]}}