{"id":2206,"date":"2018-06-01T22:11:00","date_gmt":"2018-06-02T01:11:00","guid":{"rendered":"http:\/\/blogdoedvaldomagalhaes.com.br\/index.php\/2018\/06\/01\/prefeitura-de-caruaru-lanca-aplicativo\/"},"modified":"2019-02-09T02:17:25","modified_gmt":"2019-02-09T04:17:25","slug":"prefeitura-de-caruaru-lanca-aplicativo","status":"publish","type":"post","link":"https:\/\/blogdoedvaldomagalhaes.com.br\/index.php\/2018\/06\/01\/prefeitura-de-caruaru-lanca-aplicativo\/","title":{"rendered":"Prefeitura de Caruaru lan\u00e7a aplicativo do S\u00e3o Jo\u00e3o 2018"},"content":{"rendered":"<div class=\"separator\" style=\"clear: both; text-align: center;\">\n<a href=\"https:\/\/3.bp.blogspot.com\/-odKr--JLh-0\/WxHEcn5vnzI\/AAAAAAAAyvo\/BPJZ8N-bKYIKYfrpoJHz-hA-fE-9RwJpACLcBGAs\/s1600\/aplicvativo.jpg\" imageanchor=\"1\" style=\"margin-left: 1em; margin-right: 1em;\"><img loading=\"lazy\" decoding=\"async\" border=\"0\" data-original-height=\"1173\" data-original-width=\"660\" height=\"640\" src=\"http:\/\/blogdoedvaldomagalhaes.com.br\/wp-content\/uploads\/2018\/06\/aplicvativo.jpg\" width=\"360\" \/><\/a><\/div>\n<div style=\"background-color: white; border: 0px; margin-bottom: 1.5em; outline: 0px; padding: 0px; text-align: justify; vertical-align: baseline;\">\n<\/div>\n<div style=\"background-color: white; border: 0px; margin-bottom: 1.5em; outline: 0px; padding: 0px; text-align: justify; vertical-align: baseline;\">\nO S\u00e3o Jo\u00e3o \u00e9 uma festa linda: cheia de cultura e do calor do povo! E pra o forrozeiro que n\u00e3o quer ficar de fora de nenhuma novidade, foi desenvolvido um aplicativo do S\u00e3o Jo\u00e3o de Caruaru 2018. Denominado de *Caruaru 2018*, no app tem tudo o que as pessoas precisam saber para curtir o S\u00e3o Jo\u00e3o de Caruaru na maior tranquilidade.<\/div>\n<div style=\"background-color: white; border: 0px; margin-bottom: 1.5em; outline: 0px; padding: 0px; text-align: justify; vertical-align: baseline;\">\nNele, podem ser acessadas a programa\u00e7\u00e3o e agenda completas, mapa dos polos, dicas para encontrar informa\u00e7\u00f5es tur\u00edsticas, locais para comer ou se hospedar, al\u00e9m de outros servi\u00e7os. A aplica\u00e7\u00e3o ainda disponibiliza a op\u00e7\u00e3o de pedir um Uber diretamente para o polo escolhido pelo usu\u00e1rio.<\/div>\n<div style=\"background-color: white; border: 0px; margin-bottom: 1.5em; outline: 0px; padding: 0px; text-align: justify; vertical-align: baseline;\">\nAgora, os forrozeiros estar\u00e3o por dentro de todo o evento e ainda podem compartilhar a festan\u00e7a nas redes sociais, usando as diferentes molduras criadas para o S\u00e3o Jo\u00e3o de Caruaru 2018. O aplicativo est\u00e1 dispon\u00edvel na App Store e Google Play.<\/div>\n<div style=\"background-color: white; border: 0px; outline: 0px; padding: 0px; text-align: justify; vertical-align: baseline;\">\nRedes sociais \u2013 Al\u00e9m do aplicativo, informa\u00e7\u00f5es com programa\u00e7\u00f5es, novidades, hor\u00e1rios e fotos podem ser encontrados nas redes oficiais do evento. No Instagram e no Facebook, os forrozeiros podem obter informa\u00e7\u00f5es atrav\u00e9s do perfil Maior e Melhor do Mundo. J\u00e1 o endere\u00e7o do site oficial \u00e9 o www.saojoaodecaruaru2018.com.br.<\/div>\n","protected":false},"excerpt":{"rendered":"<p>O S\u00e3o Jo\u00e3o \u00e9 uma festa linda: cheia de cultura e do calor do povo! E pra o forrozeiro que&hellip;<\/p>\n","protected":false},"author":1,"featured_media":0,"comment_status":"open","ping_status":"open","sticky":false,"template":"","format":"standard","meta":{"footnotes":""},"categories":[1],"tags":[2,6,2338],"class_list":["post-2206","post","type-post","status-publish","format-standard","hentry","category-sem-categoria","tag-blog-do-edvaldo-magalhaes","tag-noticias","tag-prefeitura-de-caruaru-lanca-aplicativo-do-sao-joao-2018"],"_links":{"self":[{"href":"https:\/\/blogdoedvaldomagalhaes.com.br\/index.php\/wp-json\/wp\/v2\/posts\/2206","targetHints":{"allow":["GET"]}}],"collection":[{"href":"https:\/\/blogdoedvaldomagalhaes.com.br\/index.php\/wp-json\/wp\/v2\/posts"}],"about":[{"href":"https:\/\/blogdoedvaldomagalhaes.com.br\/index.php\/wp-json\/wp\/v2\/types\/post"}],"author":[{"embeddable":true,"href":"https:\/\/blogdoedvaldomagalhaes.com.br\/index.php\/wp-json\/wp\/v2\/users\/1"}],"replies":[{"embeddable":true,"href":"https:\/\/blogdoedvaldomagalhaes.com.br\/index.php\/wp-json\/wp\/v2\/comments?post=2206"}],"version-history":[{"count":1,"href":"https:\/\/blogdoedvaldomagalhaes.com.br\/index.php\/wp-json\/wp\/v2\/posts\/2206\/revisions"}],"predecessor-version":[{"id":31420,"href":"https:\/\/blogdoedvaldomagalhaes.com.br\/index.php\/wp-json\/wp\/v2\/posts\/2206\/revisions\/31420"}],"wp:attachment":[{"href":"https:\/\/blogdoedvaldomagalhaes.com.br\/index.php\/wp-json\/wp\/v2\/media?parent=2206"}],"wp:term":[{"taxonomy":"category","embeddable":true,"href":"https:\/\/blogdoedvaldomagalhaes.com.br\/index.php\/wp-json\/wp\/v2\/categories?post=2206"},{"taxonomy":"post_tag","embeddable":true,"href":"https:\/\/blogdoedvaldomagalhaes.com.br\/index.php\/wp-json\/wp\/v2\/tags?post=2206"}],"curies":[{"name":"wp","href":"https:\/\/api.w.org\/{rel}","templated":true}]}}