{"id":2200,"date":"2018-06-02T15:46:00","date_gmt":"2018-06-02T18:46:00","guid":{"rendered":"http:\/\/blogdoedvaldomagalhaes.com.br\/index.php\/2018\/06\/02\/dicas-para-os-motoristas-que-vao-ao\/"},"modified":"2019-02-09T02:17:29","modified_gmt":"2019-02-09T04:17:29","slug":"dicas-para-os-motoristas-que-vao-ao","status":"publish","type":"post","link":"https:\/\/blogdoedvaldomagalhaes.com.br\/index.php\/2018\/06\/02\/dicas-para-os-motoristas-que-vao-ao\/","title":{"rendered":"Dicas para os motoristas que v\u00e3o ao P\u00e1tio de Eventos de Caruaru durante o S\u00e3o Jo\u00e3o"},"content":{"rendered":"<div class=\"separator\" style=\"clear: both; text-align: center;\">\n<a href=\"https:\/\/4.bp.blogspot.com\/-UDho_qZsn2o\/WxK6xpam4VI\/AAAAAAAAyz4\/Y6bxoOXXkNAfvuoy_dmyDDIBv4womAr1gCLcBGAs\/s1600\/transito.jpg\" imageanchor=\"1\" style=\"margin-left: 1em; margin-right: 1em;\"><img loading=\"lazy\" decoding=\"async\" border=\"0\" data-original-height=\"555\" data-original-width=\"800\" height=\"444\" src=\"http:\/\/blogdoedvaldomagalhaes.com.br\/wp-content\/uploads\/2018\/06\/transito.jpg\" width=\"640\" \/><\/a><\/div>\n<div class=\"separator\" style=\"clear: both; text-align: center;\">\nFoto ilustrativa<\/div>\n<div style=\"text-align: justify;\">\n<b>Nota&nbsp;<\/b><\/div>\n<div style=\"text-align: justify;\">\n<\/div>\n<div style=\"text-align: justify;\">\nOs Agentes de Tr\u00e2nsito de Caruaru da Autarquia Municipal de Defesa Social Tr\u00e2nsito e Transportes de Caruaru- DESTRA, comunicam aos condutores e propriet\u00e1rio de ve\u00edculos que pretendem participar das festividades do S\u00e3o Jo\u00e3o no p\u00e1tio de eventos de Caruaru durante o m\u00eas de Junho. Os motoristas devem&nbsp;evitar estacionar o ve\u00edculo:<\/div>\n<div style=\"text-align: justify;\">\n<\/div>\n<div style=\"text-align: justify;\">\n1- em locais proibidos pela sinaliza\u00e7\u00e3o;<\/div>\n<div style=\"text-align: justify;\">\n<\/div>\n<div style=\"text-align: justify;\">\n2- em cima de cal\u00e7adas ou passeio p\u00fablico.<\/div>\n<div style=\"text-align: justify;\">\n<\/div>\n<div style=\"text-align: justify;\">\n3- em cima ou ao lado de pra\u00e7as.<\/div>\n<div style=\"text-align: justify;\">\n<\/div>\n<div style=\"text-align: justify;\">\n4- na pra\u00e7a de t\u00e1xi ou moto t\u00e1xi.<\/div>\n<div style=\"text-align: justify;\">\n<\/div>\n<div style=\"text-align: justify;\">\n5- na faixa de pedestres.<\/div>\n<div style=\"text-align: justify;\">\n<\/div>\n<div style=\"text-align: justify;\">\n6- em ponto de \u00f4nibus.<\/div>\n<div style=\"text-align: justify;\">\n<\/div>\n<div style=\"text-align: justify;\">\n7- a menos de 5 metros das esquinas.<\/div>\n<div style=\"text-align: justify;\">\n<\/div>\n<div style=\"text-align: justify;\">\n8- entrada e sa\u00edda de ve\u00edculos (garagem)<\/div>\n<div style=\"text-align: justify;\">\n<\/div>\n<div style=\"text-align: justify;\">\nTodas esses infra\u00e7\u00f5es acarretam pontos no prontu\u00e1rio do condutor e os valores das multas variam de R$ 88,38 podendo chegar a R$ 880,41 a depender da infra\u00e7\u00e3o cometida relacionada a estacionamento em local proibido.<\/div>\n<div style=\"text-align: justify;\">\n<\/div>\n<div style=\"text-align: justify;\">\nTodas as infra\u00e7\u00f5es relativas a estacionamento tipificadas no ART. 181 do C\u00f3digo de Tr\u00e2nsito Brasileiro, acarretam a remo\u00e7\u00e3o do ve\u00edculo para o dep\u00f3sito da DESTRA.<\/div>\n<div style=\"text-align: justify;\">\n<\/div>\n<div style=\"text-align: justify;\">\nS\u00f3 podendo ser liberado ao propriet\u00e1rio que consta registrado o ve\u00edculo ap\u00f3s o pagamento das taxas de di\u00e1rias e do reboque, e d\u00e9bitos relacionados a licenciamento em atraso caso tenha.<\/div>\n<div style=\"text-align: justify;\">\n<\/div>\n<div style=\"text-align: justify;\">\nOs Agentes de Tr\u00e2nsito est\u00e3o nas ruas para colaborar com a seguran\u00e7a do tr\u00e2nsito e pedestres, proporcionando mobilidade.<\/div>\n<div style=\"text-align: justify;\">\n<\/div>\n<div style=\"text-align: justify;\">\nNos dois \u00faltimos anos foram recolhidos mais de 300 ve\u00edculos durante todo o per\u00edodo junino do m\u00eas de junho nos referidos anos, exatamente pelos motivos descritos.<\/div>\n<div style=\"text-align: justify;\">\n<\/div>\n<div style=\"text-align: justify;\">\nEssa mensagem tem como objetivo diminuir esses \u00edndices, pois est\u00e1 sendo montado uma estrutura para que o maior n\u00famero de ve\u00edculos possam ser recolhidos caso estejam em situa\u00e7\u00e3o irregular j\u00e1 mencionado.<\/div>\n<div style=\"text-align: justify;\">\n<\/div>\n<div style=\"text-align: justify;\">\nAs linhas de \u00f4nibus estar\u00e3o funcionando at\u00e9 o t\u00e9rmino das festas, os servi\u00e7os de t\u00e1xi e Moto t\u00e1xi regulamentado estar\u00e1 dispon\u00edvel para que o motorista possa se deslocar para os p\u00f3los festivos.<\/div>\n<div style=\"text-align: justify;\">\n<\/div>\n<div style=\"text-align: justify;\">\nRuas que tiveram alto \u00edndice de irregularidades nos anos anteriores:<\/div>\n<div style=\"text-align: justify;\">\n<\/div>\n<div style=\"text-align: justify;\">\nRua jornalista An\u00edbal Fernandes.<\/div>\n<div style=\"text-align: justify;\">\n<\/div>\n<div style=\"text-align: justify;\">\nRua Dr. Jos\u00e9 Mariano.<\/div>\n<div style=\"text-align: justify;\">\n<\/div>\n<div style=\"text-align: justify;\">\nRuas que ficam no entorno do p\u00e1tio de eventos.<\/div>\n<div style=\"text-align: justify;\">\n<\/div>\n<div style=\"text-align: justify;\">\nPra\u00e7a Pedro de Souza.<\/div>\n<div style=\"text-align: justify;\">\n<\/div>\n<div style=\"text-align: justify;\">\nRua. Coronel Limeira.<\/div>\n<div style=\"text-align: justify;\">\n<\/div>\n<div style=\"text-align: justify;\">\nRua. Capit\u00e3o Jo\u00e3o VELHO.<\/div>\n<div style=\"text-align: justify;\">\n<\/div>\n<div style=\"text-align: justify;\">\nRua Silva Filho.<\/div>\n<div style=\"text-align: justify;\">\n<\/div>\n<div style=\"text-align: justify;\">\nLocais indicados para estacionar regulamente:<\/div>\n<div style=\"text-align: justify;\">\n<\/div>\n<div style=\"text-align: justify;\">\nRua 15 de novembro.<\/div>\n<div style=\"text-align: justify;\">\n<\/div>\n<div style=\"text-align: justify;\">\nAv. Rio Branco.<\/div>\n<div style=\"text-align: justify;\">\n<\/div>\n<div style=\"text-align: justify;\">\nAv. Felipe camar\u00e3o.<\/div>\n<div style=\"text-align: justify;\">\n<\/div>\n<div style=\"text-align: justify;\">\nAv. Rui Barbosa.<\/div>\n<div style=\"text-align: justify;\">\n<\/div>\n<div style=\"text-align: justify;\">\nRua. Deputado Souto Filho.<\/div>\n<div style=\"text-align: justify;\">\n<\/div>\n<div style=\"text-align: justify;\">\nRua. Silvino Macedo.<\/div>\n<div style=\"text-align: justify;\">\n<\/div>\n<div style=\"text-align: justify;\">\nRua. Floriano Peixoto.<\/div>\n<div style=\"text-align: justify;\">\n<\/div>\n<div style=\"text-align: justify;\">\nSe beber N\u00c3O DIRIJA al\u00e9m de ser infra\u00e7\u00e3o grav\u00edssima com multa no valor de R$ 2.934,70 tamb\u00e9m \u00e9 caracterizado Crime, voc\u00ea coloca em risco a sua vida e a de outras pessoas.<\/div>\n<div style=\"text-align: justify;\">\n<\/div>\n<div style=\"text-align: justify;\">\nDivirtam-se , compartilhe essa informa\u00e7\u00e3o com seus amigos e siga essas orienta\u00e7\u00f5es, afinal a sua voc\u00ea tamb\u00e9m faz parte do tr\u00e2nsito colabore.<\/div>\n<div style=\"text-align: justify;\">\n<\/div>\n","protected":false},"excerpt":{"rendered":"<p>Foto ilustrativa Nota&nbsp; Os Agentes de Tr\u00e2nsito de Caruaru da Autarquia Municipal de Defesa Social Tr\u00e2nsito e Transportes de Caruaru-&hellip;<\/p>\n","protected":false},"author":1,"featured_media":0,"comment_status":"open","ping_status":"open","sticky":false,"template":"","format":"standard","meta":{"footnotes":""},"categories":[1],"tags":[2,2328,6],"class_list":["post-2200","post","type-post","status-publish","format-standard","hentry","category-sem-categoria","tag-blog-do-edvaldo-magalhaes","tag-dicas-para-os-motoristas-que-vao-ao-patio-de-eventos-de-caruaru-durante-o-sao-joao","tag-noticias"],"_links":{"self":[{"href":"https:\/\/blogdoedvaldomagalhaes.com.br\/index.php\/wp-json\/wp\/v2\/posts\/2200","targetHints":{"allow":["GET"]}}],"collection":[{"href":"https:\/\/blogdoedvaldomagalhaes.com.br\/index.php\/wp-json\/wp\/v2\/posts"}],"about":[{"href":"https:\/\/blogdoedvaldomagalhaes.com.br\/index.php\/wp-json\/wp\/v2\/types\/post"}],"author":[{"embeddable":true,"href":"https:\/\/blogdoedvaldomagalhaes.com.br\/index.php\/wp-json\/wp\/v2\/users\/1"}],"replies":[{"embeddable":true,"href":"https:\/\/blogdoedvaldomagalhaes.com.br\/index.php\/wp-json\/wp\/v2\/comments?post=2200"}],"version-history":[{"count":1,"href":"https:\/\/blogdoedvaldomagalhaes.com.br\/index.php\/wp-json\/wp\/v2\/posts\/2200\/revisions"}],"predecessor-version":[{"id":31438,"href":"https:\/\/blogdoedvaldomagalhaes.com.br\/index.php\/wp-json\/wp\/v2\/posts\/2200\/revisions\/31438"}],"wp:attachment":[{"href":"https:\/\/blogdoedvaldomagalhaes.com.br\/index.php\/wp-json\/wp\/v2\/media?parent=2200"}],"wp:term":[{"taxonomy":"category","embeddable":true,"href":"https:\/\/blogdoedvaldomagalhaes.com.br\/index.php\/wp-json\/wp\/v2\/categories?post=2200"},{"taxonomy":"post_tag","embeddable":true,"href":"https:\/\/blogdoedvaldomagalhaes.com.br\/index.php\/wp-json\/wp\/v2\/tags?post=2200"}],"curies":[{"name":"wp","href":"https:\/\/api.w.org\/{rel}","templated":true}]}}