{"id":220,"date":"2019-01-14T22:41:00","date_gmt":"2019-01-15T00:41:00","guid":{"rendered":"http:\/\/blogdoedvaldomagalhaes.com.br\/index.php\/2019\/01\/14\/confira-as-novas-comissoes-permanentes\/"},"modified":"2019-02-09T02:49:18","modified_gmt":"2019-02-09T04:49:18","slug":"confira-as-novas-comissoes-permanentes","status":"publish","type":"post","link":"https:\/\/blogdoedvaldomagalhaes.com.br\/index.php\/2019\/01\/14\/confira-as-novas-comissoes-permanentes\/","title":{"rendered":"Confira as novas Comiss\u00f5es Permanentes da C\u00e2mara de Caruaru"},"content":{"rendered":"<div class=\"separator\" style=\"clear: both; text-align: center;\">\n<a href=\"https:\/\/3.bp.blogspot.com\/-3IJVpqrkXIE\/XD0OYaZiVLI\/AAAAAAABBF4\/wXcO-gqYo2IkeQq5M4nIAi8nc4kUf6QzACLcBGAs\/s1600\/images%2B%25281%2529.jpeg\" imageanchor=\"1\" style=\"margin-left: 1em; margin-right: 1em;\"><img loading=\"lazy\" decoding=\"async\" border=\"0\" data-original-height=\"451\" data-original-width=\"679\" height=\"212\" src=\"http:\/\/blogdoedvaldomagalhaes.com.br\/wp-content\/uploads\/2019\/01\/images28129-3.jpeg\" width=\"320\" \/><\/a><\/div>\n<div style=\"text-align: justify;\">\n<\/div>\n<div style=\"text-align: justify;\">\n<\/div>\n<div style=\"text-align: justify;\">\nAs novas comiss\u00f5es permanentes para os trabalhos da C\u00e2mara Municipal de Caruaru (CMC), durante o bi\u00eanio 2019\/2020, j\u00e1 est\u00e3o seus membros definidos.&nbsp; A presid\u00eancia presid\u00eancia da casa designou as seguintes composi\u00e7\u00f5es:<\/div>\n<div style=\"text-align: justify;\">\n<\/div>\n<div style=\"text-align: justify;\">\nMembros da Comiss\u00e3o de \u00c9tica Parlamentar:<\/div>\n<div style=\"text-align: justify;\">\nVereador Pb Andrey Gouveia (PRP)<\/div>\n<div style=\"text-align: justify;\">\nVereador Bruno Lambreta (PDT)<\/div>\n<div style=\"text-align: justify;\">\nVereador Galego de Lajes (PSD)<\/div>\n<div style=\"text-align: justify;\">\nVereador Edmilson do Salgado (PCdoB)<\/div>\n<div style=\"text-align: justify;\">\nVereador Heleno Oscar (Patriota)<\/div>\n<div style=\"text-align: justify;\">\n<\/div>\n<div style=\"text-align: justify;\">\nComiss\u00e3o de Finan\u00e7as e Or\u00e7amento<\/div>\n<div style=\"text-align: justify;\">\nPresidente: Vereador Bruno Lambreta (PDT)<\/div>\n<div style=\"text-align: justify;\">\nMembro: Rozael do Divin\u00f3polis (PRTB)<\/div>\n<div style=\"text-align: justify;\">\nMembro: Pierson Leite (PSD)<\/div>\n<div style=\"text-align: justify;\">\n<\/div>\n<div style=\"text-align: justify;\">\nComiss\u00e3o de Legisla\u00e7\u00e3o e Reda\u00e7\u00e3o de Leis<\/div>\n<div style=\"text-align: justify;\">\nPresidente: Pb. Andrey Gouveia (PRP)<\/div>\n<div style=\"text-align: justify;\">\nMembro: Daniel Finizola (PT)<\/div>\n<div style=\"text-align: justify;\">\nMembro: Pierson Leite (PSD)<\/div>\n<div style=\"text-align: justify;\">\n<\/div>\n<div style=\"text-align: justify;\">\nComiss\u00e3o de Obras, Urbanismo e Servi\u00e7os P\u00fablicos<\/div>\n<div style=\"text-align: justify;\">\nPresidente: Edmilson do Salgado (PCdoB)<\/div>\n<div style=\"text-align: justify;\">\nMembro: Galego de Lajes (PSD)<\/div>\n<div style=\"text-align: justify;\">\nMembro: Moys\u00e9s Santos (PRP)<\/div>\n<div style=\"text-align: justify;\">\n<\/div>\n<div style=\"text-align: justify;\">\nComiss\u00e3o de Educa\u00e7\u00e3o, Cultura e Esportes<\/div>\n<div style=\"text-align: justify;\">\nPresidente: Pierson Leite (PSD)<\/div>\n<div style=\"text-align: justify;\">\nMembro: Daniel Finizola (PT)<\/div>\n<div style=\"text-align: justify;\">\nMembro: Pb. Andrey Gouveia (PRP)<\/div>\n<div style=\"text-align: justify;\">\n<\/div>\n<div style=\"text-align: justify;\">\nComiss\u00e3o de Sa\u00fade e Assist\u00eancia Social<\/div>\n<div style=\"text-align: justify;\">\nPresidente: Ranilson dos Santos (PDT)<\/div>\n<div style=\"text-align: justify;\">\nMembro: Zez\u00e9 Parteira (PV)<\/div>\n<div style=\"text-align: justify;\">\nMembro: Allyson da Farm\u00e1cia (PPS)<\/div>\n<div style=\"text-align: justify;\">\n<\/div>\n<div style=\"text-align: justify;\">\nComiss\u00e3o de Direitos Humanos<\/div>\n<div style=\"text-align: justify;\">\nPresidente: \u00cdtalo Henrique (PSD)<\/div>\n<div style=\"text-align: justify;\">\nMembro: Fagner Fernandes (AVANTE)<\/div>\n<div style=\"text-align: justify;\">\nMembro: Zez\u00e9 Parteira (PV)<\/div>\n<div style=\"text-align: justify;\">\n<\/div>\n<div style=\"text-align: justify;\">\nComiss\u00e3o do Meio Ambiente<\/div>\n<div style=\"text-align: justify;\">\nPresidente: Bruno Lambreta (PDT)<\/div>\n<div style=\"text-align: justify;\">\nMembro: Edjailson da Caru Forr\u00f3 (PRTB)<\/div>\n<div style=\"text-align: justify;\">\nMembro: Heleno Oscar (Patriota)<\/div>\n<div style=\"text-align: justify;\">\n<\/div>\n<div style=\"text-align: justify;\">\nComiss\u00f5es de Pol\u00edticas P\u00fablicas Para a Juventude<\/div>\n<div style=\"text-align: justify;\">\nPresidente: Pb. Andrey Gouveia (PRP)<\/div>\n<div style=\"text-align: justify;\">\nMembro: Duda do Vassoural (PRTB)<\/div>\n<div style=\"text-align: justify;\">\nMembro: Cec\u00edlio Pedro (MDB)<\/div>\n<div style=\"text-align: justify;\">\n<\/div>\n<div style=\"text-align: justify;\">\nComiss\u00e3o de Seguran\u00e7a P\u00fablica<\/div>\n<div style=\"text-align: justify;\">\nPresidente: Pierson Leite (PSD)<\/div>\n<div style=\"text-align: justify;\">\nMembro: Tafarel (PRP)<\/div>\n<div style=\"text-align: justify;\">\nMembro: S\u00e9rgio Siqueira (AVANTE)<\/div>\n<div style=\"text-align: justify;\">\n<\/div>\n<div style=\"text-align: justify;\">\nComiss\u00e3o de Defesa dos Direitos da Mulher<\/div>\n<div style=\"text-align: justify;\">\nPresidente: Zez\u00e9 Parteira (PV)<\/div>\n<div style=\"text-align: justify;\">\nMembro: Cec\u00edlio Pedro (MDB)<\/div>\n<div style=\"text-align: justify;\">\nMembro: \u00cdtalo Henrique (PSD)<\/div>\n","protected":false},"excerpt":{"rendered":"<p>As novas comiss\u00f5es permanentes para os trabalhos da C\u00e2mara Municipal de Caruaru (CMC), durante o bi\u00eanio 2019\/2020, j\u00e1 est\u00e3o seus&hellip;<\/p>\n","protected":false},"author":1,"featured_media":0,"comment_status":"open","ping_status":"open","sticky":false,"template":"","format":"standard","meta":{"footnotes":""},"categories":[1],"tags":[2,232,20],"class_list":["post-220","post","type-post","status-publish","format-standard","hentry","category-sem-categoria","tag-blog-do-edvaldo-magalhaes","tag-confira-as-novas-comissoes-permanentes-da-camara-de-caruaru","tag-politica"],"_links":{"self":[{"href":"https:\/\/blogdoedvaldomagalhaes.com.br\/index.php\/wp-json\/wp\/v2\/posts\/220","targetHints":{"allow":["GET"]}}],"collection":[{"href":"https:\/\/blogdoedvaldomagalhaes.com.br\/index.php\/wp-json\/wp\/v2\/posts"}],"about":[{"href":"https:\/\/blogdoedvaldomagalhaes.com.br\/index.php\/wp-json\/wp\/v2\/types\/post"}],"author":[{"embeddable":true,"href":"https:\/\/blogdoedvaldomagalhaes.com.br\/index.php\/wp-json\/wp\/v2\/users\/1"}],"replies":[{"embeddable":true,"href":"https:\/\/blogdoedvaldomagalhaes.com.br\/index.php\/wp-json\/wp\/v2\/comments?post=220"}],"version-history":[{"count":1,"href":"https:\/\/blogdoedvaldomagalhaes.com.br\/index.php\/wp-json\/wp\/v2\/posts\/220\/revisions"}],"predecessor-version":[{"id":37455,"href":"https:\/\/blogdoedvaldomagalhaes.com.br\/index.php\/wp-json\/wp\/v2\/posts\/220\/revisions\/37455"}],"wp:attachment":[{"href":"https:\/\/blogdoedvaldomagalhaes.com.br\/index.php\/wp-json\/wp\/v2\/media?parent=220"}],"wp:term":[{"taxonomy":"category","embeddable":true,"href":"https:\/\/blogdoedvaldomagalhaes.com.br\/index.php\/wp-json\/wp\/v2\/categories?post=220"},{"taxonomy":"post_tag","embeddable":true,"href":"https:\/\/blogdoedvaldomagalhaes.com.br\/index.php\/wp-json\/wp\/v2\/tags?post=220"}],"curies":[{"name":"wp","href":"https:\/\/api.w.org\/{rel}","templated":true}]}}