{"id":2199,"date":"2018-06-02T17:46:00","date_gmt":"2018-06-02T20:46:00","guid":{"rendered":"http:\/\/blogdoedvaldomagalhaes.com.br\/index.php\/2018\/06\/02\/discussao-no-transito-em-caruaru_2\/"},"modified":"2019-02-09T02:17:29","modified_gmt":"2019-02-09T04:17:29","slug":"discussao-no-transito-em-caruaru_2","status":"publish","type":"post","link":"https:\/\/blogdoedvaldomagalhaes.com.br\/index.php\/2018\/06\/02\/discussao-no-transito-em-caruaru_2\/","title":{"rendered":"Discuss\u00e3o no tr\u00e2nsito em Caruaru resulta em tentativa de homic\u00eddio"},"content":{"rendered":"<div class=\"separator\" style=\"clear: both; text-align: center;\">\n<a href=\"https:\/\/3.bp.blogspot.com\/-C0KUykm_YTI\/WxLWLrQOTnI\/AAAAAAAAy0k\/SUacxYvmvLM4j_QotL7dJuZi1Cf9Nio8gCEwYBhgL\/s1600\/tentativa.jpg\" imageanchor=\"1\" style=\"margin-left: 1em; margin-right: 1em;\"><img loading=\"lazy\" decoding=\"async\" border=\"0\" data-original-height=\"310\" data-original-width=\"465\" height=\"426\" src=\"http:\/\/blogdoedvaldomagalhaes.com.br\/wp-content\/uploads\/2018\/06\/tentativa.jpg\" width=\"640\" \/><\/a><\/div>\n<div class=\"separator\" style=\"clear: both; text-align: center;\">\nFoto ilustrativa<\/div>\n<div class=\"separator\" style=\"clear: both; text-align: center;\">\n<\/div>\n<div style=\"text-align: justify;\">\nNa manh\u00e3 deste s\u00e1bado (02), houve uma discuss\u00e3o no tr\u00e2nsito nas proximidades do Parque 18 de Maio, quando uma moto&nbsp;Honda CG Fan 150cc NXV-5639&nbsp;colidiu na traseira de um Fiesta cor prata, iniciando uma discuss\u00e3o entre o motorista do carro passeio, Edilson Ramos de Oliveira, 47 anos, residente no bairro Salgado, e o motociclista Jamison Alves da Costa, de 38 anos, residente no bairro Agamenon Magalh\u00e3es, em seguida, Edilson esfaqueou Jamison com um punhal. Com medo de ser linchado por populares, Edilson entrou no carro e ligou para o 190. Jamison, com uma facada no t\u00f3rax, foi socorrido pelo Corpo de Bombeiros para o Hospital Regional do Agreste (HRA), e n\u00e3o corre risco de morte, enquanto que Edilson foi preso por tentativa de homic\u00eddio.<\/p>\n<div style=\"background-color: white; color: #1d2129; font-family: Helvetica, Arial, sans-serif; font-size: 14px; margin-bottom: 6px; margin-top: 6px; text-align: start;\">\n<\/div>\n<div class=\"text_exposed_show\" style=\"background-color: white; display: inline; text-align: start;\">\n<div style=\"margin-bottom: 6px; text-align: justify;\">\nO motorista Edilson Ramos de Oliveira disse a pol\u00edcia &#8220;que a moto bateu no seu carro, ele foi pedir explica\u00e7\u00f5es, e o motociclista partiu pra cima dele com o capacete, para lhe agredir, foi quando ele se defendeu com o punhal&#8221;.<\/div>\n<div style=\"color: #1d2129; font-family: inherit; font-size: 14px; margin-bottom: 6px; text-align: justify;\">\n<\/div>\n<\/div>\n<p>J\u00e1 o motociclista Jamison Alves da Costa, deu outra vers\u00e3o para a pol\u00edcia, dizendo que &#8220;houve a colis\u00e3o e o motorista do carro partiu pra cima dele com o punhal&#8221;.<\/p>\n<p><\/p>\n<div class=\"separator\" style=\"clear: both; text-align: center;\">\n<a href=\"https:\/\/2.bp.blogspot.com\/-rxQJKRZ1HkY\/WxLbK6PtihI\/AAAAAAAAy0s\/CE3559fcxyEC6wpkLa3sStBMgL0o5--5QCLcBGAs\/s1600\/IMG-20180602-WA0160.jpg\" imageanchor=\"1\" style=\"margin-left: 1em; margin-right: 1em;\"><img loading=\"lazy\" decoding=\"async\" border=\"0\" data-original-height=\"1280\" data-original-width=\"720\" height=\"640\" src=\"http:\/\/blogdoedvaldomagalhaes.com.br\/wp-content\/uploads\/2018\/06\/IMG-20180602-WA0160.jpg\" width=\"360\" \/><\/a><\/div>\n<div class=\"separator\" style=\"clear: both; text-align: center;\">\nFoto da arma do crime&nbsp;<\/div>\n<div class=\"separator\" style=\"clear: both; text-align: center;\">\n<\/div>\n<div class=\"separator\" style=\"clear: both; text-align: justify;\">\nO motorista n\u00e3o tem antecedentes criminais, j\u00e1 a motocicleta Honda CG Fan 150cc NXV-5639 consta como roubada, e motociclista Jamison Alves da Costa, \u00e9 foragido da Justi\u00e7a em S\u00e3o Paulo, acusado de homic\u00eddio, tendo um mandato de pris\u00e3o contra ele, quando sair do HRA,ser\u00e1 levado para a Penitenci\u00e1ria Juiz Pl\u00e1cido de Souza (PJPS), depois ser\u00e1 encaminhado para S\u00e3o Paulo, para cumprir a pena.<\/div>\n<\/div>\n","protected":false},"excerpt":{"rendered":"<p>Foto ilustrativa Na manh\u00e3 deste s\u00e1bado (02), houve uma discuss\u00e3o no tr\u00e2nsito nas proximidades do Parque 18 de Maio, quando&hellip;<\/p>\n","protected":false},"author":1,"featured_media":0,"comment_status":"open","ping_status":"open","sticky":false,"template":"","format":"standard","meta":{"footnotes":""},"categories":[1],"tags":[2,2327,13],"class_list":["post-2199","post","type-post","status-publish","format-standard","hentry","category-sem-categoria","tag-blog-do-edvaldo-magalhaes","tag-discussao-no-transito-em-caruaru-resulta-em-tentativa-de-homicidio","tag-policial"],"_links":{"self":[{"href":"https:\/\/blogdoedvaldomagalhaes.com.br\/index.php\/wp-json\/wp\/v2\/posts\/2199","targetHints":{"allow":["GET"]}}],"collection":[{"href":"https:\/\/blogdoedvaldomagalhaes.com.br\/index.php\/wp-json\/wp\/v2\/posts"}],"about":[{"href":"https:\/\/blogdoedvaldomagalhaes.com.br\/index.php\/wp-json\/wp\/v2\/types\/post"}],"author":[{"embeddable":true,"href":"https:\/\/blogdoedvaldomagalhaes.com.br\/index.php\/wp-json\/wp\/v2\/users\/1"}],"replies":[{"embeddable":true,"href":"https:\/\/blogdoedvaldomagalhaes.com.br\/index.php\/wp-json\/wp\/v2\/comments?post=2199"}],"version-history":[{"count":1,"href":"https:\/\/blogdoedvaldomagalhaes.com.br\/index.php\/wp-json\/wp\/v2\/posts\/2199\/revisions"}],"predecessor-version":[{"id":31441,"href":"https:\/\/blogdoedvaldomagalhaes.com.br\/index.php\/wp-json\/wp\/v2\/posts\/2199\/revisions\/31441"}],"wp:attachment":[{"href":"https:\/\/blogdoedvaldomagalhaes.com.br\/index.php\/wp-json\/wp\/v2\/media?parent=2199"}],"wp:term":[{"taxonomy":"category","embeddable":true,"href":"https:\/\/blogdoedvaldomagalhaes.com.br\/index.php\/wp-json\/wp\/v2\/categories?post=2199"},{"taxonomy":"post_tag","embeddable":true,"href":"https:\/\/blogdoedvaldomagalhaes.com.br\/index.php\/wp-json\/wp\/v2\/tags?post=2199"}],"curies":[{"name":"wp","href":"https:\/\/api.w.org\/{rel}","templated":true}]}}