{"id":2198,"date":"2018-06-02T21:54:00","date_gmt":"2018-06-03T00:54:00","guid":{"rendered":"http:\/\/blogdoedvaldomagalhaes.com.br\/index.php\/2018\/06\/02\/confira-programacao-completa-do-polo\/"},"modified":"2019-02-09T02:17:30","modified_gmt":"2019-02-09T04:17:30","slug":"confira-programacao-completa-do-polo","status":"publish","type":"post","link":"https:\/\/blogdoedvaldomagalhaes.com.br\/index.php\/2018\/06\/02\/confira-programacao-completa-do-polo\/","title":{"rendered":"Confira a programa\u00e7\u00e3o completa do Polo Infantil do S\u00e3o Jo\u00e3o 2018 de Caruaru"},"content":{"rendered":"<div class=\"separator\" style=\"clear: both; text-align: center;\">\n<a href=\"https:\/\/4.bp.blogspot.com\/-Xpjt3tQcLkk\/WxMSC23kDHI\/AAAAAAAAy1E\/jafpsC2cnDkCy8uVfh73PGGfj9NtOh6YQCLcBGAs\/s1600\/poklo.jpg\" imageanchor=\"1\" style=\"margin-left: 1em; margin-right: 1em;\"><img loading=\"lazy\" decoding=\"async\" border=\"0\" data-original-height=\"426\" data-original-width=\"640\" height=\"424\" src=\"http:\/\/blogdoedvaldomagalhaes.com.br\/wp-content\/uploads\/2018\/06\/poklo.jpg\" width=\"640\" \/><\/a><\/div>\n<div style=\"text-align: justify;\">\n<\/div>\n<div style=\"text-align: justify;\">\nA crian\u00e7ada tem um espa\u00e7o de divers\u00e3o garantido no Maior e Melhor S\u00e3o Jo\u00e3o do Mundo. O Polo Infantil, que funciona na Esta\u00e7\u00e3o Ferrovi\u00e1ria, abre as portas neste s\u00e1bado (2) com muita m\u00fasica, circo, m\u00e1gica, conta\u00e7\u00e3o de hist\u00f3ria e apresenta\u00e7\u00f5es de teatro. Sucesso em 2017, o polo ir\u00e1 funcionar, aos s\u00e1bados e domingos, at\u00e9 o dia 30 de junho. As atra\u00e7\u00f5es come\u00e7am \u00e0s 17h.<\/div>\n<div style=\"text-align: justify;\">\n<\/div>\n<div style=\"text-align: justify;\">\nO polo \u00e9 um espa\u00e7o para que as fam\u00edlias possam aproveitam o S\u00e3o Jo\u00e3o de Caruaru.&nbsp; No ano passado, o espa\u00e7o recebeu um grande n\u00famero de pessoas em todas as apresenta\u00e7\u00f5es. O p\u00fablico aprovou a estreia do polo, que este ano contempla mais dias de apresenta\u00e7\u00f5es. As crian\u00e7as se divertem com as atra\u00e7\u00f5es e ainda podem aproveitar um parque de brinquedos, que funciona ao lado do polo.<\/div>\n<div style=\"text-align: justify;\">\n<\/div>\n<div style=\"text-align: justify;\">\nNeste s\u00e1bado (2), Gabriela Kopinits promete levar as crian\u00e7as em um passeio liter\u00e1rio por meio da conta\u00e7\u00e3o de hist\u00f3ria. Em seguida, a crian\u00e7ada estar\u00e1 de olhos bem atentos no m\u00e1gico Hugo Henrik, que promete encantar com truques com cartas, p\u00e1ssaros e tecidos.<\/div>\n<div style=\"text-align: justify;\">\n<\/div>\n<div style=\"text-align: justify;\">\nNo domingo (3), as atra\u00e7\u00f5es trar\u00e3o can\u00e7\u00f5es infantis e muita encena\u00e7\u00e3o. \u00c0s 17h, apresenta-se Lucas do Acordeon. J\u00e1 \u00e0s 18h, o palco ser\u00e1 ocupado pela Trupe Katiti, que mistura m\u00fasica, teatro e literatura. O espet\u00e1culo atrai a aten\u00e7\u00e3o dos pequenos utilizando elementos l\u00fadicos que fascinam os espectadores.<\/div>\n<div style=\"text-align: justify;\">\n<\/div>\n<div style=\"text-align: justify;\">\n<\/div>\n<div style=\"text-align: justify;\">\n<\/div>\n<div style=\"text-align: justify;\">\nPrograma\u00e7\u00e3o \u2013 Polo Infantil<\/div>\n<div style=\"text-align: justify;\">\n<\/div>\n<div style=\"text-align: justify;\">\n<\/div>\n<div style=\"text-align: justify;\">\nS\u00e1bado (2)<\/div>\n<div style=\"text-align: justify;\">\n<\/div>\n<div style=\"text-align: justify;\">\n17h \u2013 Gabriela Kopinits<\/div>\n<div style=\"text-align: justify;\">\n<\/div>\n<div style=\"text-align: justify;\">\n18h \u2013 M\u00e1gico Hugo Henrik<\/div>\n<div style=\"text-align: justify;\">\n<\/div>\n<div style=\"text-align: justify;\">\n<\/div>\n<div style=\"text-align: justify;\">\nDomingo (3)<\/div>\n<div style=\"text-align: justify;\">\n<\/div>\n<div style=\"text-align: justify;\">\n17h \u2013 Lucas do Arcord\u00e9on<\/div>\n<div style=\"text-align: justify;\">\n<\/div>\n<div style=\"text-align: justify;\">\n18h \u2013 Trupe Katiti<\/div>\n<div style=\"text-align: justify;\">\n<\/div>\n<div style=\"text-align: justify;\">\n<\/div>\n<div style=\"text-align: justify;\">\nS\u00e1bado (9)<\/div>\n<div style=\"text-align: justify;\">\n<\/div>\n<div style=\"text-align: justify;\">\n17h &#8211; Rapha Santa Cruz<\/div>\n<div style=\"text-align: justify;\">\n<\/div>\n<div style=\"text-align: justify;\">\n18h &#8211; Rosimar Lemos<\/div>\n<div style=\"text-align: justify;\">\n<\/div>\n<div style=\"text-align: justify;\">\n<\/div>\n<div style=\"text-align: justify;\">\nDomingo (10)<\/div>\n<div style=\"text-align: justify;\">\n<\/div>\n<div style=\"text-align: justify;\">\n17h \u2013 A Trupe<\/div>\n<div style=\"text-align: justify;\">\n<\/div>\n<div style=\"text-align: justify;\">\n18h \u2013 Saltimbancos<\/div>\n<div style=\"text-align: justify;\">\n<\/div>\n<div style=\"text-align: justify;\">\n<\/div>\n<div style=\"text-align: justify;\">\nS\u00e1bado (16)<\/div>\n<div style=\"text-align: justify;\">\n<\/div>\n<div style=\"text-align: justify;\">\n17h \u2013 Nerivaldo Alves<\/div>\n<div style=\"text-align: justify;\">\n<\/div>\n<div style=\"text-align: justify;\">\n18h \u2013 Fadas Magrinhas<\/div>\n<div style=\"text-align: justify;\">\n<\/div>\n<div style=\"text-align: justify;\">\n<\/div>\n<div style=\"text-align: justify;\">\nDomingo (17)<\/div>\n<div style=\"text-align: justify;\">\n<\/div>\n<div style=\"text-align: justify;\">\n17h \u2013 Banda de P\u00edfanos Mirim Mandacaru<\/div>\n<div style=\"text-align: justify;\">\n<\/div>\n<div style=\"text-align: justify;\">\n18h \u2013 A Bandinha<\/div>\n<div style=\"text-align: justify;\">\n<\/div>\n<div style=\"text-align: justify;\">\n<\/div>\n<div style=\"text-align: justify;\">\nS\u00e1bado (23)<\/div>\n<div style=\"text-align: justify;\">\n<\/div>\n<div style=\"text-align: justify;\">\n17h \u2013 Banda de P\u00edfanos Mirim Mandacaru<\/div>\n<div style=\"text-align: justify;\">\n<\/div>\n<div style=\"text-align: justify;\">\n18h \u2013 M\u00e1gico Hugo Henrik<\/div>\n<div style=\"text-align: justify;\">\n<\/div>\n<div style=\"text-align: justify;\">\n<\/div>\n<div style=\"text-align: justify;\">\nDomingo (24)<\/div>\n<div style=\"text-align: justify;\">\n<\/div>\n<div style=\"text-align: justify;\">\n17h \u2013 Banda de P\u00edfanos Mirim Z\u00e9 do Estado<\/div>\n<div style=\"text-align: justify;\">\n<\/div>\n<div style=\"text-align: justify;\">\n18h \u2013 Mateus e Katilinda<\/div>\n<div style=\"text-align: justify;\">\n<\/div>\n<div style=\"text-align: justify;\">\n<\/div>\n<div style=\"text-align: justify;\">\nS\u00e1bado (30)<\/div>\n<div style=\"text-align: justify;\">\n<\/div>\n<div style=\"text-align: justify;\">\n17h \u2013 Banda de P\u00edfanos Mirim Z\u00e9 do Estado<\/div>\n<div style=\"text-align: justify;\">\n<\/div>\n<div style=\"text-align: justify;\">\n18h \u2013 Mini Rock<\/div>\n","protected":false},"excerpt":{"rendered":"<p>A crian\u00e7ada tem um espa\u00e7o de divers\u00e3o garantido no Maior e Melhor S\u00e3o Jo\u00e3o do Mundo. O Polo Infantil, que&hellip;<\/p>\n","protected":false},"author":1,"featured_media":0,"comment_status":"open","ping_status":"open","sticky":false,"template":"","format":"standard","meta":{"footnotes":""},"categories":[1],"tags":[2,2326,6],"class_list":["post-2198","post","type-post","status-publish","format-standard","hentry","category-sem-categoria","tag-blog-do-edvaldo-magalhaes","tag-confira-a-programacao-completa-do-polo-infantil-do-sao-joao-2018-de-caruaru","tag-noticias"],"_links":{"self":[{"href":"https:\/\/blogdoedvaldomagalhaes.com.br\/index.php\/wp-json\/wp\/v2\/posts\/2198","targetHints":{"allow":["GET"]}}],"collection":[{"href":"https:\/\/blogdoedvaldomagalhaes.com.br\/index.php\/wp-json\/wp\/v2\/posts"}],"about":[{"href":"https:\/\/blogdoedvaldomagalhaes.com.br\/index.php\/wp-json\/wp\/v2\/types\/post"}],"author":[{"embeddable":true,"href":"https:\/\/blogdoedvaldomagalhaes.com.br\/index.php\/wp-json\/wp\/v2\/users\/1"}],"replies":[{"embeddable":true,"href":"https:\/\/blogdoedvaldomagalhaes.com.br\/index.php\/wp-json\/wp\/v2\/comments?post=2198"}],"version-history":[{"count":1,"href":"https:\/\/blogdoedvaldomagalhaes.com.br\/index.php\/wp-json\/wp\/v2\/posts\/2198\/revisions"}],"predecessor-version":[{"id":31443,"href":"https:\/\/blogdoedvaldomagalhaes.com.br\/index.php\/wp-json\/wp\/v2\/posts\/2198\/revisions\/31443"}],"wp:attachment":[{"href":"https:\/\/blogdoedvaldomagalhaes.com.br\/index.php\/wp-json\/wp\/v2\/media?parent=2198"}],"wp:term":[{"taxonomy":"category","embeddable":true,"href":"https:\/\/blogdoedvaldomagalhaes.com.br\/index.php\/wp-json\/wp\/v2\/categories?post=2198"},{"taxonomy":"post_tag","embeddable":true,"href":"https:\/\/blogdoedvaldomagalhaes.com.br\/index.php\/wp-json\/wp\/v2\/tags?post=2198"}],"curies":[{"name":"wp","href":"https:\/\/api.w.org\/{rel}","templated":true}]}}