{"id":217,"date":"2019-01-15T12:38:00","date_gmt":"2019-01-15T14:38:00","guid":{"rendered":"http:\/\/blogdoedvaldomagalhaes.com.br\/index.php\/2019\/01\/15\/bell-marques-e-benil-sao-as-principais\/"},"modified":"2019-02-09T02:49:23","modified_gmt":"2019-02-09T04:49:23","slug":"bell-marques-e-benil-sao-as-principais","status":"publish","type":"post","link":"https:\/\/blogdoedvaldomagalhaes.com.br\/index.php\/2019\/01\/15\/bell-marques-e-benil-sao-as-principais\/","title":{"rendered":"Bell Marques e Benil s\u00e3o as principais atra\u00e7\u00f5es do Baile Municipal de Caruaru"},"content":{"rendered":"<div class=\"separator\" style=\"clear: both; text-align: center;\">\n<a href=\"https:\/\/4.bp.blogspot.com\/-wzfcg85EDpE\/XD3Sph1P-dI\/AAAAAAABBGg\/ZOmcpo81ZfI_QTkPKXnpUNti6oG2ASdiQCLcBGAs\/s1600\/IMG_20190115_090008331.jpg\" imageanchor=\"1\" style=\"margin-left: 1em; margin-right: 1em;\"><img loading=\"lazy\" decoding=\"async\" border=\"0\" data-original-height=\"1200\" data-original-width=\"1600\" height=\"480\" src=\"http:\/\/blogdoedvaldomagalhaes.com.br\/wp-content\/uploads\/2019\/01\/IMG_20190115_090008331.jpg\" width=\"640\" \/><\/a><\/div>\n<p><\/p>\n<div style=\"text-align: center;\">\n<div style=\"text-align: justify;\">\n<div style=\"background-color: white; box-sizing: border-box; line-height: 24px; margin-bottom: 10px;\">\nO Baile Municipal de Caruaru, que depois de anos, voltar\u00e1 a ser realizado, est\u00e1 marcado para o pr\u00f3ximo dia 15 de fevereiro, a partir das 20h, na Arena Caruaru. A festa contar\u00e1 com o cantor baiano Bell Marques, o caruaruense Benil, al\u00e9m de orquestras. O cantor e compositor Carlos Fernando ser\u00e1 o homenageado da festa. Os ingressos come\u00e7am a ser vendidos a partir desta quarta-feira (16), e custam R$ 25 Arena, R$ 60 VIP, R$ 130 Open Bar, R$ 500 mesa para quatro pessoas e R$ 5 mil camarote para 15 pessoas. As entradas podem ser adquiridas na bilheteria da pr\u00f3pria Arena, no quiosque a Arena no Shopping Difusora, Banca Terceiro Mundo e no site Bilheteria Digital.<\/div>\n<div style=\"background-color: white; box-sizing: border-box; line-height: 24px; margin-bottom: 10px;\">\n<\/div>\n<div class=\"separator\" style=\"clear: both; text-align: center;\">\n<a href=\"https:\/\/2.bp.blogspot.com\/-51AfwG2BQcA\/XD3_Z39-fAI\/AAAAAAABBHQ\/A5QFSbwmVSUNQkp9MzIScIzKYDjghaOkwCLcBGAs\/s1600\/foto.jpg\" imageanchor=\"1\" style=\"margin-left: 1em; margin-right: 1em;\"><img loading=\"lazy\" decoding=\"async\" border=\"0\" data-original-height=\"252\" data-original-width=\"399\" height=\"404\" src=\"http:\/\/blogdoedvaldomagalhaes.com.br\/wp-content\/uploads\/2019\/01\/foto.jpg\" width=\"640\" \/><\/a><\/div>\n<div style=\"background-color: white; box-sizing: border-box; line-height: 24px; margin-bottom: 10px;\">\n<\/div>\n<div style=\"background-color: white; box-sizing: border-box; line-height: 24px; margin-bottom: 10px;\">\nEste ano, o Carnaval Caruaru Cultural contar\u00e1 com sete polos de anima\u00e7\u00e3o: Polo Pedro Sucata, Polo Caf\u00e9 com Frevo, Polo Jackson do Pandeiro, Polo Inclus\u00e3o na Folia, Polo Esta\u00e7\u00e3o Folia, Polo Aldo Teixeira e Corredor Carlos Fernando, com as tradicionais pr\u00e9vias e v\u00e1rios blocos espalhados pela cidade.<\/div>\n<p><\/p>\n<div style=\"background-color: white; box-sizing: border-box; line-height: 24px; margin-bottom: 10px;\">\nOs blocos podem ser cadastrados at\u00e9 o dia 22 de janeiro, na Funda\u00e7\u00e3o de Cultura e Turismo e os interessados precisam levar c\u00f3pias do RG, CPF e comprovante de resid\u00eancia. O Espa\u00e7o Cultural Tancredo Neves, fica localizado na Pra\u00e7a Coronel Jos\u00e9 de Vasconcelos e funciona das 8h \u00e0s 13h.<\/div>\n<\/div>\n<\/div>\n<div style=\"text-align: center;\">\n<\/div>\n<div class=\"separator\" style=\"clear: both; text-align: center;\">\n<a href=\"https:\/\/2.bp.blogspot.com\/-mCfeOq1kSbs\/XD3SSfTHESI\/AAAAAAABBGY\/sQy8bvPu0VEloyAHC3lyWTsTCKXKxYs8ACLcBGAs\/s1600\/IMG_20190115_085934183.jpg\" imageanchor=\"1\" style=\"margin-left: 1em; margin-right: 1em;\"><img loading=\"lazy\" decoding=\"async\" border=\"0\" data-original-height=\"1200\" data-original-width=\"1600\" height=\"480\" src=\"http:\/\/blogdoedvaldomagalhaes.com.br\/wp-content\/uploads\/2019\/01\/IMG_20190115_085934183.jpg\" width=\"640\" \/><\/a><\/div>\n<p><\/p>\n<div style=\"text-align: justify;\">\nEste ano, o carnaval ter\u00e1 os seguintes homenageados: colunista social Cervantes&nbsp; (realizador do Baile Vermelho e Branco), Ivete Cairo (filha de Z\u00e9 de Nei), e o foli\u00e3o Lamartine Oliveira.&nbsp;<\/p>\n<div class=\"separator\" style=\"clear: both; text-align: center;\">\n<a href=\"https:\/\/4.bp.blogspot.com\/-0QE6oBFokJY\/XD3_TLXmrpI\/AAAAAAABBHM\/9joh_5HajM0QtztPIIvaYLdcKxRyQ-DggCLcBGAs\/s1600\/vAILE.jpeg\" imageanchor=\"1\" style=\"margin-left: 1em; margin-right: 1em;\"><img loading=\"lazy\" decoding=\"async\" border=\"0\" data-original-height=\"500\" data-original-width=\"500\" height=\"640\" src=\"http:\/\/blogdoedvaldomagalhaes.com.br\/wp-content\/uploads\/2019\/01\/vAILE.jpeg\" width=\"640\" \/><\/a><\/div>\n<p><\/div>\n","protected":false},"excerpt":{"rendered":"<p>O Baile Municipal de Caruaru, que depois de anos, voltar\u00e1 a ser realizado, est\u00e1 marcado para o pr\u00f3ximo dia 15&hellip;<\/p>\n","protected":false},"author":1,"featured_media":0,"comment_status":"open","ping_status":"open","sticky":false,"template":"","format":"standard","meta":{"footnotes":""},"categories":[1],"tags":[229,2,6],"class_list":["post-217","post","type-post","status-publish","format-standard","hentry","category-sem-categoria","tag-bell-marques-e-benil-sao-as-principais-atracoes-do-baile-municipal-de-caruaru","tag-blog-do-edvaldo-magalhaes","tag-noticias"],"_links":{"self":[{"href":"https:\/\/blogdoedvaldomagalhaes.com.br\/index.php\/wp-json\/wp\/v2\/posts\/217","targetHints":{"allow":["GET"]}}],"collection":[{"href":"https:\/\/blogdoedvaldomagalhaes.com.br\/index.php\/wp-json\/wp\/v2\/posts"}],"about":[{"href":"https:\/\/blogdoedvaldomagalhaes.com.br\/index.php\/wp-json\/wp\/v2\/types\/post"}],"author":[{"embeddable":true,"href":"https:\/\/blogdoedvaldomagalhaes.com.br\/index.php\/wp-json\/wp\/v2\/users\/1"}],"replies":[{"embeddable":true,"href":"https:\/\/blogdoedvaldomagalhaes.com.br\/index.php\/wp-json\/wp\/v2\/comments?post=217"}],"version-history":[{"count":1,"href":"https:\/\/blogdoedvaldomagalhaes.com.br\/index.php\/wp-json\/wp\/v2\/posts\/217\/revisions"}],"predecessor-version":[{"id":37465,"href":"https:\/\/blogdoedvaldomagalhaes.com.br\/index.php\/wp-json\/wp\/v2\/posts\/217\/revisions\/37465"}],"wp:attachment":[{"href":"https:\/\/blogdoedvaldomagalhaes.com.br\/index.php\/wp-json\/wp\/v2\/media?parent=217"}],"wp:term":[{"taxonomy":"category","embeddable":true,"href":"https:\/\/blogdoedvaldomagalhaes.com.br\/index.php\/wp-json\/wp\/v2\/categories?post=217"},{"taxonomy":"post_tag","embeddable":true,"href":"https:\/\/blogdoedvaldomagalhaes.com.br\/index.php\/wp-json\/wp\/v2\/tags?post=217"}],"curies":[{"name":"wp","href":"https:\/\/api.w.org\/{rel}","templated":true}]}}