{"id":2162,"date":"2018-06-07T02:10:00","date_gmt":"2018-06-07T05:10:00","guid":{"rendered":"http:\/\/blogdoedvaldomagalhaes.com.br\/index.php\/2018\/06\/07\/mototaxista-morre-em-acidente-na-pe-95\/"},"modified":"2019-02-09T02:18:12","modified_gmt":"2019-02-09T04:18:12","slug":"mototaxista-morre-em-acidente-na-pe-95","status":"publish","type":"post","link":"https:\/\/blogdoedvaldomagalhaes.com.br\/index.php\/2018\/06\/07\/mototaxista-morre-em-acidente-na-pe-95\/","title":{"rendered":"Mototaxista morre em acidente na PE-95"},"content":{"rendered":"<div class=\"separator\" style=\"clear: both; text-align: center;\">\n<a href=\"https:\/\/2.bp.blogspot.com\/-D2tB0RJhWQ0\/WxiTi4SVtRI\/AAAAAAAAzEs\/OBhu9yIr3Mkr4HRBeFm0bu6BuuXN0m1WwCLcBGAs\/s1600\/moto%2B2.jpg\" imageanchor=\"1\" style=\"margin-left: 1em; margin-right: 1em;\"><img loading=\"lazy\" decoding=\"async\" border=\"0\" data-original-height=\"480\" data-original-width=\"480\" height=\"640\" src=\"http:\/\/blogdoedvaldomagalhaes.com.br\/wp-content\/uploads\/2018\/06\/moto2.jpg\" width=\"640\" \/><\/a><\/div>\n<div class=\"separator\" style=\"clear: both; text-align: center;\">\nFotos: WhatsApp\/Cortesia<\/div>\n<div style=\"background-color: white; margin-bottom: 6px; text-align: justify;\">\n<\/div>\n<div style=\"background-color: white; margin-bottom: 6px; text-align: justify;\">\nO grave acidente ocorreu na noite desta quarta-feira (06), na PE-95, entre os s\u00edtios \u00c1gua Doce e Riacho do Boi, na zona rural de Cumaru, Agreste de Pernambuco. A v\u00edtima fatal era conhecida por Z\u00e9 de Miguel, mototaxista de Ameixas, distrito de Cumaru.&nbsp;Segundo informa\u00e7\u00f5es, o mototaxista voltava de uma viagem de rotina, quando foi atingido por um caminh\u00e3o, tendo a cabe\u00e7a esmagada, falecendo no local.<br \/>\n.<\/div>\n<div class=\"separator\" style=\"clear: both; text-align: center;\">\n<a href=\"https:\/\/3.bp.blogspot.com\/-ELop7wZMY-A\/WxiTpRKv9fI\/AAAAAAAAzEw\/QtR-ZSN__ss7EnXru4C_gQDbPIvqCNGQACLcBGAs\/s1600\/ele.jpg\" imageanchor=\"1\" style=\"margin-left: 1em; margin-right: 1em;\"><img loading=\"lazy\" decoding=\"async\" border=\"0\" data-original-height=\"401\" data-original-width=\"320\" height=\"640\" src=\"http:\/\/blogdoedvaldomagalhaes.com.br\/wp-content\/uploads\/2018\/06\/ele-2.jpg\" width=\"510\" \/><\/a><\/div>\n<div class=\"separator\" style=\"clear: both; text-align: center;\">\nFoto da v\u00edtima<\/div>\n<div style=\"text-align: justify;\">\n<\/div>\n","protected":false},"excerpt":{"rendered":"<p>Fotos: WhatsApp\/Cortesia O grave acidente ocorreu na noite desta quarta-feira (06), na PE-95, entre os s\u00edtios \u00c1gua Doce e Riacho&hellip;<\/p>\n","protected":false},"author":1,"featured_media":0,"comment_status":"open","ping_status":"open","sticky":false,"template":"","format":"standard","meta":{"footnotes":""},"categories":[1],"tags":[2271,2,2272,2273,6,2274,2275],"class_list":["post-2162","post","type-post","status-publish","format-standard","hentry","category-sem-categoria","tag-ameixas","tag-blog-do-edvaldo-magalhaes","tag-cumaru","tag-mototaxista-morre-em-acidente-na-pe-95","tag-noticias","tag-sitio-agua-doce","tag-sitio-riacho-do-boi"],"_links":{"self":[{"href":"https:\/\/blogdoedvaldomagalhaes.com.br\/index.php\/wp-json\/wp\/v2\/posts\/2162","targetHints":{"allow":["GET"]}}],"collection":[{"href":"https:\/\/blogdoedvaldomagalhaes.com.br\/index.php\/wp-json\/wp\/v2\/posts"}],"about":[{"href":"https:\/\/blogdoedvaldomagalhaes.com.br\/index.php\/wp-json\/wp\/v2\/types\/post"}],"author":[{"embeddable":true,"href":"https:\/\/blogdoedvaldomagalhaes.com.br\/index.php\/wp-json\/wp\/v2\/users\/1"}],"replies":[{"embeddable":true,"href":"https:\/\/blogdoedvaldomagalhaes.com.br\/index.php\/wp-json\/wp\/v2\/comments?post=2162"}],"version-history":[{"count":1,"href":"https:\/\/blogdoedvaldomagalhaes.com.br\/index.php\/wp-json\/wp\/v2\/posts\/2162\/revisions"}],"predecessor-version":[{"id":31549,"href":"https:\/\/blogdoedvaldomagalhaes.com.br\/index.php\/wp-json\/wp\/v2\/posts\/2162\/revisions\/31549"}],"wp:attachment":[{"href":"https:\/\/blogdoedvaldomagalhaes.com.br\/index.php\/wp-json\/wp\/v2\/media?parent=2162"}],"wp:term":[{"taxonomy":"category","embeddable":true,"href":"https:\/\/blogdoedvaldomagalhaes.com.br\/index.php\/wp-json\/wp\/v2\/categories?post=2162"},{"taxonomy":"post_tag","embeddable":true,"href":"https:\/\/blogdoedvaldomagalhaes.com.br\/index.php\/wp-json\/wp\/v2\/tags?post=2162"}],"curies":[{"name":"wp","href":"https:\/\/api.w.org\/{rel}","templated":true}]}}