{"id":2158,"date":"2018-06-07T16:35:00","date_gmt":"2018-06-07T19:35:00","guid":{"rendered":"http:\/\/blogdoedvaldomagalhaes.com.br\/index.php\/2018\/06\/07\/festa-do-bolo-marca-abertura-do-ciclo\/"},"modified":"2019-02-09T02:18:13","modified_gmt":"2019-02-09T04:18:13","slug":"festa-do-bolo-marca-abertura-do-ciclo","status":"publish","type":"post","link":"https:\/\/blogdoedvaldomagalhaes.com.br\/index.php\/2018\/06\/07\/festa-do-bolo-marca-abertura-do-ciclo\/","title":{"rendered":"\u201cFesta do Bolo\u201d marca abertura do ciclo junino em Riacho das Almas"},"content":{"rendered":"<div class=\"separator\" style=\"clear: both; text-align: center;\">\n<a href=\"https:\/\/1.bp.blogspot.com\/-snc3NRmxIxU\/Wxle10-ByoI\/AAAAAAAAzGw\/zw95N32yreMLBCEK-ZjvE6s5J79B3vejQCLcBGAs\/s1600\/festa.jpg\" imageanchor=\"1\" style=\"margin-left: 1em; margin-right: 1em;\"><img loading=\"lazy\" decoding=\"async\" border=\"0\" data-original-height=\"1149\" data-original-width=\"1600\" height=\"454\" src=\"http:\/\/blogdoedvaldomagalhaes.com.br\/wp-content\/uploads\/2018\/06\/festa.jpg\" width=\"640\" \/><\/a><\/div>\n<div style=\"text-align: justify;\">\n<\/div>\n<div style=\"text-align: justify;\">\nA \u201cFesta do Bolo\u201d, que chega \u00e0 9\u00aa edi\u00e7\u00e3o em 2018, \u00e9 o evento que abrir\u00e1 os festejos juninos em Riacho das Almas. A festa ser\u00e1 realizada neste s\u00e1bado (9) a partir das 21h na Rua Alexandre C\u00e9sar Bezerra, a principal via do bairro do Bairro Nova Esperan\u00e7a.<\/div>\n<div style=\"text-align: justify;\">\n<\/div>\n<div style=\"text-align: justify;\">\nNa comemora\u00e7\u00e3o, ser\u00e1 servido um bolo de 75 quilos que \u00e9 o s\u00edmbolo maior da festa. Ser\u00e3o distribu\u00eddos ainda refrigerantes e munguz\u00e1. A primeira atra\u00e7\u00e3o da noite ser\u00e1 a apresenta\u00e7\u00e3o da Quadrilha Arrasta P\u00e9. Depois, ser\u00e1 servido o bolo e ent\u00e3o, ser\u00e3o realizados shows com a Banda Forroz\u00e3o P\u00e9 de Molek e Renatto Vilela &amp; Banda. O evento \u00e9 gratuito.<\/div>\n","protected":false},"excerpt":{"rendered":"<p>A \u201cFesta do Bolo\u201d, que chega \u00e0 9\u00aa edi\u00e7\u00e3o em 2018, \u00e9 o evento que abrir\u00e1 os festejos juninos em&hellip;<\/p>\n","protected":false},"author":1,"featured_media":0,"comment_status":"open","ping_status":"open","sticky":false,"template":"","format":"standard","meta":{"footnotes":""},"categories":[1],"tags":[2266,2,6],"class_list":["post-2158","post","type-post","status-publish","format-standard","hentry","category-sem-categoria","tag-festa-do-bolo-marca-abertura-do-ciclo-junino-em-riacho-das-almas","tag-blog-do-edvaldo-magalhaes","tag-noticias"],"_links":{"self":[{"href":"https:\/\/blogdoedvaldomagalhaes.com.br\/index.php\/wp-json\/wp\/v2\/posts\/2158","targetHints":{"allow":["GET"]}}],"collection":[{"href":"https:\/\/blogdoedvaldomagalhaes.com.br\/index.php\/wp-json\/wp\/v2\/posts"}],"about":[{"href":"https:\/\/blogdoedvaldomagalhaes.com.br\/index.php\/wp-json\/wp\/v2\/types\/post"}],"author":[{"embeddable":true,"href":"https:\/\/blogdoedvaldomagalhaes.com.br\/index.php\/wp-json\/wp\/v2\/users\/1"}],"replies":[{"embeddable":true,"href":"https:\/\/blogdoedvaldomagalhaes.com.br\/index.php\/wp-json\/wp\/v2\/comments?post=2158"}],"version-history":[{"count":1,"href":"https:\/\/blogdoedvaldomagalhaes.com.br\/index.php\/wp-json\/wp\/v2\/posts\/2158\/revisions"}],"predecessor-version":[{"id":31559,"href":"https:\/\/blogdoedvaldomagalhaes.com.br\/index.php\/wp-json\/wp\/v2\/posts\/2158\/revisions\/31559"}],"wp:attachment":[{"href":"https:\/\/blogdoedvaldomagalhaes.com.br\/index.php\/wp-json\/wp\/v2\/media?parent=2158"}],"wp:term":[{"taxonomy":"category","embeddable":true,"href":"https:\/\/blogdoedvaldomagalhaes.com.br\/index.php\/wp-json\/wp\/v2\/categories?post=2158"},{"taxonomy":"post_tag","embeddable":true,"href":"https:\/\/blogdoedvaldomagalhaes.com.br\/index.php\/wp-json\/wp\/v2\/tags?post=2158"}],"curies":[{"name":"wp","href":"https:\/\/api.w.org\/{rel}","templated":true}]}}