{"id":2157,"date":"2018-06-07T16:45:00","date_gmt":"2018-06-07T19:45:00","guid":{"rendered":"http:\/\/blogdoedvaldomagalhaes.com.br\/index.php\/2018\/06\/07\/confira-os-horarios-dos-shows-desta\/"},"modified":"2019-02-09T02:18:16","modified_gmt":"2019-02-09T04:18:16","slug":"confira-os-horarios-dos-shows-desta","status":"publish","type":"post","link":"https:\/\/blogdoedvaldomagalhaes.com.br\/index.php\/2018\/06\/07\/confira-os-horarios-dos-shows-desta\/","title":{"rendered":"Confira os hor\u00e1rios dos shows desta sexta-feira (8) no S\u00e3o Jo\u00e3o de Caruaru"},"content":{"rendered":"<div class=\"separator\" style=\"clear: both; text-align: center;\">\n<a href=\"https:\/\/2.bp.blogspot.com\/-kvU50lNg5js\/WxlgtFOIvsI\/AAAAAAAAzG8\/ywDXrq4r5JkMFtNW6fquTcghoA3BSsdrwCLcBGAs\/s1600\/polo.jpg\" imageanchor=\"1\" style=\"margin-left: 1em; margin-right: 1em;\"><img loading=\"lazy\" decoding=\"async\" border=\"0\" data-original-height=\"427\" data-original-width=\"640\" height=\"426\" src=\"http:\/\/blogdoedvaldomagalhaes.com.br\/wp-content\/uploads\/2018\/06\/polo.jpg\" width=\"640\" \/><\/a><\/div>\n<div style=\"text-align: justify;\">\n<\/div>\n<div style=\"text-align: justify;\">\n\u00c9 nesta sexta-feira (8) que a Capital do Forr\u00f3 abre as portas para o Rock n\u2019 Roll. O ritmo ser\u00e1 protagonista na estreia do Polo Azul\u00e3o no S\u00e3o Jo\u00e3o 2018. Quatro atra\u00e7\u00f5es prometem levar um repert\u00f3rio cheiro de sucessos do rock, heavy metal e trash para o p\u00fablico a partir das 20h. A primeira banda a subir no palco \u00e9 Old Pack. Em seguida, tocam Hodus, Saga HC e Alkymenia.<\/div>\n<div style=\"text-align: justify;\">\n<\/div>\n<div style=\"text-align: justify;\">\nA festa segue na zona rural. A terceira parada do S\u00e3o Jo\u00e3o na Ro\u00e7a \u00e9 a Vila Ju\u00e1. Os moradores da comunidade poder\u00e3o aproveitar a festa a partir das 19h30. No caminh\u00e3o-palco, com decora\u00e7\u00e3o especial, a m\u00fasica ser\u00e1 comandada pelo Trio Fole de Ouro e pela Banda Forr\u00f3 D+. Haver\u00e1, ainda, barracas com comidas t\u00edpicas, bebidas e brincadeiras.<\/div>\n<div style=\"text-align: justify;\">\n<\/div>\n<div style=\"text-align: justify;\">\n\u00c0s 18h, o Polo do Repente recebe a declamadora Isabelly Moreira e os repentistas Afonso Pequeno e Evaldo Severino. O forr\u00f3 come\u00e7a \u00e0s 20h no Polo Juarez Santiago e ficar\u00e1 por conta dos trios Ca\u00e7ula do Forr\u00f3, Regional, Carrapicho e Mandacaru. No mesmo hor\u00e1rio, a Casa do Forr\u00f3 estar\u00e1 de portas abertas com show de Kiko Gomes. No Polo das Quadrilhas, as apresenta\u00e7\u00f5es tamb\u00e9m s\u00e3o \u00e0s 20h. A noite ter\u00e1 a beleza e criatividade da Quadrilha Flor do Caru\u00e1, Companhia Fl\u00e1vio Barbosa, Grupo de Dan\u00e7a Flor e Barro e Luz do Candeeiro.&nbsp; &nbsp;&nbsp;<\/div>\n<div style=\"text-align: justify;\">\n<\/div>\n<div style=\"text-align: justify;\">\nCapital Nordestina, Ed Lira e Totonho ir\u00e3o colocar os forrozeiros para dan\u00e7ar no Polo Mestre Camar\u00e3o. O forr\u00f3 para dan\u00e7ar agarradinho come\u00e7a \u00e0s 20h30. A noite do P\u00e1tio do Forr\u00f3 ser\u00e1 marcada pela diversidade de ritmos e pluralidade de artistas. O primeiro a subir no palco ser\u00e1 o forrozeiro Adelm\u00e1rio Coelho, \u00e0s 20h. Cavaleiros do Forr\u00f3 com um repert\u00f3rio de forr\u00f3 estilizado \u00e9 a segunda atra\u00e7\u00e3o da noite, que ainda ter\u00e1 Fl\u00e1vio Jos\u00e9 e o sertanejo Avine Vinny.&nbsp;Programa\u00e7\u00e3o:<\/div>\n<div style=\"text-align: justify;\">\n<\/div>\n<div style=\"text-align: justify;\">\n<b>Sexta-feira (8)<\/b><\/div>\n<div style=\"text-align: justify;\">\n<\/div>\n<div style=\"text-align: justify;\">\n<b>Polo Azul\u00e3o<\/b><\/div>\n<div style=\"text-align: justify;\">\n<\/div>\n<div style=\"text-align: justify;\">\n20h \u2013 Old Pack<\/div>\n<div style=\"text-align: justify;\">\n<\/div>\n<div style=\"text-align: justify;\">\n21h20 &#8211; Hodus<\/div>\n<div style=\"text-align: justify;\">\n<\/div>\n<div style=\"text-align: justify;\">\n22h40 \u2013 Saga Hc<\/div>\n<div style=\"text-align: justify;\">\n<\/div>\n<div style=\"text-align: justify;\">\n0h \u2013 Alkymenia<\/div>\n<div style=\"text-align: justify;\">\n<\/div>\n<div style=\"text-align: justify;\">\n<b>Polo S\u00e3o Jo\u00e3o Na Ro\u00e7a &#8211; Ju\u00e1<\/b><\/div>\n<div style=\"text-align: justify;\">\n<\/div>\n<div style=\"text-align: justify;\">\n19h30 \u2013 Trio Fole de Ouro<\/div>\n<div style=\"text-align: justify;\">\n<\/div>\n<div style=\"text-align: justify;\">\n22h \u2013 Forr\u00f3 D+<\/div>\n<div style=\"text-align: justify;\">\n<\/div>\n<div style=\"text-align: justify;\">\n<b>Polo do Repente<\/b><\/div>\n<div style=\"text-align: justify;\">\n<\/div>\n<div style=\"text-align: justify;\">\n18h &#8211;&nbsp; &nbsp;Isabelly Moreira (declamadora)<\/div>\n<div style=\"text-align: justify;\">\n<\/div>\n<div style=\"text-align: justify;\">\nAfonso Pequeno x Evaldo Severino<\/div>\n<div style=\"text-align: justify;\">\n<\/div>\n<div style=\"text-align: justify;\">\n<b>Polo Juarez Santiago<\/b><\/div>\n<div style=\"text-align: justify;\">\n<\/div>\n<div style=\"text-align: justify;\">\n20h \u2013 Trio Ca\u00e7ula do Forr\u00f3<\/div>\n<div style=\"text-align: justify;\">\n<\/div>\n<div style=\"text-align: justify;\">\n21h30 \u2013 Trio Regional<\/div>\n<div style=\"text-align: justify;\">\n<\/div>\n<div style=\"text-align: justify;\">\n23hh \u2013 Trio Carrapicho<\/div>\n<div style=\"text-align: justify;\">\n<\/div>\n<div style=\"text-align: justify;\">\n0h30 \u2013 Trio Mandacaru<\/div>\n<div style=\"text-align: justify;\">\n<\/div>\n<div style=\"text-align: justify;\">\n<b>Casa do Forr\u00f3<\/b><\/div>\n<div style=\"text-align: justify;\">\n<\/div>\n<div style=\"text-align: justify;\">\n20h \u2013 Show com Kiko Gomes<\/div>\n<div style=\"text-align: justify;\">\n<\/div>\n<div style=\"text-align: justify;\">\n<b>Polo das Quadrilhas<\/b><\/div>\n<div style=\"text-align: justify;\">\n<\/div>\n<div style=\"text-align: justify;\">\n20h \u2013 Quadrilha Flor do Caru\u00e1<\/div>\n<div style=\"text-align: justify;\">\n<\/div>\n<div style=\"text-align: justify;\">\n21h \u2013 Cia Fl\u00e1vio Barbosa<\/div>\n<div style=\"text-align: justify;\">\n<\/div>\n<div style=\"text-align: justify;\">\n22h \u2013 Grupo de Dan\u00e7a Flor e Barro<\/div>\n<div style=\"text-align: justify;\">\n<\/div>\n<div style=\"text-align: justify;\">\n23h \u2013 Luz do Candeeiro<\/div>\n<div style=\"text-align: justify;\">\n<\/div>\n<div style=\"text-align: justify;\">\n<b>Polo Mestre Camar\u00e3o<\/b><\/div>\n<div style=\"text-align: justify;\">\n<\/div>\n<div style=\"text-align: justify;\">\n20h30 \u2013 Capital Nordestina<\/div>\n<div style=\"text-align: justify;\">\n<\/div>\n<div style=\"text-align: justify;\">\n22h30 \u2013 Ed Lira<\/div>\n<div style=\"text-align: justify;\">\n<\/div>\n<div style=\"text-align: justify;\">\n0h30 &#8211; Totonho<\/div>\n<div style=\"text-align: justify;\">\n<\/div>\n<div style=\"text-align: justify;\">\n<b>P\u00e1tio de Eventos<\/b><\/div>\n<div style=\"text-align: justify;\">\n<\/div>\n<div style=\"text-align: justify;\">\n20h \u2013 Adelm\u00e1rio Coelho<\/div>\n<div style=\"text-align: justify;\">\n<\/div>\n<div style=\"text-align: justify;\">\n21h20 &#8211; Cavaleiros do Forr\u00f3<\/div>\n<div style=\"text-align: justify;\">\n<\/div>\n<div style=\"text-align: justify;\">\n22h50 &#8211; Fl\u00e1vio Jos\u00e9<\/div>\n<div style=\"text-align: justify;\">\n<\/div>\n<div style=\"text-align: justify;\">\n0h30 &#8211; Avine Vinny<\/div>\n<div style=\"text-align: justify;\">\n<\/div>\n<div style=\"text-align: justify;\">\n<\/div>\n","protected":false},"excerpt":{"rendered":"<p>\u00c9 nesta sexta-feira (8) que a Capital do Forr\u00f3 abre as portas para o Rock n\u2019 Roll. O ritmo ser\u00e1&hellip;<\/p>\n","protected":false},"author":1,"featured_media":0,"comment_status":"open","ping_status":"open","sticky":false,"template":"","format":"standard","meta":{"footnotes":""},"categories":[1],"tags":[2,2265,6],"class_list":["post-2157","post","type-post","status-publish","format-standard","hentry","category-sem-categoria","tag-blog-do-edvaldo-magalhaes","tag-confira-os-horarios-dos-shows-desta-sexta-feira-8-no-sao-joao-de-caruaru","tag-noticias"],"_links":{"self":[{"href":"https:\/\/blogdoedvaldomagalhaes.com.br\/index.php\/wp-json\/wp\/v2\/posts\/2157","targetHints":{"allow":["GET"]}}],"collection":[{"href":"https:\/\/blogdoedvaldomagalhaes.com.br\/index.php\/wp-json\/wp\/v2\/posts"}],"about":[{"href":"https:\/\/blogdoedvaldomagalhaes.com.br\/index.php\/wp-json\/wp\/v2\/types\/post"}],"author":[{"embeddable":true,"href":"https:\/\/blogdoedvaldomagalhaes.com.br\/index.php\/wp-json\/wp\/v2\/users\/1"}],"replies":[{"embeddable":true,"href":"https:\/\/blogdoedvaldomagalhaes.com.br\/index.php\/wp-json\/wp\/v2\/comments?post=2157"}],"version-history":[{"count":1,"href":"https:\/\/blogdoedvaldomagalhaes.com.br\/index.php\/wp-json\/wp\/v2\/posts\/2157\/revisions"}],"predecessor-version":[{"id":31561,"href":"https:\/\/blogdoedvaldomagalhaes.com.br\/index.php\/wp-json\/wp\/v2\/posts\/2157\/revisions\/31561"}],"wp:attachment":[{"href":"https:\/\/blogdoedvaldomagalhaes.com.br\/index.php\/wp-json\/wp\/v2\/media?parent=2157"}],"wp:term":[{"taxonomy":"category","embeddable":true,"href":"https:\/\/blogdoedvaldomagalhaes.com.br\/index.php\/wp-json\/wp\/v2\/categories?post=2157"},{"taxonomy":"post_tag","embeddable":true,"href":"https:\/\/blogdoedvaldomagalhaes.com.br\/index.php\/wp-json\/wp\/v2\/tags?post=2157"}],"curies":[{"name":"wp","href":"https:\/\/api.w.org\/{rel}","templated":true}]}}