{"id":2156,"date":"2018-06-07T16:55:00","date_gmt":"2018-06-07T19:55:00","guid":{"rendered":"http:\/\/blogdoedvaldomagalhaes.com.br\/index.php\/2018\/06\/07\/servicos-gratuitos-de-afericao-de\/"},"modified":"2019-02-09T02:18:16","modified_gmt":"2019-02-09T04:18:16","slug":"servicos-gratuitos-de-afericao-de","status":"publish","type":"post","link":"https:\/\/blogdoedvaldomagalhaes.com.br\/index.php\/2018\/06\/07\/servicos-gratuitos-de-afericao-de\/","title":{"rendered":"Servi\u00e7os gratuitos de aferi\u00e7\u00e3o de press\u00e3o, teste de vis\u00e3o, tipagem sangu\u00ednea, corte de cabelo, emiss\u00e3o de CPF em Caruaru nesta sexta (8)"},"content":{"rendered":"<div class=\"separator\" style=\"clear: both; text-align: center;\">\n<a href=\"https:\/\/4.bp.blogspot.com\/-8SvNwqBBePo\/WxljdVvmKBI\/AAAAAAAAzHM\/zfC8Yq87IMk6-4caMG0o8zAJSr-aoCExQCLcBGAs\/s1600\/esolca.jpg\" imageanchor=\"1\" style=\"margin-left: 1em; margin-right: 1em;\"><img loading=\"lazy\" decoding=\"async\" border=\"0\" data-original-height=\"1200\" data-original-width=\"1600\" height=\"480\" src=\"http:\/\/blogdoedvaldomagalhaes.com.br\/wp-content\/uploads\/2018\/06\/esolca.jpg\" width=\"640\" \/><\/a><\/div>\n<div style=\"text-align: justify;\">\nO Col\u00e9gio Municipal Professor Luiz Pessoa realizar\u00e1, nesta sexta-feira (08), a partir das 13h, o I Encontro da Fam\u00edlia da Escola. O evento tem como objetivo beneficiar a comunidade do bairro Santa Rosa e localidades vizinhas com servi\u00e7os sociais.<\/div>\n<div style=\"text-align: justify;\">\nA programa\u00e7\u00e3o \u00e9 vasta e oferecer\u00e1 aferi\u00e7\u00e3o de press\u00e3o, teste de vis\u00e3o, tipagem sangu\u00ednea, palestras, gin\u00e1stica laboral, corte de cabelo, alimenta\u00e7\u00e3o saud\u00e1vel, emiss\u00e3o de CPF, recrea\u00e7\u00e3o e apresenta\u00e7\u00f5es culturais.<\/div>\n<div style=\"text-align: justify;\">\n<\/div>\n<div style=\"text-align: justify;\">\nO I Encontro da Fam\u00edlia na Escola \u00e9 aberto ao p\u00fablico e os servi\u00e7os ser\u00e3o oferecidos gratuitamente, em parceria com o Governo Presente, ASCES-UNITA e CEBRAC.<\/div>\n","protected":false},"excerpt":{"rendered":"<p>O Col\u00e9gio Municipal Professor Luiz Pessoa realizar\u00e1, nesta sexta-feira (08), a partir das 13h, o I Encontro da Fam\u00edlia da&hellip;<\/p>\n","protected":false},"author":1,"featured_media":0,"comment_status":"open","ping_status":"open","sticky":false,"template":"","format":"standard","meta":{"footnotes":""},"categories":[1],"tags":[2,2260,2261,6,2262,2263,2264],"class_list":["post-2156","post","type-post","status-publish","format-standard","hentry","category-sem-categoria","tag-blog-do-edvaldo-magalhaes","tag-corte-de-cabelo","tag-emissao-de-cpf-em-caruaru-nesta-sexta-8","tag-noticias","tag-servicos-gratuitos-de-afericao-de-pressao","tag-teste-de-visao","tag-tipagem-sanguinea"],"_links":{"self":[{"href":"https:\/\/blogdoedvaldomagalhaes.com.br\/index.php\/wp-json\/wp\/v2\/posts\/2156","targetHints":{"allow":["GET"]}}],"collection":[{"href":"https:\/\/blogdoedvaldomagalhaes.com.br\/index.php\/wp-json\/wp\/v2\/posts"}],"about":[{"href":"https:\/\/blogdoedvaldomagalhaes.com.br\/index.php\/wp-json\/wp\/v2\/types\/post"}],"author":[{"embeddable":true,"href":"https:\/\/blogdoedvaldomagalhaes.com.br\/index.php\/wp-json\/wp\/v2\/users\/1"}],"replies":[{"embeddable":true,"href":"https:\/\/blogdoedvaldomagalhaes.com.br\/index.php\/wp-json\/wp\/v2\/comments?post=2156"}],"version-history":[{"count":1,"href":"https:\/\/blogdoedvaldomagalhaes.com.br\/index.php\/wp-json\/wp\/v2\/posts\/2156\/revisions"}],"predecessor-version":[{"id":31563,"href":"https:\/\/blogdoedvaldomagalhaes.com.br\/index.php\/wp-json\/wp\/v2\/posts\/2156\/revisions\/31563"}],"wp:attachment":[{"href":"https:\/\/blogdoedvaldomagalhaes.com.br\/index.php\/wp-json\/wp\/v2\/media?parent=2156"}],"wp:term":[{"taxonomy":"category","embeddable":true,"href":"https:\/\/blogdoedvaldomagalhaes.com.br\/index.php\/wp-json\/wp\/v2\/categories?post=2156"},{"taxonomy":"post_tag","embeddable":true,"href":"https:\/\/blogdoedvaldomagalhaes.com.br\/index.php\/wp-json\/wp\/v2\/tags?post=2156"}],"curies":[{"name":"wp","href":"https:\/\/api.w.org\/{rel}","templated":true}]}}