{"id":2153,"date":"2018-06-07T22:13:00","date_gmt":"2018-06-08T01:13:00","guid":{"rendered":"http:\/\/blogdoedvaldomagalhaes.com.br\/index.php\/2018\/06\/07\/mapa-ilustrado-de-caruaru-vira-guia-de\/"},"modified":"2019-02-09T02:18:18","modified_gmt":"2019-02-09T04:18:18","slug":"mapa-ilustrado-de-caruaru-vira-guia-de","status":"publish","type":"post","link":"https:\/\/blogdoedvaldomagalhaes.com.br\/index.php\/2018\/06\/07\/mapa-ilustrado-de-caruaru-vira-guia-de\/","title":{"rendered":"Mapa ilustrado de Caruaru vira guia de turismo da cidade"},"content":{"rendered":"<div class=\"separator\" style=\"clear: both; text-align: center;\">\n<a href=\"https:\/\/2.bp.blogspot.com\/-G86L51KUl_E\/Wxmt3OGXgMI\/AAAAAAAAzIQ\/Nljn2o6HRzM1VIWwkQv6p5SknGB2gOULwCLcBGAs\/s1600\/mapa%2B1.jpg\" imageanchor=\"1\" style=\"margin-left: 1em; margin-right: 1em;\"><img loading=\"lazy\" decoding=\"async\" border=\"0\" data-original-height=\"1147\" data-original-width=\"1600\" height=\"454\" src=\"http:\/\/blogdoedvaldomagalhaes.com.br\/wp-content\/uploads\/2018\/06\/mapa1.jpg\" width=\"640\" \/><\/a><\/div>\n<div style=\"text-align: justify;\">\n<\/div>\n<div style=\"text-align: justify;\">\nAproveitando o grande fluxo de turistas que circulam por Caruaru no m\u00eas de junho, a Prefeitura Municipal, atrav\u00e9s da Ger\u00eancia de Turismo, criou um folder com um mapa ilustrado, contendo os principais pontos tur\u00edsticos, culturais e hist\u00f3ricos da cidade, que ser\u00e1 distribu\u00eddo nos pontos de maior visita\u00e7\u00e3o do munic\u00edpio.<\/div>\n<div style=\"text-align: justify;\">\n<\/div>\n<div style=\"text-align: justify;\">\nO material est\u00e1 sendo entregue em toda a rede hoteleira e museus do munic\u00edpio, al\u00e9m dos quatro Centros de Atendimento ao Turista (CAT), que ficam no Alto do Moura, na Feira de Artesanato, no Monte Bom Jesus \u2013 rec\u00e9m-inaugurado e na Esta\u00e7\u00e3o Ferrovi\u00e1ria \u2013 durante os festejos juninos.<\/div>\n<div style=\"text-align: justify;\">\n<\/div>\n<div style=\"text-align: justify;\">\nO mapa cont\u00e9m legendas indicando os principais hot\u00e9is da cidade, al\u00e9m de monumentos hist\u00f3ricos e um exclusivo com as 16 feiras que fazem parte da Feira de Caruaru. O Alto do Moura tamb\u00e9m ganha destaque no material, com uma p\u00e1gina dedicada inteiramente ao local, al\u00e9m de legenda com 12 memoriais de fam\u00edlias tradicionais na arte do barro.<\/div>\n<div style=\"text-align: justify;\">\n<\/div>\n<div style=\"text-align: justify;\">\nQuem assina a obra \u00e9 o designer Terciano Torres, que, ao tratado visual e geogr\u00e1fico, agrega personagens e elementos que marcam a identidade dos lugares, com passagens que contam o diferencial de cada \u00e9poca retratada, com gra\u00e7a e humor. Os estudos de arquitetura na juventude e o apuro para o desenho livre e de ilustra\u00e7\u00e3o foram fatores importantes para catalisar uma linguagem pr\u00f3pria. O artista soube unir esses valores \u00e0 pesquisa hist\u00f3rica para desenvolver uma obra refinada em detalhes, cujo levantamento do repert\u00f3rio visual e dos fatos da \u00e9poca fazem toda a diferen\u00e7a.<\/div>\n<div style=\"text-align: justify;\">\n<\/div>\n<div style=\"text-align: justify;\">\nSobre os CAT\u2019s \u2013 Atualmente, h\u00e1 quatro Centros de Atendimento ao Turista em Caruaru. No m\u00eas de junho, eles operam com um hor\u00e1rio diferenciado. O CAT da Esta\u00e7\u00e3o Ferrovi\u00e1ria, em funcionamento apenas na festa junina, est\u00e1 aberto ao p\u00fablico de quarta a domingo, das 14h \u00e0 0h. Os centros do Alto do Moura, da Feira de Artesanato e o rec\u00e9m-inaugurado no Monte Bom Jesus funcionam de ter\u00e7a a domingo, das 9h \u00e0s 18h. Os CAT\u2019s oferecem informa\u00e7\u00f5es sobre hot\u00e9is e pousadas, restaurantes, programa\u00e7\u00e3o de todos os polos e venda de souvenirs com a identidade do S\u00e3o Jo\u00e3o, como canecas, squeezes, camisas e canetas.<\/div>\n","protected":false},"excerpt":{"rendered":"<p>Aproveitando o grande fluxo de turistas que circulam por Caruaru no m\u00eas de junho, a Prefeitura Municipal, atrav\u00e9s da Ger\u00eancia&hellip;<\/p>\n","protected":false},"author":1,"featured_media":0,"comment_status":"open","ping_status":"open","sticky":false,"template":"","format":"standard","meta":{"footnotes":""},"categories":[1],"tags":[2,2256,6],"class_list":["post-2153","post","type-post","status-publish","format-standard","hentry","category-sem-categoria","tag-blog-do-edvaldo-magalhaes","tag-mapa-ilustrado-de-caruaru-vira-guia-de-turismo-da-cidade","tag-noticias"],"_links":{"self":[{"href":"https:\/\/blogdoedvaldomagalhaes.com.br\/index.php\/wp-json\/wp\/v2\/posts\/2153","targetHints":{"allow":["GET"]}}],"collection":[{"href":"https:\/\/blogdoedvaldomagalhaes.com.br\/index.php\/wp-json\/wp\/v2\/posts"}],"about":[{"href":"https:\/\/blogdoedvaldomagalhaes.com.br\/index.php\/wp-json\/wp\/v2\/types\/post"}],"author":[{"embeddable":true,"href":"https:\/\/blogdoedvaldomagalhaes.com.br\/index.php\/wp-json\/wp\/v2\/users\/1"}],"replies":[{"embeddable":true,"href":"https:\/\/blogdoedvaldomagalhaes.com.br\/index.php\/wp-json\/wp\/v2\/comments?post=2153"}],"version-history":[{"count":1,"href":"https:\/\/blogdoedvaldomagalhaes.com.br\/index.php\/wp-json\/wp\/v2\/posts\/2153\/revisions"}],"predecessor-version":[{"id":31571,"href":"https:\/\/blogdoedvaldomagalhaes.com.br\/index.php\/wp-json\/wp\/v2\/posts\/2153\/revisions\/31571"}],"wp:attachment":[{"href":"https:\/\/blogdoedvaldomagalhaes.com.br\/index.php\/wp-json\/wp\/v2\/media?parent=2153"}],"wp:term":[{"taxonomy":"category","embeddable":true,"href":"https:\/\/blogdoedvaldomagalhaes.com.br\/index.php\/wp-json\/wp\/v2\/categories?post=2153"},{"taxonomy":"post_tag","embeddable":true,"href":"https:\/\/blogdoedvaldomagalhaes.com.br\/index.php\/wp-json\/wp\/v2\/tags?post=2153"}],"curies":[{"name":"wp","href":"https:\/\/api.w.org\/{rel}","templated":true}]}}