{"id":2151,"date":"2018-06-07T22:29:00","date_gmt":"2018-06-08T01:29:00","guid":{"rendered":"http:\/\/blogdoedvaldomagalhaes.com.br\/index.php\/2018\/06\/07\/policia-civil-prende-em-bezerros-home\/"},"modified":"2019-02-09T02:18:20","modified_gmt":"2019-02-09T04:18:20","slug":"policia-civil-prende-em-bezerros-home","status":"publish","type":"post","link":"https:\/\/blogdoedvaldomagalhaes.com.br\/index.php\/2018\/06\/07\/policia-civil-prende-em-bezerros-home\/","title":{"rendered":"Pol\u00edcia Civil prende em Bezerros homem que furtava \u00e1gua da Compesa para vender"},"content":{"rendered":"<div class=\"separator\" style=\"clear: both; text-align: center;\">\n<a href=\"https:\/\/1.bp.blogspot.com\/-EL9W9-cu8y0\/WxmxojRz1yI\/AAAAAAAAzIk\/IFZDZoZzwjwyFaAvjEwh8umTCz-_7MAZACLcBGAs\/s1600\/bexzerros.jpeg\" imageanchor=\"1\" style=\"margin-left: 1em; margin-right: 1em;\"><img loading=\"lazy\" decoding=\"async\" border=\"0\" data-original-height=\"360\" data-original-width=\"640\" height=\"360\" src=\"http:\/\/blogdoedvaldomagalhaes.com.br\/wp-content\/uploads\/2018\/06\/bexzerros.jpeg\" width=\"640\" \/><\/a><\/div>\n<div class=\"separator\" style=\"clear: both; text-align: center;\">\nFotos: Compesa\/Divulga\u00e7\u00e3o<\/div>\n<div style=\"background-color: white; box-sizing: border-box; line-height: 24px; margin-bottom: 10px; text-align: justify;\">\n<\/div>\n<div style=\"background-color: white; box-sizing: border-box; line-height: 24px; margin-bottom: 10px; text-align: justify;\">\nPoliciais civis de Bezerros, sob o comando do Delegado Humberto Pimentel, receberam a den\u00fancia que no bairro de S\u00e3o Sebasti\u00e3o havia um poss\u00edvel caso de furto de \u00e1gua. Juntamente com uma equipe da Compesa, foi localizada a liga\u00e7\u00e3o clandestina.<\/p>\n<div class=\"separator\" style=\"clear: both; text-align: center;\">\n<a href=\"https:\/\/3.bp.blogspot.com\/-NDKukxRC5ho\/Wxmyzux6e4I\/AAAAAAAAzIw\/2FhYVn_WCzMpbQoLeZSXkIFCKT_8IH7LACLcBGAs\/s1600\/agua.jpg\" imageanchor=\"1\" style=\"margin-left: 1em; margin-right: 1em;\"><img loading=\"lazy\" decoding=\"async\" border=\"0\" data-original-height=\"392\" data-original-width=\"696\" height=\"360\" src=\"http:\/\/blogdoedvaldomagalhaes.com.br\/wp-content\/uploads\/2018\/06\/agua.jpg\" width=\"640\" \/><\/a><\/div>\n<p><\/div>\n<div style=\"background-color: white; box-sizing: border-box; line-height: 24px; margin-bottom: 10px; text-align: justify;\">\nO propriet\u00e1rio da resid\u00eancia, Paulo Fernando Lira e Silva, 52 anos, desviava a \u00e1gua para comercializar em um carro-pipa. Segundo investiga\u00e7\u00e3o, o furto ocorria h\u00e1 cerca de dois anos causando um preju\u00edzo estimado de quase 200 mil reais.<\/div>\n<div style=\"background-color: white; box-sizing: border-box; line-height: 24px; margin-bottom: 10px; text-align: justify;\">\nPaulo Fernando foi autuado em flagrante, pagou fian\u00e7a no valor de 10 mil reais e responder\u00e1 a processo criminal em liberdade.<\/div>\n","protected":false},"excerpt":{"rendered":"<p>Fotos: Compesa\/Divulga\u00e7\u00e3o Policiais civis de Bezerros, sob o comando do Delegado Humberto Pimentel, receberam a den\u00fancia que no bairro de&hellip;<\/p>\n","protected":false},"author":1,"featured_media":0,"comment_status":"open","ping_status":"open","sticky":false,"template":"","format":"standard","meta":{"footnotes":""},"categories":[1],"tags":[2,2254,13],"class_list":["post-2151","post","type-post","status-publish","format-standard","hentry","category-sem-categoria","tag-blog-do-edvaldo-magalhaes","tag-policia-civil-prende-em-bezerros-homem-que-furtava-agua-da-compesa-para-vender","tag-policial"],"_links":{"self":[{"href":"https:\/\/blogdoedvaldomagalhaes.com.br\/index.php\/wp-json\/wp\/v2\/posts\/2151","targetHints":{"allow":["GET"]}}],"collection":[{"href":"https:\/\/blogdoedvaldomagalhaes.com.br\/index.php\/wp-json\/wp\/v2\/posts"}],"about":[{"href":"https:\/\/blogdoedvaldomagalhaes.com.br\/index.php\/wp-json\/wp\/v2\/types\/post"}],"author":[{"embeddable":true,"href":"https:\/\/blogdoedvaldomagalhaes.com.br\/index.php\/wp-json\/wp\/v2\/users\/1"}],"replies":[{"embeddable":true,"href":"https:\/\/blogdoedvaldomagalhaes.com.br\/index.php\/wp-json\/wp\/v2\/comments?post=2151"}],"version-history":[{"count":1,"href":"https:\/\/blogdoedvaldomagalhaes.com.br\/index.php\/wp-json\/wp\/v2\/posts\/2151\/revisions"}],"predecessor-version":[{"id":31576,"href":"https:\/\/blogdoedvaldomagalhaes.com.br\/index.php\/wp-json\/wp\/v2\/posts\/2151\/revisions\/31576"}],"wp:attachment":[{"href":"https:\/\/blogdoedvaldomagalhaes.com.br\/index.php\/wp-json\/wp\/v2\/media?parent=2151"}],"wp:term":[{"taxonomy":"category","embeddable":true,"href":"https:\/\/blogdoedvaldomagalhaes.com.br\/index.php\/wp-json\/wp\/v2\/categories?post=2151"},{"taxonomy":"post_tag","embeddable":true,"href":"https:\/\/blogdoedvaldomagalhaes.com.br\/index.php\/wp-json\/wp\/v2\/tags?post=2151"}],"curies":[{"name":"wp","href":"https:\/\/api.w.org\/{rel}","templated":true}]}}